{"id":145667,"date":"2022-03-22T17:28:00","date_gmt":"2022-03-22T20:28:00","guid":{"rendered":"https:\/\/www.hoymercedes.com.ar\/principal\/?p=145667"},"modified":"2022-03-22T13:32:49","modified_gmt":"2022-03-22T16:32:49","slug":"mito-o-realidad-se-debe-o-no-apagar-el-celular-al-cargarlo","status":"publish","type":"post","link":"https:\/\/www.hoymercedes.com.ar\/principal\/2022\/03\/22\/mito-o-realidad-se-debe-o-no-apagar-el-celular-al-cargarlo\/","title":{"rendered":"Mito o realidad: \u00bfse debe o no apagar el celular al cargarlo?"},"content":{"rendered":"\n<p>Con el fin de mejorar el rendimiento de nuestros dispositivos m\u00f3viles, en esta nota te ense\u00f1amos algunos trucos para optimizar tu bater\u00eda al m\u00e1ximo cuidando su vida \u00fatil. En ese sentido, la primera de las recomendaciones es apagar el dispositivo mientras se encuentra cargando.<\/p>\n\n\n\n<p>Este truco sirve en varios aspectos: si lo haces de noche, evitar\u00e1s el encendido de sonidos o luces por las notificaciones de las aplicaciones que contin\u00faan funcionando en segundo plano.<\/p>\n\n\n\n<p>Pero tambi\u00e9n, implican un ahorro: al estar apagado, el dispositivo s\u00f3lo \u00abtrabaja\u00bb en la carga del mismo (si est\u00e1 conectado). Y, al llegar al cien por ciento, no comienza a descargarse, hasta no ser encendido nuevamente.<\/p>\n\n\n\n<p>Es decir, s\u00f3lo consumir\u00e1 en el momento del encendido, por lo que permitir\u00e1 que dure m\u00e1s tiempo en el momento en que cada usuario lo necesite y no se malgaste en tiempos donde, por ejemplo, dormimos.<\/p>\n\n\n\n<p>Cabe destacar que otros de los beneficios que tiene cargar el celular estando apagado es que carga m\u00e1s r\u00e1pido, ya que al no haber consumo de la misma, la recarga se logra antes, y por ende, m\u00e1s r\u00e1pido en comparaci\u00f3n a cuando lo seguimos utilizando estando enchufado. <\/p>\n\n\n\n<p>Fuente: GLP (<a href=\"https:\/\/www.grupolaprovincia.com\/\" target=\"_blank\" rel=\"noreferrer noopener\">grupolaprovincia.com<\/a>)<\/p>\n","protected":false},"excerpt":{"rendered":"<p>Con el fin de mejorar el rendimiento de nuestros dispositivos m\u00f3viles, en esta nota te ense\u00f1amos algunos trucos para optimizar &#8230; <a title=\"Mito o realidad: \u00bfse debe o no apagar el celular al cargarlo?\" class=\"read-more\" href=\"https:\/\/www.hoymercedes.com.ar\/principal\/2022\/03\/22\/mito-o-realidad-se-debe-o-no-apagar-el-celular-al-cargarlo\/\" aria-label=\"Leer m\u00e1s sobre Mito o realidad: \u00bfse debe o no apagar el celular al cargarlo?\">Leer m\u00e1s<\/a><\/p>\n","protected":false},"author":1,"featured_media":89940,"comment_status":"closed","ping_status":"open","sticky":false,"template":"","format":"standard","meta":{"_monsterinsights_skip_tracking":false,"_monsterinsights_sitenote_active":false,"_monsterinsights_sitenote_note":"","_monsterinsights_sitenote_category":0,"jetpack_post_was_ever_published":false,"_jetpack_newsletter_access":"","_jetpack_dont_email_post_to_subs":false,"_jetpack_newsletter_tier_id":0,"_jetpack_memberships_contains_paywalled_content":false,"_jetpack_memberships_contains_paid_content":false,"footnotes":"","jetpack_publicize_message":"","jetpack_publicize_feature_enabled":true,"jetpack_social_post_already_shared":true,"jetpack_social_options":{"image_generator_settings":{"template":"highway","default_image_id":0,"font":"","enabled":false},"version":2},"_wpas_customize_per_network":false},"categories":[17092],"tags":[],"class_list":["post-145667","post","type-post","status-publish","format-standard","has-post-thumbnail","hentry","category-tie-tech","generate-columns","tablet-grid-50","mobile-grid-100","grid-parent","grid-50"],"jetpack_publicize_connections":[],"jetpack_featured_media_url":"https:\/\/www.hoymercedes.com.ar\/principal\/wp-content\/uploads\/2019\/03\/22-uso-celulares.jpg","wps_subtitle":"","jetpack_sharing_enabled":true,"_links":{"self":[{"href":"https:\/\/www.hoymercedes.com.ar\/principal\/wp-json\/wp\/v2\/posts\/145667","targetHints":{"allow":["GET"]}}],"collection":[{"href":"https:\/\/www.hoymercedes.com.ar\/principal\/wp-json\/wp\/v2\/posts"}],"about":[{"href":"https:\/\/www.hoymercedes.com.ar\/principal\/wp-json\/wp\/v2\/types\/post"}],"author":[{"embeddable":true,"href":"https:\/\/www.hoymercedes.com.ar\/principal\/wp-json\/wp\/v2\/users\/1"}],"replies":[{"embeddable":true,"href":"https:\/\/www.hoymercedes.com.ar\/principal\/wp-json\/wp\/v2\/comments?post=145667"}],"version-history":[{"count":0,"href":"https:\/\/www.hoymercedes.com.ar\/principal\/wp-json\/wp\/v2\/posts\/145667\/revisions"}],"wp:featuredmedia":[{"embeddable":true,"href":"https:\/\/www.hoymercedes.com.ar\/principal\/wp-json\/wp\/v2\/media\/89940"}],"wp:attachment":[{"href":"https:\/\/www.hoymercedes.com.ar\/principal\/wp-json\/wp\/v2\/media?parent=145667"}],"wp:term":[{"taxonomy":"category","embeddable":true,"href":"https:\/\/www.hoymercedes.com.ar\/principal\/wp-json\/wp\/v2\/categories?post=145667"},{"taxonomy":"post_tag","embeddable":true,"href":"https:\/\/www.hoymercedes.com.ar\/principal\/wp-json\/wp\/v2\/tags?post=145667"}],"curies":[{"name":"wp","href":"https:\/\/api.w.org\/{rel}","templated":true}]}}