{"id":145766,"date":"2022-03-24T13:10:49","date_gmt":"2022-03-24T16:10:49","guid":{"rendered":"https:\/\/www.hoymercedes.com.ar\/principal\/?p=145766"},"modified":"2022-03-24T13:10:57","modified_gmt":"2022-03-24T16:10:57","slug":"tarde-murguera-en-el-hogar-villa-abrille","status":"publish","type":"post","link":"https:\/\/www.hoymercedes.com.ar\/principal\/2022\/03\/24\/tarde-murguera-en-el-hogar-villa-abrille\/","title":{"rendered":"Tarde murguera en el Hogar Villa Abrille"},"content":{"rendered":"\n<p>Este s\u00e1bado 26 de marzo, a las 17:00 horas, la Direcci\u00f3n de Adultos Mayores Municipal llevar\u00e1 adelante la \u201cTarde de Carnaval en el Hogar Villa Abrille\u201d. Las murgas \u00abSomos lo que Somos\u00bb e Ilusi\u00f3n Murguera estar\u00e1n actuando para los residentes del hogar y los vecinos que quieran participar ya que ser\u00e1 abierto a la comunidad. <\/p>\n\n\n\n<p>Mat\u00edas Tabossi qui\u00e9n es coordinador del Hogar Villa Abrille, se\u00f1al\u00f3 \u201ctodos los a\u00f1os, excepto el a\u00f1o pasado, por una cuesti\u00f3n l\u00f3gica, llevamos adelante esta acci\u00f3n, que trata que los residentes tengan su carnaval, por as\u00ed decirlo\u201d y a\u00f1adi\u00f3 \u201cpor la tarde van a venir murgas, ser\u00e1 sobre la calle 25, entre 16 y 18, para que los residentes, sus familias y todas las personas que quieran se puedan acercar a las puertas del Hogar y pasarla bien\u201d. \u00a0<\/p>\n\n\n\n<p>\u201cVa a haber murgas y comparsas, estar\u00e1 todo adornado y desde ya invitamos a todos los que quieran ir a pasar un lindo momento\u201d expres\u00f3 Tabossi y agreg\u00f3 \u201cse pueden venir con el mate, va a haber sillas, vimos que el clima nos va a acompa\u00f1ar\u201d. Asimismo, el coordinador inform\u00f3 \u201cva a estar la murga Somos Lo Que Somos, Ilusi\u00f3n Murguera y estamos esperando m\u00e1s confirmaciones para esta fiesta que luego de la pandemia estamos retomando\u201d. \u00a0<\/p>\n","protected":false},"excerpt":{"rendered":"<p>Este s\u00e1bado 26 de marzo, a las 17:00 horas, la Direcci\u00f3n de Adultos Mayores Municipal llevar\u00e1 adelante la \u201cTarde de &#8230; <a title=\"Tarde murguera en el Hogar Villa Abrille\" class=\"read-more\" href=\"https:\/\/www.hoymercedes.com.ar\/principal\/2022\/03\/24\/tarde-murguera-en-el-hogar-villa-abrille\/\" aria-label=\"Leer m\u00e1s sobre Tarde murguera en el Hogar Villa Abrille\">Leer m\u00e1s<\/a><\/p>\n","protected":false},"author":1,"featured_media":77855,"comment_status":"closed","ping_status":"open","sticky":false,"template":"","format":"standard","meta":{"_monsterinsights_skip_tracking":false,"_monsterinsights_sitenote_active":false,"_monsterinsights_sitenote_note":"","_monsterinsights_sitenote_category":0,"jetpack_post_was_ever_published":false,"_jetpack_newsletter_access":"","_jetpack_dont_email_post_to_subs":false,"_jetpack_newsletter_tier_id":0,"_jetpack_memberships_contains_paywalled_content":false,"_jetpack_memberships_contains_paid_content":false,"footnotes":"","jetpack_publicize_message":"","jetpack_publicize_feature_enabled":true,"jetpack_social_post_already_shared":true,"jetpack_social_options":{"image_generator_settings":{"template":"highway","default_image_id":0,"font":"","enabled":false},"version":2},"_wpas_customize_per_network":false},"categories":[30],"tags":[244],"class_list":["post-145766","post","type-post","status-publish","format-standard","has-post-thumbnail","hentry","category-municipio","tag-municipio-2","generate-columns","tablet-grid-50","mobile-grid-100","grid-parent","grid-50"],"jetpack_publicize_connections":[],"jetpack_featured_media_url":"https:\/\/www.hoymercedes.com.ar\/principal\/wp-content\/uploads\/2018\/06\/obras-villaabrille.jpg","wps_subtitle":"","jetpack_sharing_enabled":true,"_links":{"self":[{"href":"https:\/\/www.hoymercedes.com.ar\/principal\/wp-json\/wp\/v2\/posts\/145766","targetHints":{"allow":["GET"]}}],"collection":[{"href":"https:\/\/www.hoymercedes.com.ar\/principal\/wp-json\/wp\/v2\/posts"}],"about":[{"href":"https:\/\/www.hoymercedes.com.ar\/principal\/wp-json\/wp\/v2\/types\/post"}],"author":[{"embeddable":true,"href":"https:\/\/www.hoymercedes.com.ar\/principal\/wp-json\/wp\/v2\/users\/1"}],"replies":[{"embeddable":true,"href":"https:\/\/www.hoymercedes.com.ar\/principal\/wp-json\/wp\/v2\/comments?post=145766"}],"version-history":[{"count":0,"href":"https:\/\/www.hoymercedes.com.ar\/principal\/wp-json\/wp\/v2\/posts\/145766\/revisions"}],"wp:featuredmedia":[{"embeddable":true,"href":"https:\/\/www.hoymercedes.com.ar\/principal\/wp-json\/wp\/v2\/media\/77855"}],"wp:attachment":[{"href":"https:\/\/www.hoymercedes.com.ar\/principal\/wp-json\/wp\/v2\/media?parent=145766"}],"wp:term":[{"taxonomy":"category","embeddable":true,"href":"https:\/\/www.hoymercedes.com.ar\/principal\/wp-json\/wp\/v2\/categories?post=145766"},{"taxonomy":"post_tag","embeddable":true,"href":"https:\/\/www.hoymercedes.com.ar\/principal\/wp-json\/wp\/v2\/tags?post=145766"}],"curies":[{"name":"wp","href":"https:\/\/api.w.org\/{rel}","templated":true}]}}