{"id":145802,"date":"2022-03-25T12:05:40","date_gmt":"2022-03-25T15:05:40","guid":{"rendered":"https:\/\/www.hoymercedes.com.ar\/principal\/?p=145802"},"modified":"2022-03-25T12:05:49","modified_gmt":"2022-03-25T15:05:49","slug":"ex-pacientes-covid-son-mas-propensos-a-contraer-una-diabetes-grave","status":"publish","type":"post","link":"https:\/\/www.hoymercedes.com.ar\/principal\/2022\/03\/25\/ex-pacientes-covid-son-mas-propensos-a-contraer-una-diabetes-grave\/","title":{"rendered":"Ex pacientes Covid son m\u00e1s propensos a contraer una diabetes grave"},"content":{"rendered":"\n<p><strong><em>En la diabetes mellitus no insulinoindependiente o de tipo 2, los niveles de glucosa o az\u00facar en la sangre son demasiado altos. Y aunque puede regularse con una buena alimentaci\u00f3n y actividad f\u00edsica entre otros cuidados, es altamente preocupante.<\/em><\/strong><\/p>\n\n\n\n<div class=\"wp-block-image\"><figure class=\"aligncenter\"><img decoding=\"async\" src=\"https:\/\/d1iibezb83drel.cloudfront.net\/wp-content\/uploads\/2021\/05\/fotonoticia_20200420082733_12001-688x387.webp\" alt=\"Diabetes y Covid-19\"\/><figcaption>Diabetes y Covid-19<\/figcaption><\/figure><\/div>\n\n\n\n<p>Un estudio realizado en Alemania sobre la base de m\u00e1s de 8 millones de casos, demostr\u00f3 que quienes contrajeron coronavirus durante la pandemia tienen m\u00e1s posibilidades de desarrollar diabetes tipo 2.<\/p>\n\n\n\n<p>El informe publicado en una revista especializada de la Asociaci\u00f3n Europea para el Estudio de la Diabetes (EASD), parti\u00f3 del an\u00e1lisis de registros de salud de 1.171 pr\u00e1cticas de medicina general e interna en toda Alemania realizado por dos especialistas.<\/p>\n\n\n\n<p>Wolfgang Rathmann y Oliver Kuss del Centro de Diabetes en la Universidad Heinrich Heine en Dusseldorf, junto a Karel Kostev, perteneciente a IQVIA en Frankfurt; hallaron que los adultos con casos leves de Covid-19 ten\u00edan un riesgo significativamente mayor de desarrollar diabetes.<\/p>\n\n\n\n<p>En la diabetes mellitus no insulinoindependiente o de tipo 2, los niveles de glucosa o az\u00facar en la sangre son demasiado altos.<\/p>\n\n\n\n<p>Las personas con diabetes tipo 2 est\u00e1n en mayor riesgo de tener problemas de salud, como ataques al coraz\u00f3n, accidentes cerebrovasculares, insuficiencia renal, ceguera y amputaci\u00f3n (extracci\u00f3n por una operaci\u00f3n) de las extremidades inferiores (un dedo del pie, un pie o una pierna).<\/p>\n\n\n\n<p>De estudios anteriores, se sab\u00eda que la inflamaci\u00f3n causada por el SARS-CoV-2 puede llegar a da\u00f1ar las c\u00e9lulas beta, productoras de insulina, provocando su muerte o cambiando su funcionamiento, lo que resulta en una hiperglucemia aguda (nivel alto de glucosa en la sangre).<\/p>\n\n\n\n<p>Asimismo, es posible que los tejidos se vuelvan menos reactivos a la insulina debido a la inflamaci\u00f3n en el cuerpo. Y a esto, se le suma el vicio por los estilos de vida sedentarios que dej\u00f3 el aislamiento durante la pandemia.<\/p>\n\n\n\n<p>Ante la duda, se recomienda a quienes hayan contra\u00eddo el virus, que se realicen un chequeo m\u00e9dico completo para descartar diabetes, conocida como la \u201cepidemia del siglo XXI\u201d<\/p>\n\n\n\n<p>Fuente: GLP (g<a href=\"https:\/\/www.grupolaprovincia.com\/\" target=\"_blank\" rel=\"noreferrer noopener\">rupolaprovincia.com<\/a>)<\/p>\n","protected":false},"excerpt":{"rendered":"<p>En la diabetes mellitus no insulinoindependiente o de tipo 2, los niveles de glucosa o az\u00facar en la sangre son &#8230; <a title=\"Ex pacientes Covid son m\u00e1s propensos a contraer una diabetes grave\" class=\"read-more\" href=\"https:\/\/www.hoymercedes.com.ar\/principal\/2022\/03\/25\/ex-pacientes-covid-son-mas-propensos-a-contraer-una-diabetes-grave\/\" aria-label=\"Leer m\u00e1s sobre Ex pacientes Covid son m\u00e1s propensos a contraer una diabetes grave\">Leer m\u00e1s<\/a><\/p>\n","protected":false},"author":1,"featured_media":145803,"comment_status":"closed","ping_status":"open","sticky":false,"template":"","format":"standard","meta":{"_monsterinsights_skip_tracking":false,"_monsterinsights_sitenote_active":false,"_monsterinsights_sitenote_note":"","_monsterinsights_sitenote_category":0,"jetpack_post_was_ever_published":false,"_jetpack_newsletter_access":"","_jetpack_dont_email_post_to_subs":false,"_jetpack_newsletter_tier_id":0,"_jetpack_memberships_contains_paywalled_content":false,"_jetpack_memberships_contains_paid_content":false,"footnotes":"","jetpack_publicize_message":"","jetpack_publicize_feature_enabled":true,"jetpack_social_post_already_shared":true,"jetpack_social_options":{"image_generator_settings":{"template":"highway","default_image_id":0,"font":"","enabled":false},"version":2},"_wpas_customize_per_network":false},"categories":[9791],"tags":[16175,16313],"class_list":["post-145802","post","type-post","status-publish","format-standard","has-post-thumbnail","hentry","category-salud","tag-coronavirus","tag-covid-19","generate-columns","tablet-grid-50","mobile-grid-100","grid-parent","grid-50"],"jetpack_publicize_connections":[],"jetpack_featured_media_url":"https:\/\/www.hoymercedes.com.ar\/principal\/wp-content\/uploads\/2022\/03\/2022-03-25-2.png","wps_subtitle":"","jetpack_sharing_enabled":true,"_links":{"self":[{"href":"https:\/\/www.hoymercedes.com.ar\/principal\/wp-json\/wp\/v2\/posts\/145802","targetHints":{"allow":["GET"]}}],"collection":[{"href":"https:\/\/www.hoymercedes.com.ar\/principal\/wp-json\/wp\/v2\/posts"}],"about":[{"href":"https:\/\/www.hoymercedes.com.ar\/principal\/wp-json\/wp\/v2\/types\/post"}],"author":[{"embeddable":true,"href":"https:\/\/www.hoymercedes.com.ar\/principal\/wp-json\/wp\/v2\/users\/1"}],"replies":[{"embeddable":true,"href":"https:\/\/www.hoymercedes.com.ar\/principal\/wp-json\/wp\/v2\/comments?post=145802"}],"version-history":[{"count":0,"href":"https:\/\/www.hoymercedes.com.ar\/principal\/wp-json\/wp\/v2\/posts\/145802\/revisions"}],"wp:featuredmedia":[{"embeddable":true,"href":"https:\/\/www.hoymercedes.com.ar\/principal\/wp-json\/wp\/v2\/media\/145803"}],"wp:attachment":[{"href":"https:\/\/www.hoymercedes.com.ar\/principal\/wp-json\/wp\/v2\/media?parent=145802"}],"wp:term":[{"taxonomy":"category","embeddable":true,"href":"https:\/\/www.hoymercedes.com.ar\/principal\/wp-json\/wp\/v2\/categories?post=145802"},{"taxonomy":"post_tag","embeddable":true,"href":"https:\/\/www.hoymercedes.com.ar\/principal\/wp-json\/wp\/v2\/tags?post=145802"}],"curies":[{"name":"wp","href":"https:\/\/api.w.org\/{rel}","templated":true}]}}