{"id":145833,"date":"2022-03-25T23:22:00","date_gmt":"2022-03-26T02:22:00","guid":{"rendered":"https:\/\/www.hoymercedes.com.ar\/principal\/?p=145833"},"modified":"2022-03-26T10:25:59","modified_gmt":"2022-03-26T13:25:59","slug":"coordinacion-de-ddhh-repudiamos-la-violencia-y-la-intolerancia","status":"publish","type":"post","link":"https:\/\/www.hoymercedes.com.ar\/principal\/2022\/03\/25\/coordinacion-de-ddhh-repudiamos-la-violencia-y-la-intolerancia\/","title":{"rendered":"Coordinaci\u00f3n de DDHH: Repudiamos la violencia y la intolerancia"},"content":{"rendered":"\n<p>Desde la Coordinaci\u00f3n de Derechos Humanos de la Municipalidad de Mercedes, desde la cual, junto a la Comisi\u00f3n de Familiares y Amigos de Detenidos-Desaparecidos y Asesinados por la Dictadura C\u00edvico-Militar participamos en la organizaci\u00f3n de la vigilia por el D\u00eda Nacional de la Memoria, por la Verdad y la Justicia, manifestamos nuestro m\u00e1s absoluto repudio al atentado perpetrado por un individuo que en solitario y reivindicando a toda voz a los genocidas que desaparecieron y asesinaron a miles de argentinos en el marco del plan sistem\u00e1tico de exterminio organizado y perpetrado por la dictadura, destruy\u00f3 la bandera instalada en la p\u00e9rgola de Plaza San Mart\u00edn por la Comisi\u00f3n de Familiares con las im\u00e1genes de sus seres queridos desaparecidos durante el terrorismo de Estado. Este tipo de manifestaciones de odio superan todo l\u00edmite de racionalidad y consideramos que buscan la generaci\u00f3n de violencia.<\/p>\n\n\n\n<p>Queremos dejar en claro que, desde 1996, a\u00f1o en que se realiz\u00f3 el primer acto de conmemoraci\u00f3n del 24 de marzo de Familiares en Plaza San Mart\u00edn, jam\u00e1s un s\u00edmbolo de los familiares hab\u00eda sufrido un atentado y llamamos a la reflexi\u00f3n para que nunca m\u00e1s vuelva a suceder.<\/p>\n\n\n\n<p>Coordinaci\u00f3n de DDHH.<br>26 de Marzo &#8211; 2022<\/p>\n","protected":false},"excerpt":{"rendered":"<p>Desde la Coordinaci\u00f3n de Derechos Humanos de la Municipalidad de Mercedes, desde la cual, junto a la Comisi\u00f3n de Familiares &#8230; <a title=\"Coordinaci\u00f3n de DDHH: Repudiamos la violencia y la intolerancia\" class=\"read-more\" href=\"https:\/\/www.hoymercedes.com.ar\/principal\/2022\/03\/25\/coordinacion-de-ddhh-repudiamos-la-violencia-y-la-intolerancia\/\" aria-label=\"Leer m\u00e1s sobre Coordinaci\u00f3n de DDHH: Repudiamos la violencia y la intolerancia\">Leer m\u00e1s<\/a><\/p>\n","protected":false},"author":1,"featured_media":145834,"comment_status":"closed","ping_status":"open","sticky":false,"template":"","format":"standard","meta":{"_monsterinsights_skip_tracking":false,"_monsterinsights_sitenote_active":false,"_monsterinsights_sitenote_note":"","_monsterinsights_sitenote_category":0,"jetpack_post_was_ever_published":false,"_jetpack_newsletter_access":"","_jetpack_dont_email_post_to_subs":false,"_jetpack_newsletter_tier_id":0,"_jetpack_memberships_contains_paywalled_content":false,"_jetpack_memberships_contains_paid_content":false,"footnotes":"","jetpack_publicize_message":"","jetpack_publicize_feature_enabled":true,"jetpack_social_post_already_shared":true,"jetpack_social_options":{"image_generator_settings":{"template":"highway","default_image_id":0,"font":"","enabled":false},"version":2},"_wpas_customize_per_network":false},"categories":[5],"tags":[5319],"class_list":["post-145833","post","type-post","status-publish","format-standard","has-post-thumbnail","hentry","category-politica","tag-politica-2","generate-columns","tablet-grid-50","mobile-grid-100","grid-parent","grid-50"],"jetpack_publicize_connections":[],"jetpack_featured_media_url":"https:\/\/www.hoymercedes.com.ar\/principal\/wp-content\/uploads\/2022\/03\/WhatsApp-Image-2022-03-25-at-22.53.34-1.jpeg","wps_subtitle":"","jetpack_sharing_enabled":true,"_links":{"self":[{"href":"https:\/\/www.hoymercedes.com.ar\/principal\/wp-json\/wp\/v2\/posts\/145833","targetHints":{"allow":["GET"]}}],"collection":[{"href":"https:\/\/www.hoymercedes.com.ar\/principal\/wp-json\/wp\/v2\/posts"}],"about":[{"href":"https:\/\/www.hoymercedes.com.ar\/principal\/wp-json\/wp\/v2\/types\/post"}],"author":[{"embeddable":true,"href":"https:\/\/www.hoymercedes.com.ar\/principal\/wp-json\/wp\/v2\/users\/1"}],"replies":[{"embeddable":true,"href":"https:\/\/www.hoymercedes.com.ar\/principal\/wp-json\/wp\/v2\/comments?post=145833"}],"version-history":[{"count":0,"href":"https:\/\/www.hoymercedes.com.ar\/principal\/wp-json\/wp\/v2\/posts\/145833\/revisions"}],"wp:featuredmedia":[{"embeddable":true,"href":"https:\/\/www.hoymercedes.com.ar\/principal\/wp-json\/wp\/v2\/media\/145834"}],"wp:attachment":[{"href":"https:\/\/www.hoymercedes.com.ar\/principal\/wp-json\/wp\/v2\/media?parent=145833"}],"wp:term":[{"taxonomy":"category","embeddable":true,"href":"https:\/\/www.hoymercedes.com.ar\/principal\/wp-json\/wp\/v2\/categories?post=145833"},{"taxonomy":"post_tag","embeddable":true,"href":"https:\/\/www.hoymercedes.com.ar\/principal\/wp-json\/wp\/v2\/tags?post=145833"}],"curies":[{"name":"wp","href":"https:\/\/api.w.org\/{rel}","templated":true}]}}