{"id":145880,"date":"2022-03-28T08:39:00","date_gmt":"2022-03-28T11:39:00","guid":{"rendered":"https:\/\/www.hoymercedes.com.ar\/principal\/?p=145880"},"modified":"2022-03-27T22:47:16","modified_gmt":"2022-03-28T01:47:16","slug":"allanamiento-y-esclarecimiento-de-hurto","status":"publish","type":"post","link":"https:\/\/www.hoymercedes.com.ar\/principal\/2022\/03\/28\/allanamiento-y-esclarecimiento-de-hurto\/","title":{"rendered":"Allanamiento y esclarecimiento de hurto"},"content":{"rendered":"\n<figure class=\"wp-block-image size-full is-resized\"><img loading=\"lazy\" decoding=\"async\" data-attachment-id=\"145881\" data-permalink=\"https:\/\/www.hoymercedes.com.ar\/principal\/2022\/03\/28\/allanamiento-y-esclarecimiento-de-hurto\/allanamiento-27-03\/#main\" data-orig-file=\"https:\/\/www.hoymercedes.com.ar\/principal\/wp-content\/uploads\/2022\/03\/allanamiento-27.03.jpeg\" data-orig-size=\"720,720\" data-comments-opened=\"0\" data-image-meta=\"{&quot;aperture&quot;:&quot;0&quot;,&quot;credit&quot;:&quot;&quot;,&quot;camera&quot;:&quot;&quot;,&quot;caption&quot;:&quot;&quot;,&quot;created_timestamp&quot;:&quot;0&quot;,&quot;copyright&quot;:&quot;&quot;,&quot;focal_length&quot;:&quot;0&quot;,&quot;iso&quot;:&quot;0&quot;,&quot;shutter_speed&quot;:&quot;0&quot;,&quot;title&quot;:&quot;&quot;,&quot;orientation&quot;:&quot;0&quot;}\" data-image-title=\"allanamiento-27.03\" data-image-description=\"\" data-image-caption=\"\" data-large-file=\"https:\/\/www.hoymercedes.com.ar\/principal\/wp-content\/uploads\/2022\/03\/allanamiento-27.03.jpeg\" src=\"https:\/\/www.hoymercedes.com.ar\/principal\/wp-content\/uploads\/2022\/03\/allanamiento-27.03.jpeg\" alt=\"\" class=\"wp-image-145881\" width=\"960\" height=\"960\" srcset=\"https:\/\/www.hoymercedes.com.ar\/principal\/wp-content\/uploads\/2022\/03\/allanamiento-27.03.jpeg 720w, https:\/\/www.hoymercedes.com.ar\/principal\/wp-content\/uploads\/2022\/03\/allanamiento-27.03-620x620.jpeg 620w, https:\/\/www.hoymercedes.com.ar\/principal\/wp-content\/uploads\/2022\/03\/allanamiento-27.03-150x150.jpeg 150w\" sizes=\"auto, (max-width: 960px) 100vw, 960px\" \/><\/figure>\n\n\n\n<p>Polic\u00eda Comunal logr\u00f3 detener a un sujeto que rob\u00f3 en una obra de construcci\u00f3n. Tras denuncia efectuada al 911 se inici\u00f3 la investigaci\u00f3n. Se recabaron im\u00e1genes del Centro de Monitoreo. Hubo allanamientos y el sujeto ahora debe responder ante la justicia.<\/p>\n\n\n\n<p>D\u00edas atr\u00e1s se toma conocimiento de un hurto, con sospecha de que el autor eventualmente podr\u00eda estar involucrado en otros similares, trat\u00e1ndose su modus operandi detectado y aclarado.<\/p>\n\n\n\n<p>El procedimiento se llev\u00f3 a cabo por orden del Juzgado de Garant\u00edas N\u00ba3 donde se recabaron elementos de prueba que ser\u00e1n y son parte del campo probatorio judicial.<\/p>\n","protected":false},"excerpt":{"rendered":"<p>Polic\u00eda Comunal logr\u00f3 detener a un sujeto que rob\u00f3 en una obra de construcci\u00f3n. Tras denuncia efectuada al 911 se &#8230; <a title=\"Allanamiento y esclarecimiento de hurto\" class=\"read-more\" href=\"https:\/\/www.hoymercedes.com.ar\/principal\/2022\/03\/28\/allanamiento-y-esclarecimiento-de-hurto\/\" aria-label=\"Leer m\u00e1s sobre Allanamiento y esclarecimiento de hurto\">Leer m\u00e1s<\/a><\/p>\n","protected":false},"author":1,"featured_media":145881,"comment_status":"closed","ping_status":"open","sticky":false,"template":"","format":"standard","meta":{"_monsterinsights_skip_tracking":false,"_monsterinsights_sitenote_active":false,"_monsterinsights_sitenote_note":"","_monsterinsights_sitenote_category":0,"jetpack_post_was_ever_published":false,"_jetpack_newsletter_access":"","_jetpack_dont_email_post_to_subs":false,"_jetpack_newsletter_tier_id":0,"_jetpack_memberships_contains_paywalled_content":false,"_jetpack_memberships_contains_paid_content":false,"footnotes":"","jetpack_publicize_message":"","jetpack_publicize_feature_enabled":true,"jetpack_social_post_already_shared":true,"jetpack_social_options":{"image_generator_settings":{"template":"highway","default_image_id":0,"font":"","enabled":false},"version":2},"_wpas_customize_per_network":false},"categories":[85],"tags":[3318],"class_list":["post-145880","post","type-post","status-publish","format-standard","has-post-thumbnail","hentry","category-policial","tag-policial-mercedes","generate-columns","tablet-grid-50","mobile-grid-100","grid-parent","grid-50"],"jetpack_publicize_connections":[],"jetpack_featured_media_url":"https:\/\/www.hoymercedes.com.ar\/principal\/wp-content\/uploads\/2022\/03\/allanamiento-27.03.jpeg","wps_subtitle":"Policia y Justicia ","jetpack_sharing_enabled":true,"_links":{"self":[{"href":"https:\/\/www.hoymercedes.com.ar\/principal\/wp-json\/wp\/v2\/posts\/145880","targetHints":{"allow":["GET"]}}],"collection":[{"href":"https:\/\/www.hoymercedes.com.ar\/principal\/wp-json\/wp\/v2\/posts"}],"about":[{"href":"https:\/\/www.hoymercedes.com.ar\/principal\/wp-json\/wp\/v2\/types\/post"}],"author":[{"embeddable":true,"href":"https:\/\/www.hoymercedes.com.ar\/principal\/wp-json\/wp\/v2\/users\/1"}],"replies":[{"embeddable":true,"href":"https:\/\/www.hoymercedes.com.ar\/principal\/wp-json\/wp\/v2\/comments?post=145880"}],"version-history":[{"count":0,"href":"https:\/\/www.hoymercedes.com.ar\/principal\/wp-json\/wp\/v2\/posts\/145880\/revisions"}],"wp:featuredmedia":[{"embeddable":true,"href":"https:\/\/www.hoymercedes.com.ar\/principal\/wp-json\/wp\/v2\/media\/145881"}],"wp:attachment":[{"href":"https:\/\/www.hoymercedes.com.ar\/principal\/wp-json\/wp\/v2\/media?parent=145880"}],"wp:term":[{"taxonomy":"category","embeddable":true,"href":"https:\/\/www.hoymercedes.com.ar\/principal\/wp-json\/wp\/v2\/categories?post=145880"},{"taxonomy":"post_tag","embeddable":true,"href":"https:\/\/www.hoymercedes.com.ar\/principal\/wp-json\/wp\/v2\/tags?post=145880"}],"curies":[{"name":"wp","href":"https:\/\/api.w.org\/{rel}","templated":true}]}}