{"id":145951,"date":"2022-03-29T09:24:00","date_gmt":"2022-03-29T12:24:00","guid":{"rendered":"https:\/\/www.hoymercedes.com.ar\/principal\/?p=145951"},"modified":"2022-03-29T12:28:41","modified_gmt":"2022-03-29T15:28:41","slug":"nicolas-repetto-campeon-en-gral-rodriguez","status":"publish","type":"post","link":"https:\/\/www.hoymercedes.com.ar\/principal\/2022\/03\/29\/nicolas-repetto-campeon-en-gral-rodriguez\/","title":{"rendered":"Nicol\u00e1s Repetto campe\u00f3n en Gral. Rodr\u00edguez\u00a0"},"content":{"rendered":"\n<p>El pasado s\u00e1bado se llev\u00f3 acabo el 4to torneo en Club Bersie De Gral. Rodr\u00edguez en el cual particip\u00f3 el mercedino Nicol\u00e1s Repetto en representaci\u00f3n de la Escuela Municipal de Tenis de Mesa.\u00a0<\/p>\n\n\n\n<div class=\"wp-block-image\"><figure class=\"aligncenter size-full\"><img loading=\"lazy\" decoding=\"async\" width=\"800\" height=\"671\" data-attachment-id=\"145922\" data-permalink=\"https:\/\/www.hoymercedes.com.ar\/principal\/2022\/03\/28\/el-mercedes-rugby-club-empezo-con-el-pie-derecho\/dtenis-mesa\/#main\" data-orig-file=\"https:\/\/www.hoymercedes.com.ar\/principal\/wp-content\/uploads\/2022\/03\/DTenis-Mesa.jpeg\" data-orig-size=\"800,671\" data-comments-opened=\"0\" data-image-meta=\"{&quot;aperture&quot;:&quot;0&quot;,&quot;credit&quot;:&quot;&quot;,&quot;camera&quot;:&quot;&quot;,&quot;caption&quot;:&quot;&quot;,&quot;created_timestamp&quot;:&quot;0&quot;,&quot;copyright&quot;:&quot;&quot;,&quot;focal_length&quot;:&quot;0&quot;,&quot;iso&quot;:&quot;0&quot;,&quot;shutter_speed&quot;:&quot;0&quot;,&quot;title&quot;:&quot;&quot;,&quot;orientation&quot;:&quot;0&quot;}\" data-image-title=\"DTenis Mesa\" data-image-description=\"\" data-image-caption=\"\" data-large-file=\"https:\/\/www.hoymercedes.com.ar\/principal\/wp-content\/uploads\/2022\/03\/DTenis-Mesa.jpeg\" src=\"https:\/\/www.hoymercedes.com.ar\/principal\/wp-content\/uploads\/2022\/03\/DTenis-Mesa.jpeg\" alt=\"\" class=\"wp-image-145922\" srcset=\"https:\/\/www.hoymercedes.com.ar\/principal\/wp-content\/uploads\/2022\/03\/DTenis-Mesa.jpeg 800w, https:\/\/www.hoymercedes.com.ar\/principal\/wp-content\/uploads\/2022\/03\/DTenis-Mesa-630x528.jpeg 630w, https:\/\/www.hoymercedes.com.ar\/principal\/wp-content\/uploads\/2022\/03\/DTenis-Mesa-150x126.jpeg 150w\" sizes=\"auto, (max-width: 800px) 100vw, 800px\" \/><\/figure><\/div>\n\n\n\n<p>Como parte del certamen de la categor\u00eda 6ta, el mercedino se consagro campe\u00f3n invicto ganando su partido de la final ante el jugador de San Antonio de Padua por 3 set a 0. Estuvo acompa\u00f1ado por el entrenador de la escuela municipal Alejandro Russo.&nbsp;<\/p>\n\n\n\n<p>Por otro lado, siete d\u00edas atr\u00e1s en San Justo partido de la Matanza se desarroll\u00f3 el 1er Circuito Nacional FATEMA. Hasta all\u00ed tambi\u00e9n lleg\u00f3 la delegaci\u00f3n de la Escuela Municipal de Tenis de Mesa, logrando excelentes resultados.&nbsp;<\/p>\n\n\n\n<p>En tanto, Nicol\u00e1s Repetto fue sub campe\u00f3n en la 3ra categor\u00eda, mientras que Facundo Botta fu tercero. En primera, Alejandro Russo quedo en 8vo puesto tras caer 3-2 en set ante P\u00e9rez Alejandro N\u00b02 del Ranking y Cristian Canteros en fase de Grupos.&nbsp;<\/p>\n\n\n\n<p>Colaboraci\u00f3n: Mariano Oyarz\u00fa<\/p>\n","protected":false},"excerpt":{"rendered":"<p>El pasado s\u00e1bado se llev\u00f3 acabo el 4to torneo en Club Bersie De Gral. Rodr\u00edguez en el cual particip\u00f3 el &#8230; <a title=\"Nicol\u00e1s Repetto campe\u00f3n en Gral. Rodr\u00edguez\u00a0\" class=\"read-more\" href=\"https:\/\/www.hoymercedes.com.ar\/principal\/2022\/03\/29\/nicolas-repetto-campeon-en-gral-rodriguez\/\" aria-label=\"Leer m\u00e1s sobre Nicol\u00e1s Repetto campe\u00f3n en Gral. Rodr\u00edguez\u00a0\">Leer m\u00e1s<\/a><\/p>\n","protected":false},"author":1,"featured_media":145922,"comment_status":"closed","ping_status":"open","sticky":false,"template":"","format":"standard","meta":{"_monsterinsights_skip_tracking":false,"_monsterinsights_sitenote_active":false,"_monsterinsights_sitenote_note":"","_monsterinsights_sitenote_category":0,"jetpack_post_was_ever_published":false,"_jetpack_newsletter_access":"","_jetpack_dont_email_post_to_subs":false,"_jetpack_newsletter_tier_id":0,"_jetpack_memberships_contains_paywalled_content":false,"_jetpack_memberships_contains_paid_content":false,"footnotes":"","jetpack_publicize_message":"","jetpack_publicize_feature_enabled":true,"jetpack_social_post_already_shared":true,"jetpack_social_options":{"image_generator_settings":{"template":"highway","default_image_id":0,"font":"","enabled":false},"version":2},"_wpas_customize_per_network":false},"categories":[21],"tags":[204],"class_list":["post-145951","post","type-post","status-publish","format-standard","has-post-thumbnail","hentry","category-deportes","tag-deportes-2","generate-columns","tablet-grid-50","mobile-grid-100","grid-parent","grid-50"],"jetpack_publicize_connections":[],"jetpack_featured_media_url":"https:\/\/www.hoymercedes.com.ar\/principal\/wp-content\/uploads\/2022\/03\/DTenis-Mesa.jpeg","wps_subtitle":"Tenis de Mesa","jetpack_sharing_enabled":true,"jetpack-related-posts":[{"id":174307,"url":"https:\/\/www.hoymercedes.com.ar\/principal\/2024\/03\/25\/tenis-de-mesa-alejandro-russo-sub-campeon-en-ferro\/","url_meta":{"origin":145951,"position":0},"title":"Tenis de mesa: Alejandro Russo Sub Campe\u00f3n en Ferro","author":"hoymercedes","date":"25 marzo, 2024","format":false,"excerpt":"El mercedino particip\u00f3 en una nueva edici\u00f3n del circuito TMT. Cay\u00f3 en la final ante el platense Diego Ochoa cerrando una excelente actuaci\u00f3n. Por su parte, Esteban Delvechio se despidi\u00f3 en octavos de final. Durante el fin de semana los representantes de la Escuela Municipal de Tenis de Mesa,\u00a0 Alejandro\u2026","rel":"","context":"En \u00abDeportes\u00bb","block_context":{"text":"Deportes","link":"https:\/\/www.hoymercedes.com.ar\/principal\/category\/deportes\/"},"img":{"alt_text":"","src":"https:\/\/i0.wp.com\/www.hoymercedes.com.ar\/principal\/wp-content\/uploads\/2024\/03\/tenis-de-mesa-25-03.jpg?resize=350%2C200&ssl=1","width":350,"height":200,"srcset":"https:\/\/i0.wp.com\/www.hoymercedes.com.ar\/principal\/wp-content\/uploads\/2024\/03\/tenis-de-mesa-25-03.jpg?resize=350%2C200&ssl=1 1x, https:\/\/i0.wp.com\/www.hoymercedes.com.ar\/principal\/wp-content\/uploads\/2024\/03\/tenis-de-mesa-25-03.jpg?resize=525%2C300&ssl=1 1.5x, https:\/\/i0.wp.com\/www.hoymercedes.com.ar\/principal\/wp-content\/uploads\/2024\/03\/tenis-de-mesa-25-03.jpg?resize=700%2C400&ssl=1 2x"},"classes":[]},{"id":156249,"url":"https:\/\/www.hoymercedes.com.ar\/principal\/2022\/12\/07\/tenis-de-mesa-triple-medallero-para-la-escuela-municipal\/","url_meta":{"origin":145951,"position":1},"title":"Tenis de mesa: Triple medallero para la Escuela Municipal\u00a0","author":"hoymercedes","date":"7 diciembre, 2022","format":false,"excerpt":"Repetto, Botta y Russo consiguieron tres medallas de bronce en el torneo nacional de FATeMA. Por su parte, Javier Russo qued\u00f3 primero en las Olimp\u00edadas Senior +40 de Suipacha.\u00a0","rel":"","context":"En \u00abDeportes\u00bb","block_context":{"text":"Deportes","link":"https:\/\/www.hoymercedes.com.ar\/principal\/category\/deportes\/"},"img":{"alt_text":"","src":"https:\/\/i0.wp.com\/www.hoymercedes.com.ar\/principal\/wp-content\/uploads\/2022\/12\/dtenismesa-0612.jpeg?resize=350%2C200&ssl=1","width":350,"height":200,"srcset":"https:\/\/i0.wp.com\/www.hoymercedes.com.ar\/principal\/wp-content\/uploads\/2022\/12\/dtenismesa-0612.jpeg?resize=350%2C200&ssl=1 1x, https:\/\/i0.wp.com\/www.hoymercedes.com.ar\/principal\/wp-content\/uploads\/2022\/12\/dtenismesa-0612.jpeg?resize=525%2C300&ssl=1 1.5x"},"classes":[]},{"id":134998,"url":"https:\/\/www.hoymercedes.com.ar\/principal\/2021\/08\/10\/la-delegacion-mercedina-se-lucio-en-el-tmt-en-ferro\/","url_meta":{"origin":145951,"position":2},"title":"La delegaci\u00f3n mercedina se luci\u00f3 en el TMT en Ferro","author":"hoymercedes","date":"10 agosto, 2021","format":false,"excerpt":"El pasado s\u00e1bado la escuela municipal de tenis de mesa participo del 138 torneo en el Club Ferrocarril Oeste.\u00a0\u00a0 El equipo estuvo comandado por Alejandro\u00a0Russo, se impuso en todas las categor\u00edas con muy buenas actuaciones de la delegaci\u00f3n mercedina.\u00a0 En 4ta categor\u00eda Dar\u00edo\u00a0Dellafontana\u00a0fue\u00a0Sub\u00a0Campe\u00f3n en una re\u00f1ida final 3 set a\u2026","rel":"","context":"En \u00abDeportes\u00bb","block_context":{"text":"Deportes","link":"https:\/\/www.hoymercedes.com.ar\/principal\/category\/deportes\/"},"img":{"alt_text":"","src":"https:\/\/i0.wp.com\/www.hoymercedes.com.ar\/principal\/wp-content\/uploads\/2021\/08\/WhatsApp-Image-2021-08-09-at-11.32.47-2.jpeg?resize=350%2C200&ssl=1","width":350,"height":200,"srcset":"https:\/\/i0.wp.com\/www.hoymercedes.com.ar\/principal\/wp-content\/uploads\/2021\/08\/WhatsApp-Image-2021-08-09-at-11.32.47-2.jpeg?resize=350%2C200&ssl=1 1x, https:\/\/i0.wp.com\/www.hoymercedes.com.ar\/principal\/wp-content\/uploads\/2021\/08\/WhatsApp-Image-2021-08-09-at-11.32.47-2.jpeg?resize=525%2C300&ssl=1 1.5x, https:\/\/i0.wp.com\/www.hoymercedes.com.ar\/principal\/wp-content\/uploads\/2021\/08\/WhatsApp-Image-2021-08-09-at-11.32.47-2.jpeg?resize=700%2C400&ssl=1 2x"},"classes":[]},{"id":138827,"url":"https:\/\/www.hoymercedes.com.ar\/principal\/2021\/10\/19\/podios-mercedinos-en-el-tenis-de-mesas\/","url_meta":{"origin":145951,"position":3},"title":"Podios mercedinos en el Tenis de Mesas","author":"hoymercedes","date":"19 octubre, 2021","format":false,"excerpt":"La Escuela Municipal se present\u00f3 en el municipio de General\u00a0 Rodr\u00edguez. Por otra parte, se complet\u00f3 Copa de la Liga Mercedina. Adem\u00e1s, Alejandro Russo fue citado para participar a la selecci\u00f3n FATEMA. El d\u00eda s\u00e1bado la Escuela Municipal de Tenis de Mesa se present\u00f3 en el municipio de Gral. Rodr\u00edguez.\u2026","rel":"","context":"En \u00abDeportes\u00bb","block_context":{"text":"Deportes","link":"https:\/\/www.hoymercedes.com.ar\/principal\/category\/deportes\/"},"img":{"alt_text":"","src":"https:\/\/i0.wp.com\/www.hoymercedes.com.ar\/principal\/wp-content\/uploads\/2021\/10\/dtenis-mesa-1.jpeg?resize=350%2C200&ssl=1","width":350,"height":200,"srcset":"https:\/\/i0.wp.com\/www.hoymercedes.com.ar\/principal\/wp-content\/uploads\/2021\/10\/dtenis-mesa-1.jpeg?resize=350%2C200&ssl=1 1x, https:\/\/i0.wp.com\/www.hoymercedes.com.ar\/principal\/wp-content\/uploads\/2021\/10\/dtenis-mesa-1.jpeg?resize=525%2C300&ssl=1 1.5x, https:\/\/i0.wp.com\/www.hoymercedes.com.ar\/principal\/wp-content\/uploads\/2021\/10\/dtenis-mesa-1.jpeg?resize=700%2C400&ssl=1 2x"},"classes":[]},{"id":137746,"url":"https:\/\/www.hoymercedes.com.ar\/principal\/2021\/09\/23\/russo-sub-campeon-del-nacional-fatema\/","url_meta":{"origin":145951,"position":4},"title":"Russo Sub Campe\u00f3n del Nacional FATEMA","author":"hoymercedes","date":"23 septiembre, 2021","format":false,"excerpt":"El representante de la Escuela Municipal de Mercedes cay\u00f3\u00a0en el partido decisivo 3 sets a 1, Tras su participaci\u00f3n, el mercedino contin\u00faa cosechando una buena cantidad de puntos que lo acercan a zona de clasificaci\u00f3n.\u00a0\u00a0 El pasado s\u00e1bado se llev\u00f3 a cabo la primera fecha del circuito Nacional FATEMA (Federaci\u00f3n\u2026","rel":"","context":"En \u00abDeportes\u00bb","block_context":{"text":"Deportes","link":"https:\/\/www.hoymercedes.com.ar\/principal\/category\/deportes\/"},"img":{"alt_text":"","src":"https:\/\/i0.wp.com\/www.hoymercedes.com.ar\/principal\/wp-content\/uploads\/2021\/09\/temesa21.jpeg?resize=350%2C200&ssl=1","width":350,"height":200,"srcset":"https:\/\/i0.wp.com\/www.hoymercedes.com.ar\/principal\/wp-content\/uploads\/2021\/09\/temesa21.jpeg?resize=350%2C200&ssl=1 1x, https:\/\/i0.wp.com\/www.hoymercedes.com.ar\/principal\/wp-content\/uploads\/2021\/09\/temesa21.jpeg?resize=525%2C300&ssl=1 1.5x, https:\/\/i0.wp.com\/www.hoymercedes.com.ar\/principal\/wp-content\/uploads\/2021\/09\/temesa21.jpeg?resize=700%2C400&ssl=1 2x"},"classes":[]},{"id":139395,"url":"https:\/\/www.hoymercedes.com.ar\/principal\/2021\/11\/01\/llevaron-adelante-encuentro-de-handball\/","url_meta":{"origin":145951,"position":5},"title":"Llevaron adelante encuentro de handball","author":"hoymercedes","date":"1 noviembre, 2021","format":false,"excerpt":"Un nuevo encuentro se desarrollo en el gimnasio del CEF N\u00b040 organizado por la Direcci\u00f3n de Deportes de la ciudad, con una cuadrangular en ambas ramas, consagr\u00e1ndose campe\u00f3n los equipos del Club Independiente de la ciudad de Chivilcoy La jornada handbolera comenz\u00f3 muy temprano en el gimnasio de calle 32\u2026","rel":"","context":"En \u00abDeportes\u00bb","block_context":{"text":"Deportes","link":"https:\/\/www.hoymercedes.com.ar\/principal\/category\/deportes\/"},"img":{"alt_text":"","src":"https:\/\/i0.wp.com\/www.hoymercedes.com.ar\/principal\/wp-content\/uploads\/2021\/11\/handball-mercedes-1.jpg?resize=350%2C200&ssl=1","width":350,"height":200,"srcset":"https:\/\/i0.wp.com\/www.hoymercedes.com.ar\/principal\/wp-content\/uploads\/2021\/11\/handball-mercedes-1.jpg?resize=350%2C200&ssl=1 1x, https:\/\/i0.wp.com\/www.hoymercedes.com.ar\/principal\/wp-content\/uploads\/2021\/11\/handball-mercedes-1.jpg?resize=525%2C300&ssl=1 1.5x, https:\/\/i0.wp.com\/www.hoymercedes.com.ar\/principal\/wp-content\/uploads\/2021\/11\/handball-mercedes-1.jpg?resize=700%2C400&ssl=1 2x"},"classes":[]}],"_links":{"self":[{"href":"https:\/\/www.hoymercedes.com.ar\/principal\/wp-json\/wp\/v2\/posts\/145951","targetHints":{"allow":["GET"]}}],"collection":[{"href":"https:\/\/www.hoymercedes.com.ar\/principal\/wp-json\/wp\/v2\/posts"}],"about":[{"href":"https:\/\/www.hoymercedes.com.ar\/principal\/wp-json\/wp\/v2\/types\/post"}],"author":[{"embeddable":true,"href":"https:\/\/www.hoymercedes.com.ar\/principal\/wp-json\/wp\/v2\/users\/1"}],"replies":[{"embeddable":true,"href":"https:\/\/www.hoymercedes.com.ar\/principal\/wp-json\/wp\/v2\/comments?post=145951"}],"version-history":[{"count":0,"href":"https:\/\/www.hoymercedes.com.ar\/principal\/wp-json\/wp\/v2\/posts\/145951\/revisions"}],"wp:featuredmedia":[{"embeddable":true,"href":"https:\/\/www.hoymercedes.com.ar\/principal\/wp-json\/wp\/v2\/media\/145922"}],"wp:attachment":[{"href":"https:\/\/www.hoymercedes.com.ar\/principal\/wp-json\/wp\/v2\/media?parent=145951"}],"wp:term":[{"taxonomy":"category","embeddable":true,"href":"https:\/\/www.hoymercedes.com.ar\/principal\/wp-json\/wp\/v2\/categories?post=145951"},{"taxonomy":"post_tag","embeddable":true,"href":"https:\/\/www.hoymercedes.com.ar\/principal\/wp-json\/wp\/v2\/tags?post=145951"}],"curies":[{"name":"wp","href":"https:\/\/api.w.org\/{rel}","templated":true}]}}