{"id":145962,"date":"2022-03-29T19:43:00","date_gmt":"2022-03-29T22:43:00","guid":{"rendered":"https:\/\/www.hoymercedes.com.ar\/principal\/?p=145962"},"modified":"2022-03-29T12:48:56","modified_gmt":"2022-03-29T15:48:56","slug":"equitacion-la-srrm-debuto-en-la-copa-noroeste","status":"publish","type":"post","link":"https:\/\/www.hoymercedes.com.ar\/principal\/2022\/03\/29\/equitacion-la-srrm-debuto-en-la-copa-noroeste\/","title":{"rendered":"Equitaci\u00f3n: La SRRM debut\u00f3 en la Copa Noroeste\u00a0"},"content":{"rendered":"\n<p>El pasado domingo 27 de marzo la Secci\u00f3n H\u00edpica de la Sociedad Rural Mercedes se hizo presente en la primera fecha de la Copa H\u00edpica Zona Noroeste 2022, desarrollada en las instalaciones de Campo Chico Country Club.\u00a0\u00a0<\/p>\n\n\n\n<div class=\"wp-block-image\"><figure class=\"aligncenter size-full\"><img loading=\"lazy\" decoding=\"async\" width=\"600\" height=\"800\" data-attachment-id=\"145919\" data-permalink=\"https:\/\/www.hoymercedes.com.ar\/principal\/2022\/03\/28\/el-mercedes-rugby-club-empezo-con-el-pie-derecho\/dequitacion\/#main\" data-orig-file=\"https:\/\/www.hoymercedes.com.ar\/principal\/wp-content\/uploads\/2022\/03\/DEquitacion.jpeg\" data-orig-size=\"600,800\" data-comments-opened=\"0\" data-image-meta=\"{&quot;aperture&quot;:&quot;0&quot;,&quot;credit&quot;:&quot;&quot;,&quot;camera&quot;:&quot;&quot;,&quot;caption&quot;:&quot;&quot;,&quot;created_timestamp&quot;:&quot;0&quot;,&quot;copyright&quot;:&quot;&quot;,&quot;focal_length&quot;:&quot;0&quot;,&quot;iso&quot;:&quot;0&quot;,&quot;shutter_speed&quot;:&quot;0&quot;,&quot;title&quot;:&quot;&quot;,&quot;orientation&quot;:&quot;0&quot;}\" data-image-title=\"DEquitacion\" data-image-description=\"\" data-image-caption=\"\" data-large-file=\"https:\/\/www.hoymercedes.com.ar\/principal\/wp-content\/uploads\/2022\/03\/DEquitacion.jpeg\" src=\"https:\/\/www.hoymercedes.com.ar\/principal\/wp-content\/uploads\/2022\/03\/DEquitacion.jpeg\" alt=\"\" class=\"wp-image-145919\" srcset=\"https:\/\/www.hoymercedes.com.ar\/principal\/wp-content\/uploads\/2022\/03\/DEquitacion.jpeg 600w, https:\/\/www.hoymercedes.com.ar\/principal\/wp-content\/uploads\/2022\/03\/DEquitacion-465x620.jpeg 465w, https:\/\/www.hoymercedes.com.ar\/principal\/wp-content\/uploads\/2022\/03\/DEquitacion-113x150.jpeg 113w\" sizes=\"auto, (max-width: 600px) 100vw, 600px\" \/><\/figure><\/div>\n\n\n\n<p>Dicho evento, organizado por la Federaci\u00f3n Ecuestre Argentina, forma parte de las pruebas de selecci\u00f3n para la participaci\u00f3n en XXVII Campeonato Federal.&nbsp;<\/p>\n\n\n\n<p>Las amazonas federadas mercedinas representantes de la Secci\u00f3n H\u00edpica de la Sociedad Rural Mercedes; Luc\u00eda Pserga, Camila Andr\u00e9s, Ana Destefano, Luj\u00e1n Cogorno y Margarita Bustos, desempe\u00f1aron recorridos con muy buenos resultados:&nbsp;&nbsp;<\/p>\n\n\n\n<p>En la categor\u00eda iniciados menores, 50 y 60 cm, debut\u00f3 la amazona Lucia Pserga montando a Breta.&nbsp;&nbsp;<\/p>\n\n\n\n<p>En la categor\u00eda escuela menor, la amazona Camila Andr\u00e9s con Dartagnan se llev\u00f3 el 2do lugar de la prueba, sobre saltos variados 60 y 70 cm.&nbsp;&nbsp;<\/p>\n\n\n\n<p>En categor\u00eda escuela mayor, Ana Destefano con Tatabra Olaf nos represent\u00f3 con sus impecables recorridos sobre saltos variados 70 y 80 cm.&nbsp;&nbsp;<\/p>\n\n\n\n<p>Por otra parte, las amazonas Luj\u00e1n Cogorno montando a Gitano y Margarita Bustos presentando a Jos\u00e9, desempe\u00f1aron sus recorridos en las pruebas de 80 y 90 cm.&nbsp;&nbsp;<\/p>\n\n\n\n<p>Los anteriormente mencionados binomios federados, acompa\u00f1ados por la profesora Soledad Carranza, crecen d\u00eda a d\u00eda en esta hermosa disciplina y representan de manera excepcional a nuestra ciudad.\u00a0<\/p>\n\n\n\n<p>Fuente: Mariano Oyarz\u00fa<\/p>\n","protected":false},"excerpt":{"rendered":"<p>El pasado domingo 27 de marzo la Secci\u00f3n H\u00edpica de la Sociedad Rural Mercedes se hizo presente en la primera &#8230; <a title=\"Equitaci\u00f3n: La SRRM debut\u00f3 en la Copa Noroeste\u00a0\" class=\"read-more\" href=\"https:\/\/www.hoymercedes.com.ar\/principal\/2022\/03\/29\/equitacion-la-srrm-debuto-en-la-copa-noroeste\/\" aria-label=\"Leer m\u00e1s sobre Equitaci\u00f3n: La SRRM debut\u00f3 en la Copa Noroeste\u00a0\">Leer m\u00e1s<\/a><\/p>\n","protected":false},"author":1,"featured_media":145919,"comment_status":"closed","ping_status":"open","sticky":false,"template":"","format":"standard","meta":{"_monsterinsights_skip_tracking":false,"_monsterinsights_sitenote_active":false,"_monsterinsights_sitenote_note":"","_monsterinsights_sitenote_category":0,"jetpack_post_was_ever_published":false,"_jetpack_newsletter_access":"","_jetpack_dont_email_post_to_subs":false,"_jetpack_newsletter_tier_id":0,"_jetpack_memberships_contains_paywalled_content":false,"_jetpack_memberships_contains_paid_content":false,"footnotes":"","jetpack_publicize_message":"","jetpack_publicize_feature_enabled":true,"jetpack_social_post_already_shared":true,"jetpack_social_options":{"image_generator_settings":{"template":"highway","default_image_id":0,"font":"","enabled":false},"version":2},"_wpas_customize_per_network":false},"categories":[21],"tags":[204],"class_list":["post-145962","post","type-post","status-publish","format-standard","has-post-thumbnail","hentry","category-deportes","tag-deportes-2","generate-columns","tablet-grid-50","mobile-grid-100","grid-parent","grid-50"],"jetpack_publicize_connections":[],"jetpack_featured_media_url":"https:\/\/www.hoymercedes.com.ar\/principal\/wp-content\/uploads\/2022\/03\/DEquitacion.jpeg","wps_subtitle":"","jetpack_sharing_enabled":true,"jetpack-related-posts":[{"id":151911,"url":"https:\/\/www.hoymercedes.com.ar\/principal\/2022\/08\/15\/equitacion-la-sociedad-rural-participo-en-los-oficiales-de-salto\/","url_meta":{"origin":145962,"position":0},"title":"Equitaci\u00f3n: La Sociedad Rural particip\u00f3\u00a0en los oficiales de salto\u00a0","author":"hoymercedes","date":"15 agosto, 2022","format":false,"excerpt":"La Secci\u00f3n H\u00edpica de la Sociedad Rural Mercedes se hizo presente en la cuarta fecha de la Copa H\u00edpica Zona Noroeste.","rel":"","context":"En \u00abDeportes\u00bb","block_context":{"text":"Deportes","link":"https:\/\/www.hoymercedes.com.ar\/principal\/category\/deportes\/"},"img":{"alt_text":"","src":"https:\/\/i0.wp.com\/www.hoymercedes.com.ar\/principal\/wp-content\/uploads\/2022\/08\/equitacion-1508.jpeg?resize=350%2C200&ssl=1","width":350,"height":200,"srcset":"https:\/\/i0.wp.com\/www.hoymercedes.com.ar\/principal\/wp-content\/uploads\/2022\/08\/equitacion-1508.jpeg?resize=350%2C200&ssl=1 1x, https:\/\/i0.wp.com\/www.hoymercedes.com.ar\/principal\/wp-content\/uploads\/2022\/08\/equitacion-1508.jpeg?resize=525%2C300&ssl=1 1.5x, https:\/\/i0.wp.com\/www.hoymercedes.com.ar\/principal\/wp-content\/uploads\/2022\/08\/equitacion-1508.jpeg?resize=700%2C400&ssl=1 2x"},"classes":[]},{"id":154255,"url":"https:\/\/www.hoymercedes.com.ar\/principal\/2022\/10\/18\/equitacion-camila-andres-gano-y-va-por-el-federal\/","url_meta":{"origin":145962,"position":1},"title":"Equitaci\u00f3n: Camila Andr\u00e9s gan\u00f3 y va por el federal\u00a0","author":"hoymercedes","date":"18 octubre, 2022","format":false,"excerpt":"Equitaci\u00f3n: Camila Andr\u00e9s gan\u00f3 y va por el federal. En la Secci\u00f3n H\u00edpica de la Sociedad Rural Mercedes se realiz\u00f3 el Concurso H\u00edpico Inter Clubes Oficial,\u00a0","rel":"","context":"En \u00abDeportes\u00bb","block_context":{"text":"Deportes","link":"https:\/\/www.hoymercedes.com.ar\/principal\/category\/deportes\/"},"img":{"alt_text":"","src":"https:\/\/i0.wp.com\/www.hoymercedes.com.ar\/principal\/wp-content\/uploads\/2022\/10\/equitacion-rural-1710.jpeg?resize=350%2C200&ssl=1","width":350,"height":200,"srcset":"https:\/\/i0.wp.com\/www.hoymercedes.com.ar\/principal\/wp-content\/uploads\/2022\/10\/equitacion-rural-1710.jpeg?resize=350%2C200&ssl=1 1x, https:\/\/i0.wp.com\/www.hoymercedes.com.ar\/principal\/wp-content\/uploads\/2022\/10\/equitacion-rural-1710.jpeg?resize=525%2C300&ssl=1 1.5x, https:\/\/i0.wp.com\/www.hoymercedes.com.ar\/principal\/wp-content\/uploads\/2022\/10\/equitacion-rural-1710.jpeg?resize=700%2C400&ssl=1 2x"},"classes":[]},{"id":125628,"url":"https:\/\/www.hoymercedes.com.ar\/principal\/2021\/03\/02\/la-seccion-hipica-srrm-en-el-hipico-argentino\/","url_meta":{"origin":145962,"position":2},"title":"La Secci\u00f3n H\u00edpica SRRM en el H\u00edpico Argentino","author":"hoymercedes","date":"2 marzo, 2021","format":false,"excerpt":"Mercedinas representantes de la Sociedad Rural participaron de una jornada h\u00edpica en el Club H\u00edpico Argentino. En las instalaciones del Club H\u00edpico Argentino se realizaron el pasado s\u00e1bado recorridos de pr\u00e1ctica, en su tan reconocida pista de c\u00e9sped. De la Sociedad Rural Mercedes participaron las amazonas: Camila Andr\u00e9s junto a\u2026","rel":"","context":"En \u00abDeportes\u00bb","block_context":{"text":"Deportes","link":"https:\/\/www.hoymercedes.com.ar\/principal\/category\/deportes\/"},"img":{"alt_text":"","src":"https:\/\/i0.wp.com\/www.hoymercedes.com.ar\/principal\/wp-content\/uploads\/2021\/03\/02-equitacion.jpg?resize=350%2C200&ssl=1","width":350,"height":200,"srcset":"https:\/\/i0.wp.com\/www.hoymercedes.com.ar\/principal\/wp-content\/uploads\/2021\/03\/02-equitacion.jpg?resize=350%2C200&ssl=1 1x, https:\/\/i0.wp.com\/www.hoymercedes.com.ar\/principal\/wp-content\/uploads\/2021\/03\/02-equitacion.jpg?resize=525%2C300&ssl=1 1.5x, https:\/\/i0.wp.com\/www.hoymercedes.com.ar\/principal\/wp-content\/uploads\/2021\/03\/02-equitacion.jpg?resize=700%2C400&ssl=1 2x"},"classes":[]},{"id":146334,"url":"https:\/\/www.hoymercedes.com.ar\/principal\/2022\/04\/05\/equitacion-triunfo-de-la-srm-en-los-oficiales-de-salto\/","url_meta":{"origin":145962,"position":3},"title":"Equitaci\u00f3n: Triunfo de la SRM en los oficiales de salto\u00a0","author":"Clarisa Altieri","date":"5 abril, 2022","format":false,"excerpt":"El pasado domingo 3 de abril la Secci\u00f3n H\u00edpica de la Sociedad Rural Mercedes se hizo presente en la segunda fecha de la Copa H\u00edpica Zona Noroeste 2022, desarrollada en las instalaciones de San Jorge Village Country Club.\u00a0\u00a0 Dicho evento, organizado por la Federaci\u00f3n Ecuestre Argentina, forma parte de las\u2026","rel":"","context":"En \u00abSociedad\u00bb","block_context":{"text":"Sociedad","link":"https:\/\/www.hoymercedes.com.ar\/principal\/category\/sociedad\/"},"img":{"alt_text":"","src":"https:\/\/i0.wp.com\/www.hoymercedes.com.ar\/principal\/wp-content\/uploads\/2022\/04\/DSRM-e1649182431719.jpeg?resize=350%2C200&ssl=1","width":350,"height":200,"srcset":"https:\/\/i0.wp.com\/www.hoymercedes.com.ar\/principal\/wp-content\/uploads\/2022\/04\/DSRM-e1649182431719.jpeg?resize=350%2C200&ssl=1 1x, https:\/\/i0.wp.com\/www.hoymercedes.com.ar\/principal\/wp-content\/uploads\/2022\/04\/DSRM-e1649182431719.jpeg?resize=525%2C300&ssl=1 1.5x"},"classes":[]},{"id":90622,"url":"https:\/\/www.hoymercedes.com.ar\/principal\/2019\/04\/03\/la-sociedad-rural-mercedes-realizo-una-jornada-de-equinoterapia\/","url_meta":{"origin":145962,"position":4},"title":"La Sociedad Rural Mercedes realiz\u00f3 una jornada de equinoterapia","author":"hoymercedes","date":"3 abril, 2019","format":false,"excerpt":"Hermosa Jornada de Equinoterapia se realizo el pasado lunes 1 en la Seccion Hipica de la Sociedad Rural Mercedes en el marco del proyecto anual \"Equitacion para Todos\". Participaron del misml los alumnos de la Hogar Granja Arco Iris: Fernando, Juan, Magdalena, Cecilia, Marcela, Isaias, Jorge, Gonzalo. Acompa\u00f1ados de la\u2026","rel":"","context":"En \u00abDeportes\u00bb","block_context":{"text":"Deportes","link":"https:\/\/www.hoymercedes.com.ar\/principal\/category\/deportes\/"},"img":{"alt_text":"","src":"https:\/\/i0.wp.com\/www.hoymercedes.com.ar\/principal\/wp-content\/uploads\/2019\/04\/WhatsApp-Image-2019-04-01-at-20.20.25.jpeg?resize=350%2C200&ssl=1","width":350,"height":200,"srcset":"https:\/\/i0.wp.com\/www.hoymercedes.com.ar\/principal\/wp-content\/uploads\/2019\/04\/WhatsApp-Image-2019-04-01-at-20.20.25.jpeg?resize=350%2C200&ssl=1 1x, https:\/\/i0.wp.com\/www.hoymercedes.com.ar\/principal\/wp-content\/uploads\/2019\/04\/WhatsApp-Image-2019-04-01-at-20.20.25.jpeg?resize=525%2C300&ssl=1 1.5x, https:\/\/i0.wp.com\/www.hoymercedes.com.ar\/principal\/wp-content\/uploads\/2019\/04\/WhatsApp-Image-2019-04-01-at-20.20.25.jpeg?resize=700%2C400&ssl=1 2x, https:\/\/i0.wp.com\/www.hoymercedes.com.ar\/principal\/wp-content\/uploads\/2019\/04\/WhatsApp-Image-2019-04-01-at-20.20.25.jpeg?resize=1050%2C600&ssl=1 3x"},"classes":[]},{"id":144947,"url":"https:\/\/www.hoymercedes.com.ar\/principal\/2022\/03\/07\/la-srrm-concurso-en-el-club-hipico\/","url_meta":{"origin":145962,"position":5},"title":"La SRRM concurs\u00f3 en el Club H\u00edpico\u00a0\u00a0","author":"hoymercedes","date":"7 marzo, 2022","format":false,"excerpt":"Micaela Pinto, Margarita Bustos, Camila Andr\u00e9s y Mart\u00edn Ciarlitto representaron a la ciudad en la catedral h\u00edpica del pa\u00eds \u2022 Tanto los jinetes como las amazonas participaron en categor\u00edas de 60 a 90 cm.\u00a0 La Secci\u00f3n H\u00edpica de la Sociedad Rural Mercedes particip\u00f3 en el Club H\u00edpico Argentino.\u00a0 El pasado\u2026","rel":"","context":"En \u00abDeportes\u00bb","block_context":{"text":"Deportes","link":"https:\/\/www.hoymercedes.com.ar\/principal\/category\/deportes\/"},"img":{"alt_text":"","src":"https:\/\/i0.wp.com\/www.hoymercedes.com.ar\/principal\/wp-content\/uploads\/2022\/03\/equi-SRRM.jpeg?resize=350%2C200&ssl=1","width":350,"height":200,"srcset":"https:\/\/i0.wp.com\/www.hoymercedes.com.ar\/principal\/wp-content\/uploads\/2022\/03\/equi-SRRM.jpeg?resize=350%2C200&ssl=1 1x, https:\/\/i0.wp.com\/www.hoymercedes.com.ar\/principal\/wp-content\/uploads\/2022\/03\/equi-SRRM.jpeg?resize=525%2C300&ssl=1 1.5x, https:\/\/i0.wp.com\/www.hoymercedes.com.ar\/principal\/wp-content\/uploads\/2022\/03\/equi-SRRM.jpeg?resize=700%2C400&ssl=1 2x"},"classes":[]}],"_links":{"self":[{"href":"https:\/\/www.hoymercedes.com.ar\/principal\/wp-json\/wp\/v2\/posts\/145962","targetHints":{"allow":["GET"]}}],"collection":[{"href":"https:\/\/www.hoymercedes.com.ar\/principal\/wp-json\/wp\/v2\/posts"}],"about":[{"href":"https:\/\/www.hoymercedes.com.ar\/principal\/wp-json\/wp\/v2\/types\/post"}],"author":[{"embeddable":true,"href":"https:\/\/www.hoymercedes.com.ar\/principal\/wp-json\/wp\/v2\/users\/1"}],"replies":[{"embeddable":true,"href":"https:\/\/www.hoymercedes.com.ar\/principal\/wp-json\/wp\/v2\/comments?post=145962"}],"version-history":[{"count":0,"href":"https:\/\/www.hoymercedes.com.ar\/principal\/wp-json\/wp\/v2\/posts\/145962\/revisions"}],"wp:featuredmedia":[{"embeddable":true,"href":"https:\/\/www.hoymercedes.com.ar\/principal\/wp-json\/wp\/v2\/media\/145919"}],"wp:attachment":[{"href":"https:\/\/www.hoymercedes.com.ar\/principal\/wp-json\/wp\/v2\/media?parent=145962"}],"wp:term":[{"taxonomy":"category","embeddable":true,"href":"https:\/\/www.hoymercedes.com.ar\/principal\/wp-json\/wp\/v2\/categories?post=145962"},{"taxonomy":"post_tag","embeddable":true,"href":"https:\/\/www.hoymercedes.com.ar\/principal\/wp-json\/wp\/v2\/tags?post=145962"}],"curies":[{"name":"wp","href":"https:\/\/api.w.org\/{rel}","templated":true}]}}