{"id":14597,"date":"2012-07-18T01:33:46","date_gmt":"2012-07-18T01:33:46","guid":{"rendered":"http:\/\/www.hoymercedes.com.ar\/principal\/?p=14597"},"modified":"2012-07-18T01:33:46","modified_gmt":"2012-07-18T01:33:46","slug":"segun-revista-provincial-mercedes-por-ahora-saltea-la-crisis-provincial","status":"publish","type":"post","link":"https:\/\/www.hoymercedes.com.ar\/principal\/2012\/07\/18\/segun-revista-provincial-mercedes-por-ahora-saltea-la-crisis-provincial\/","title":{"rendered":"Seg\u00fan Revista provincial, Mercedes, por ahora saltea la crisis provincial"},"content":{"rendered":"<p>Seg\u00fan un informe publicado en una revista de alcance provincial, la crisis del gobierno provincial con el pago en forma total de los aguinaldos ya peg\u00f3 en algunos municipios. Mercedes no se vio afectada financieramente y pag\u00f3 en<\/p>\n<p>tiempo y forma a sus empleados.<\/p>\n<p>El dinero percibido no fue, es, ni ser\u00e1, el esperado, y aquellos que ya ven\u00edan con los n\u00fameros en rojo sufrieron un cimbronazo del que les resulta pr\u00e1cticamente imposible recuperarse. Es el caso del gobierno de Pinamar, que, m\u00e1s all\u00e1 de la crisis pol\u00edtica por la que atraviesa desde hace un tiempo, no logra contener a los empleados municipales, que al d\u00eda de hoy no han cobrado una deuda grande de horas extra.<\/p>\n<p>Un p\u00e1rrafo aparte merecen quienes llegaron de manera tan ajustada que no les alcanz\u00f3 con frenar obras o reasignar partidas, sino que se vieron en la necesidad de \u201ctomar\u201d o \u201crecibir a modo de donaci\u00f3n\u201d el aguinaldo de los funcionarios de mayor rango, como sucedi\u00f3 en la ciudad de Necochea. Y son varias las ciudades que se han visto complicadas en estas horas para cumplir con los empleados, pero en Mercedes no. \u201cHemos sido responsables en el manejo de los recursos y hemos dado aumentos de acuerdo a nuestras finanzas. Por eso hoy podemos decir que pudimos cumplir normalmente\u201d, dijo el intendente Carlos Selva,<\/p>\n<p><span style=\"color: #888888;\">Fuente: MM<\/span><\/p>\n","protected":false},"excerpt":{"rendered":"<p>Seg\u00fan un informe publicado en una revista de alcance provincial, la crisis del gobierno provincial con el pago en forma &#8230; <a title=\"Seg\u00fan Revista provincial, Mercedes, por ahora saltea la crisis provincial\" class=\"read-more\" href=\"https:\/\/www.hoymercedes.com.ar\/principal\/2012\/07\/18\/segun-revista-provincial-mercedes-por-ahora-saltea-la-crisis-provincial\/\" aria-label=\"Leer m\u00e1s sobre Seg\u00fan Revista provincial, Mercedes, por ahora saltea la crisis provincial\">Leer m\u00e1s<\/a><\/p>\n","protected":false},"author":1,"featured_media":0,"comment_status":"open","ping_status":"open","sticky":false,"template":"","format":"standard","meta":{"_monsterinsights_skip_tracking":false,"_monsterinsights_sitenote_active":false,"_monsterinsights_sitenote_note":"","_monsterinsights_sitenote_category":0,"jetpack_post_was_ever_published":false,"_jetpack_newsletter_access":"","_jetpack_dont_email_post_to_subs":false,"_jetpack_newsletter_tier_id":0,"_jetpack_memberships_contains_paywalled_content":false,"_jetpack_memberships_contains_paid_content":false,"footnotes":"","jetpack_publicize_message":"","jetpack_publicize_feature_enabled":true,"jetpack_social_post_already_shared":false,"jetpack_social_options":{"image_generator_settings":{"template":"highway","default_image_id":0,"font":"","enabled":false},"version":2},"_wpas_customize_per_network":false},"categories":[5],"tags":[2528],"class_list":["post-14597","post","type-post","status-publish","format-standard","hentry","category-politica","tag-crisis-provincial","generate-columns","tablet-grid-50","mobile-grid-100","grid-parent","grid-50"],"jetpack_publicize_connections":[],"jetpack_featured_media_url":"","wps_subtitle":"","jetpack_sharing_enabled":true,"_links":{"self":[{"href":"https:\/\/www.hoymercedes.com.ar\/principal\/wp-json\/wp\/v2\/posts\/14597","targetHints":{"allow":["GET"]}}],"collection":[{"href":"https:\/\/www.hoymercedes.com.ar\/principal\/wp-json\/wp\/v2\/posts"}],"about":[{"href":"https:\/\/www.hoymercedes.com.ar\/principal\/wp-json\/wp\/v2\/types\/post"}],"author":[{"embeddable":true,"href":"https:\/\/www.hoymercedes.com.ar\/principal\/wp-json\/wp\/v2\/users\/1"}],"replies":[{"embeddable":true,"href":"https:\/\/www.hoymercedes.com.ar\/principal\/wp-json\/wp\/v2\/comments?post=14597"}],"version-history":[{"count":0,"href":"https:\/\/www.hoymercedes.com.ar\/principal\/wp-json\/wp\/v2\/posts\/14597\/revisions"}],"wp:attachment":[{"href":"https:\/\/www.hoymercedes.com.ar\/principal\/wp-json\/wp\/v2\/media?parent=14597"}],"wp:term":[{"taxonomy":"category","embeddable":true,"href":"https:\/\/www.hoymercedes.com.ar\/principal\/wp-json\/wp\/v2\/categories?post=14597"},{"taxonomy":"post_tag","embeddable":true,"href":"https:\/\/www.hoymercedes.com.ar\/principal\/wp-json\/wp\/v2\/tags?post=14597"}],"curies":[{"name":"wp","href":"https:\/\/api.w.org\/{rel}","templated":true}]}}