{"id":14600,"date":"2012-07-18T11:28:13","date_gmt":"2012-07-18T11:28:13","guid":{"rendered":"http:\/\/www.hoymercedes.com.ar\/principal\/?p=14600"},"modified":"2012-07-18T11:28:13","modified_gmt":"2012-07-18T11:28:13","slug":"invita-juventud-17-de-octubre-a-proyeccion-de-la-patagonia-rebelde","status":"publish","type":"post","link":"https:\/\/www.hoymercedes.com.ar\/principal\/2012\/07\/18\/invita-juventud-17-de-octubre-a-proyeccion-de-la-patagonia-rebelde\/","title":{"rendered":"Invita Juventud 17 de Octubre a proyecci\u00f3n de \u00abLa Patagonia Rebelde\u00bb"},"content":{"rendered":"<p><a href=\"https:\/\/www.hoymercedes.com.ar\/principal\/wp-content\/uploads\/2012\/07\/PatagoniaRebelde.jpg\"><img loading=\"lazy\" decoding=\"async\" data-attachment-id=\"14602\" data-permalink=\"https:\/\/www.hoymercedes.com.ar\/principal\/2012\/07\/18\/invita-juventud-17-de-octubre-a-proyeccion-de-la-patagonia-rebelde\/patagoniarebelde\/#main\" data-orig-file=\"https:\/\/www.hoymercedes.com.ar\/principal\/wp-content\/uploads\/2012\/07\/PatagoniaRebelde.jpg\" data-orig-size=\"270,439\" data-comments-opened=\"1\" data-image-meta=\"{&quot;aperture&quot;:&quot;0&quot;,&quot;credit&quot;:&quot;&quot;,&quot;camera&quot;:&quot;&quot;,&quot;caption&quot;:&quot;&quot;,&quot;created_timestamp&quot;:&quot;0&quot;,&quot;copyright&quot;:&quot;&quot;,&quot;focal_length&quot;:&quot;0&quot;,&quot;iso&quot;:&quot;0&quot;,&quot;shutter_speed&quot;:&quot;0&quot;,&quot;title&quot;:&quot;&quot;}\" data-image-title=\"PatagoniaRebelde\" data-image-description=\"\" data-image-caption=\"\" data-large-file=\"https:\/\/www.hoymercedes.com.ar\/principal\/wp-content\/uploads\/2012\/07\/PatagoniaRebelde.jpg\" class=\"aligncenter size-full wp-image-14602\" title=\"PatagoniaRebelde\" src=\"https:\/\/www.hoymercedes.com.ar\/principal\/wp-content\/uploads\/2012\/07\/PatagoniaRebelde.jpg\" alt=\"\" width=\"270\" height=\"439\" \/><\/a><\/p>\n<p>&nbsp;<\/p>\n<p>La juventud de la 17 de octubre invita a la comunidad a ser parte de una jornada de cine que se llevar\u00e1 a cabo el pr\u00f3ximo jueves 19 a las 18.30hs en la Sede Partidaria de calle 29 entre 20 y 22.<\/p>\n<p>En esta ocasi\u00f3n se proyetar\u00e1 un cl\u00e1sico del cine nacional, la Patagonia Rebelde, basada en los libros de Osvaldo Bayer.<\/p>\n<p>Se intentar\u00e1, por medio de la misma, hacer especial \u00e9nfasis en las cuestiones vinculadas al rol del Estado, el movimiento obrero, las relaciones de poder, los intereses, las cuestiones de pol\u00edtica nacional, etc.<\/p>\n<p><strong>Fragmento<\/strong><br \/>\n<iframe loading=\"lazy\" width=\"614\" height=\"461\" src=\"http:\/\/www.youtube.com\/embed\/RYxAizWj51Q?rel=0\" frameborder=\"0\" allowfullscreen><\/iframe><\/p>\n<p>&nbsp;<\/p>\n","protected":false},"excerpt":{"rendered":"<p>&nbsp; La juventud de la 17 de octubre invita a la comunidad a ser parte de una jornada de cine &#8230; <a title=\"Invita Juventud 17 de Octubre a proyecci\u00f3n de \u00abLa Patagonia Rebelde\u00bb\" class=\"read-more\" href=\"https:\/\/www.hoymercedes.com.ar\/principal\/2012\/07\/18\/invita-juventud-17-de-octubre-a-proyeccion-de-la-patagonia-rebelde\/\" aria-label=\"Leer m\u00e1s sobre Invita Juventud 17 de Octubre a proyecci\u00f3n de \u00abLa Patagonia Rebelde\u00bb\">Leer m\u00e1s<\/a><\/p>\n","protected":false},"author":1,"featured_media":0,"comment_status":"open","ping_status":"open","sticky":false,"template":"","format":"standard","meta":{"_monsterinsights_skip_tracking":false,"_monsterinsights_sitenote_active":false,"_monsterinsights_sitenote_note":"","_monsterinsights_sitenote_category":0,"jetpack_post_was_ever_published":false,"_jetpack_newsletter_access":"","_jetpack_dont_email_post_to_subs":false,"_jetpack_newsletter_tier_id":0,"_jetpack_memberships_contains_paywalled_content":false,"_jetpack_memberships_contains_paid_content":false,"footnotes":"","jetpack_publicize_message":"","jetpack_publicize_feature_enabled":true,"jetpack_social_post_already_shared":false,"jetpack_social_options":{"image_generator_settings":{"template":"highway","default_image_id":0,"font":"","enabled":false},"version":2},"_wpas_customize_per_network":false},"categories":[5],"tags":[751,2417,2529],"class_list":["post-14600","post","type-post","status-publish","format-standard","hentry","category-politica","tag-juventud-17-de-octubre","tag-juventud-17-de-octubre-mercedes","tag-patagonia-rebelde","generate-columns","tablet-grid-50","mobile-grid-100","grid-parent","grid-50"],"jetpack_publicize_connections":[],"jetpack_featured_media_url":"","wps_subtitle":"","jetpack_sharing_enabled":true,"_links":{"self":[{"href":"https:\/\/www.hoymercedes.com.ar\/principal\/wp-json\/wp\/v2\/posts\/14600","targetHints":{"allow":["GET"]}}],"collection":[{"href":"https:\/\/www.hoymercedes.com.ar\/principal\/wp-json\/wp\/v2\/posts"}],"about":[{"href":"https:\/\/www.hoymercedes.com.ar\/principal\/wp-json\/wp\/v2\/types\/post"}],"author":[{"embeddable":true,"href":"https:\/\/www.hoymercedes.com.ar\/principal\/wp-json\/wp\/v2\/users\/1"}],"replies":[{"embeddable":true,"href":"https:\/\/www.hoymercedes.com.ar\/principal\/wp-json\/wp\/v2\/comments?post=14600"}],"version-history":[{"count":0,"href":"https:\/\/www.hoymercedes.com.ar\/principal\/wp-json\/wp\/v2\/posts\/14600\/revisions"}],"wp:attachment":[{"href":"https:\/\/www.hoymercedes.com.ar\/principal\/wp-json\/wp\/v2\/media?parent=14600"}],"wp:term":[{"taxonomy":"category","embeddable":true,"href":"https:\/\/www.hoymercedes.com.ar\/principal\/wp-json\/wp\/v2\/categories?post=14600"},{"taxonomy":"post_tag","embeddable":true,"href":"https:\/\/www.hoymercedes.com.ar\/principal\/wp-json\/wp\/v2\/tags?post=14600"}],"curies":[{"name":"wp","href":"https:\/\/api.w.org\/{rel}","templated":true}]}}