{"id":146032,"date":"2022-03-30T14:53:07","date_gmt":"2022-03-30T17:53:07","guid":{"rendered":"https:\/\/www.hoymercedes.com.ar\/principal\/?p=146032"},"modified":"2022-03-30T14:53:16","modified_gmt":"2022-03-30T17:53:16","slug":"se-inaugura-en-el-complejo-udaondo-la-muestra-malvinas-relatos-de-una-usurpacion","status":"publish","type":"post","link":"https:\/\/www.hoymercedes.com.ar\/principal\/2022\/03\/30\/se-inaugura-en-el-complejo-udaondo-la-muestra-malvinas-relatos-de-una-usurpacion\/","title":{"rendered":"Se inaugura en el Complejo Udaondo la muestra \u201cMalvinas: Relatos de una Usurpaci\u00f3n\u201d\u00a0"},"content":{"rendered":"\n<p><em>A 40 a\u00f1os del conflicto armado internacional entre Argentina y Gran Breta\u00f1a, el Archivo Hist\u00f3rico Dr. Ricardo Levene, dependiente del Instituto Cultural de la Provincia de Buenos Aires, presenta esta exposici\u00f3n compuesta por documentaci\u00f3n hist\u00f3rica, fotograf\u00edas e im\u00e1genes.\u00a0<\/em>\u00a0<\/p>\n\n\n\n<div class=\"wp-block-image\"><figure class=\"aligncenter size-large is-resized\"><img loading=\"lazy\" decoding=\"async\" data-attachment-id=\"146033\" data-permalink=\"https:\/\/www.hoymercedes.com.ar\/principal\/2022\/03\/30\/se-inaugura-en-el-complejo-udaondo-la-muestra-malvinas-relatos-de-una-usurpacion\/museo-udaondo\/#main\" data-orig-file=\"https:\/\/www.hoymercedes.com.ar\/principal\/wp-content\/uploads\/2022\/03\/Museo-udaondo-e1648683047962.jpg\" data-orig-size=\"800,591\" data-comments-opened=\"0\" data-image-meta=\"{&quot;aperture&quot;:&quot;0&quot;,&quot;credit&quot;:&quot;&quot;,&quot;camera&quot;:&quot;&quot;,&quot;caption&quot;:&quot;&quot;,&quot;created_timestamp&quot;:&quot;0&quot;,&quot;copyright&quot;:&quot;&quot;,&quot;focal_length&quot;:&quot;0&quot;,&quot;iso&quot;:&quot;0&quot;,&quot;shutter_speed&quot;:&quot;0&quot;,&quot;title&quot;:&quot;&quot;,&quot;orientation&quot;:&quot;0&quot;}\" data-image-title=\"Museo udaondo\" data-image-description=\"\" data-image-caption=\"\" data-large-file=\"https:\/\/www.hoymercedes.com.ar\/principal\/wp-content\/uploads\/2022\/03\/Museo-udaondo-1024x757.jpg\" src=\"https:\/\/www.hoymercedes.com.ar\/principal\/wp-content\/uploads\/2022\/03\/Museo-udaondo-1024x757.jpg\" alt=\"\" class=\"wp-image-146033\" width=\"621\" height=\"458\"\/><\/figure><\/div>\n\n\n\n<p>El Instituto Cultural de la Provincia de Buenos Aires, bajo la consigna \u201cSoberan\u00eda Es Cultura\u201d,&nbsp; inaugura este 2 de abril la exposici\u00f3n \u201cMalvinas: Relatos de una Usurpaci\u00f3n\u201d en el Complejo Museogr\u00e1fico Enrique Udaondo de Luj\u00e1n. La exposici\u00f3n es montada por el Archivo Hist\u00f3rico de la Provincia de Buenos Aires\u202f Dr. Ricardo Levene y aborda los or\u00edgenes de la cuesti\u00f3n Malvinas, tem\u00e1tica presente en la memoria colectiva, emblem\u00e1tica y particularmente sensible al cumplirse los 40 a\u00f1os del conflicto armado internacional entre Argentina y Gran Breta\u00f1a, por los archipi\u00e9lagos del Atl\u00e1ntico Sur: Malvinas, Georgias del Sur y Sandwich del Sur.\u202f&nbsp;<\/p>\n\n\n\n<p>Entre el material exhibido se podr\u00e1 conocer documentaci\u00f3n hist\u00f3rica relacionada con\u202f los derechos soberanos sobre esos territorios a trav\u00e9s del tiempo, desde la \u00e9poca de la colonia hasta el momento de la usurpaci\u00f3n,\u202f los posteriores reclamos hasta el per\u00edodo de la organizaci\u00f3n nacional, y el valor estrat\u00e9gico de las Islas Malvinas y zonas adyacentes, donde los recursos naturales ocupan un lugar central.\u202f\u202f\u202f&nbsp;<\/p>\n\n\n\n<p>La documentaci\u00f3n hist\u00f3rica de la muestra ser\u00e1 acompa\u00f1ada por im\u00e1genes actuales tomadas en Las Islas por Pablo La Ferrara, que le permiten al visitante instalarse en el enigm\u00e1tico paisaje malvinense.\u202f&nbsp;<\/p>\n\n\n\n<p>La exposici\u00f3n estar\u00e1 abierta al p\u00fablico del 2 de abril al 2 de mayo, en el Patio de Honor del Complejo Museogr\u00e1fico Provincial Enrique Udaondo, los jueves y viernes de 11 a 17 hs, y s\u00e1bados, domingos y feriados de 11 a 18 hs.\u00a0<br><\/p>\n","protected":false},"excerpt":{"rendered":"<p>A 40 a\u00f1os del conflicto armado internacional entre Argentina y Gran Breta\u00f1a, el Archivo Hist\u00f3rico Dr. Ricardo Levene, dependiente del &#8230; <a title=\"Se inaugura en el Complejo Udaondo la muestra \u201cMalvinas: Relatos de una Usurpaci\u00f3n\u201d\u00a0\" class=\"read-more\" href=\"https:\/\/www.hoymercedes.com.ar\/principal\/2022\/03\/30\/se-inaugura-en-el-complejo-udaondo-la-muestra-malvinas-relatos-de-una-usurpacion\/\" aria-label=\"Leer m\u00e1s sobre Se inaugura en el Complejo Udaondo la muestra \u201cMalvinas: Relatos de una Usurpaci\u00f3n\u201d\u00a0\">Leer m\u00e1s<\/a><\/p>\n","protected":false},"author":1,"featured_media":146033,"comment_status":"closed","ping_status":"open","sticky":false,"template":"","format":"standard","meta":{"_monsterinsights_skip_tracking":false,"_monsterinsights_sitenote_active":false,"_monsterinsights_sitenote_note":"","_monsterinsights_sitenote_category":0,"jetpack_post_was_ever_published":false,"_jetpack_newsletter_access":"","_jetpack_dont_email_post_to_subs":false,"_jetpack_newsletter_tier_id":0,"_jetpack_memberships_contains_paywalled_content":false,"_jetpack_memberships_contains_paid_content":false,"footnotes":"","jetpack_publicize_message":"","jetpack_publicize_feature_enabled":true,"jetpack_social_post_already_shared":true,"jetpack_social_options":{"image_generator_settings":{"template":"highway","default_image_id":0,"font":"","enabled":false},"version":2},"_wpas_customize_per_network":false},"categories":[104],"tags":[7805],"class_list":["post-146032","post","type-post","status-publish","format-standard","has-post-thumbnail","hentry","category-cultura","tag-cultura","generate-columns","tablet-grid-50","mobile-grid-100","grid-parent","grid-50"],"jetpack_publicize_connections":[],"jetpack_featured_media_url":"https:\/\/www.hoymercedes.com.ar\/principal\/wp-content\/uploads\/2022\/03\/Museo-udaondo-e1648683047962.jpg","wps_subtitle":"En Luj\u00e1n","jetpack_sharing_enabled":true,"_links":{"self":[{"href":"https:\/\/www.hoymercedes.com.ar\/principal\/wp-json\/wp\/v2\/posts\/146032","targetHints":{"allow":["GET"]}}],"collection":[{"href":"https:\/\/www.hoymercedes.com.ar\/principal\/wp-json\/wp\/v2\/posts"}],"about":[{"href":"https:\/\/www.hoymercedes.com.ar\/principal\/wp-json\/wp\/v2\/types\/post"}],"author":[{"embeddable":true,"href":"https:\/\/www.hoymercedes.com.ar\/principal\/wp-json\/wp\/v2\/users\/1"}],"replies":[{"embeddable":true,"href":"https:\/\/www.hoymercedes.com.ar\/principal\/wp-json\/wp\/v2\/comments?post=146032"}],"version-history":[{"count":0,"href":"https:\/\/www.hoymercedes.com.ar\/principal\/wp-json\/wp\/v2\/posts\/146032\/revisions"}],"wp:featuredmedia":[{"embeddable":true,"href":"https:\/\/www.hoymercedes.com.ar\/principal\/wp-json\/wp\/v2\/media\/146033"}],"wp:attachment":[{"href":"https:\/\/www.hoymercedes.com.ar\/principal\/wp-json\/wp\/v2\/media?parent=146032"}],"wp:term":[{"taxonomy":"category","embeddable":true,"href":"https:\/\/www.hoymercedes.com.ar\/principal\/wp-json\/wp\/v2\/categories?post=146032"},{"taxonomy":"post_tag","embeddable":true,"href":"https:\/\/www.hoymercedes.com.ar\/principal\/wp-json\/wp\/v2\/tags?post=146032"}],"curies":[{"name":"wp","href":"https:\/\/api.w.org\/{rel}","templated":true}]}}