{"id":146074,"date":"2022-04-03T17:19:33","date_gmt":"2022-04-03T20:19:33","guid":{"rendered":"https:\/\/www.hoymercedes.com.ar\/principal\/?p=146074"},"modified":"2022-04-03T17:19:39","modified_gmt":"2022-04-03T20:19:39","slug":"automovilismo-gano-javier-funcia","status":"publish","type":"post","link":"https:\/\/www.hoymercedes.com.ar\/principal\/2022\/04\/03\/automovilismo-gano-javier-funcia\/","title":{"rendered":"Automovilismo: Gan\u00f3 Javier Funcia"},"content":{"rendered":"\n<p>El \u00abFlaco\u00bb Javier Funcia se qued\u00f3 con la victoria en la\u00a0Clase A\u00a0en su regreso a la categor\u00eda con el Ford del LZ Racing motorizado por el Mammarella Racing. Luis Maggini y \u00abManolito\u00bb Rodriguezfueron sus escoltas. El experimentado piloto de Mercedes volvi\u00f3 a la categor\u00eda como piloto oficial. El triunfo fue en la segunda fecha del a\u00f1o del Procar4000 realizada los d\u00edas 2 y 3 de abril en el Aut\u00f3dromo de 9 de Julio. <\/p>\n\n\n\n<div class=\"wp-block-image\"><figure class=\"aligncenter size-full\"><img loading=\"lazy\" decoding=\"async\" width=\"598\" height=\"399\" data-attachment-id=\"146208\" data-permalink=\"https:\/\/www.hoymercedes.com.ar\/principal\/2022\/04\/03\/automovilismo-gano-javier-funcia\/funcia\/#main\" data-orig-file=\"https:\/\/www.hoymercedes.com.ar\/principal\/wp-content\/uploads\/2022\/04\/funcia.png\" data-orig-size=\"598,399\" data-comments-opened=\"0\" data-image-meta=\"{&quot;aperture&quot;:&quot;0&quot;,&quot;credit&quot;:&quot;&quot;,&quot;camera&quot;:&quot;&quot;,&quot;caption&quot;:&quot;&quot;,&quot;created_timestamp&quot;:&quot;0&quot;,&quot;copyright&quot;:&quot;&quot;,&quot;focal_length&quot;:&quot;0&quot;,&quot;iso&quot;:&quot;0&quot;,&quot;shutter_speed&quot;:&quot;0&quot;,&quot;title&quot;:&quot;&quot;,&quot;orientation&quot;:&quot;0&quot;}\" data-image-title=\"funcia\" data-image-description=\"\" data-image-caption=\"\" data-large-file=\"https:\/\/www.hoymercedes.com.ar\/principal\/wp-content\/uploads\/2022\/04\/funcia.png\" src=\"https:\/\/www.hoymercedes.com.ar\/principal\/wp-content\/uploads\/2022\/04\/funcia.png\" alt=\"\" class=\"wp-image-146208\" srcset=\"https:\/\/www.hoymercedes.com.ar\/principal\/wp-content\/uploads\/2022\/04\/funcia.png 598w, https:\/\/www.hoymercedes.com.ar\/principal\/wp-content\/uploads\/2022\/04\/funcia-150x100.png 150w\" sizes=\"auto, (max-width: 598px) 100vw, 598px\" \/><\/figure><\/div>\n\n\n\n<p>Fuente: sitio oficial Procar4000<\/p>\n","protected":false},"excerpt":{"rendered":"<p>El \u00abFlaco\u00bb Javier Funcia se qued\u00f3 con la victoria en la\u00a0Clase A\u00a0en su regreso a la categor\u00eda con el Ford &#8230; <a title=\"Automovilismo: Gan\u00f3 Javier Funcia\" class=\"read-more\" href=\"https:\/\/www.hoymercedes.com.ar\/principal\/2022\/04\/03\/automovilismo-gano-javier-funcia\/\" aria-label=\"Leer m\u00e1s sobre Automovilismo: Gan\u00f3 Javier Funcia\">Leer m\u00e1s<\/a><\/p>\n","protected":false},"author":1,"featured_media":146208,"comment_status":"closed","ping_status":"open","sticky":false,"template":"","format":"standard","meta":{"_monsterinsights_skip_tracking":false,"_monsterinsights_sitenote_active":false,"_monsterinsights_sitenote_note":"","_monsterinsights_sitenote_category":0,"jetpack_post_was_ever_published":false,"_jetpack_newsletter_access":"","_jetpack_dont_email_post_to_subs":false,"_jetpack_newsletter_tier_id":0,"_jetpack_memberships_contains_paywalled_content":false,"_jetpack_memberships_contains_paid_content":false,"footnotes":"","jetpack_publicize_message":"","jetpack_publicize_feature_enabled":true,"jetpack_social_post_already_shared":true,"jetpack_social_options":{"image_generator_settings":{"template":"highway","default_image_id":0,"font":"","enabled":false},"version":2},"_wpas_customize_per_network":false},"categories":[21],"tags":[204],"class_list":["post-146074","post","type-post","status-publish","format-standard","has-post-thumbnail","hentry","category-deportes","tag-deportes-2","generate-columns","tablet-grid-50","mobile-grid-100","grid-parent","grid-50"],"jetpack_publicize_connections":[],"jetpack_featured_media_url":"https:\/\/www.hoymercedes.com.ar\/principal\/wp-content\/uploads\/2022\/04\/funcia.png","wps_subtitle":"En la carrera del domingo","jetpack_sharing_enabled":true,"jetpack-related-posts":[{"id":103009,"url":"https:\/\/www.hoymercedes.com.ar\/principal\/2019\/11\/26\/el-hcd-reconoce-al-piloto-automovilismo-javier-funcia\/","url_meta":{"origin":146074,"position":0},"title":"El HCD reconoce al piloto automovilismo Javier Funcia","author":"hoymercedes","date":"26 noviembre, 2019","format":false,"excerpt":"En el marco de la \u00faltima sesi\u00f3n ordinaria del Concejo Deliberante de Mercedes del lunes, los legisladores entregaron una distinci\u00f3n y reconocimiento al corredor automovil\u00edstico Javier Funcia. Los presidentes de los bloques y la titular del cuerpo convocaron al corredor y a su familia para hacerle la entrega de la\u2026","rel":"","context":"En \u00abDeportes\u00bb","block_context":{"text":"Deportes","link":"https:\/\/www.hoymercedes.com.ar\/principal\/category\/deportes\/"},"img":{"alt_text":"","src":"https:\/\/i0.wp.com\/www.hoymercedes.com.ar\/principal\/wp-content\/uploads\/2019\/11\/26-funcia-800x600.jpg?resize=350%2C200&ssl=1","width":350,"height":200,"srcset":"https:\/\/i0.wp.com\/www.hoymercedes.com.ar\/principal\/wp-content\/uploads\/2019\/11\/26-funcia-800x600.jpg?resize=350%2C200&ssl=1 1x, https:\/\/i0.wp.com\/www.hoymercedes.com.ar\/principal\/wp-content\/uploads\/2019\/11\/26-funcia-800x600.jpg?resize=525%2C300&ssl=1 1.5x, https:\/\/i0.wp.com\/www.hoymercedes.com.ar\/principal\/wp-content\/uploads\/2019\/11\/26-funcia-800x600.jpg?resize=700%2C400&ssl=1 2x"},"classes":[]},{"id":118707,"url":"https:\/\/www.hoymercedes.com.ar\/principal\/2020\/10\/19\/javier-funcia-octavo-el-sabado-y-cuarto-el-domingo-en-el-mouras-de-la-plata\/","url_meta":{"origin":146074,"position":1},"title":"Javier Funcia, octavo el s\u00e1bado y cuarto el domingo en el Mouras de La Plata","author":"hoymercedes","date":"19 octubre, 2020","format":false,"excerpt":"Volvi\u00f3 el Turismo 4000 Argentino este fin de semana luego de siete meses de espera por la pandemia de Coronavirus y el piloto Javier Funcia tuvo una buena actuaci\u00f3n a bordo de su auto. En la jornada del s\u00e1bado Funcia qued\u00f3 octavo. El mercedino ven\u00eda cerca del puntero hasta que\u2026","rel":"","context":"En \u00abDeportes\u00bb","block_context":{"text":"Deportes","link":"https:\/\/www.hoymercedes.com.ar\/principal\/category\/deportes\/"},"img":{"alt_text":"","src":"https:\/\/i0.wp.com\/www.hoymercedes.com.ar\/principal\/wp-content\/uploads\/2020\/10\/Javier-Funcia-cuarta-fecha.jpg?resize=350%2C200&ssl=1","width":350,"height":200,"srcset":"https:\/\/i0.wp.com\/www.hoymercedes.com.ar\/principal\/wp-content\/uploads\/2020\/10\/Javier-Funcia-cuarta-fecha.jpg?resize=350%2C200&ssl=1 1x, https:\/\/i0.wp.com\/www.hoymercedes.com.ar\/principal\/wp-content\/uploads\/2020\/10\/Javier-Funcia-cuarta-fecha.jpg?resize=525%2C300&ssl=1 1.5x, https:\/\/i0.wp.com\/www.hoymercedes.com.ar\/principal\/wp-content\/uploads\/2020\/10\/Javier-Funcia-cuarta-fecha.jpg?resize=700%2C400&ssl=1 2x"},"classes":[]},{"id":138468,"url":"https:\/\/www.hoymercedes.com.ar\/principal\/2021\/10\/11\/javier-funcia-llego-segundo-pero-gano-ante-la-exclusion-del-primero\/","url_meta":{"origin":146074,"position":2},"title":"Javier Funcia lleg\u00f3 segundo, pero gan\u00f3 ante la exclusi\u00f3n del primero","author":"hoymercedes","date":"11 octubre, 2021","format":false,"excerpt":"En el fin de semana que marc\u00f3 el retorno protocolarizado del p\u00fablico al Mouras de La Plata, Javier Funcia sorte\u00f3 una carrera compleja por la condici\u00f3n clim\u00e1tica adeversa. Tras el quinto puesto logrado el d\u00eda s\u00e1bado, Funcia se posicion\u00f3 segundo hasta mitad de carrera d\u00f3nde perdi\u00f3 el lugar con Gonzalo\u2026","rel":"","context":"En \u00abDeportes\u00bb","block_context":{"text":"Deportes","link":"https:\/\/www.hoymercedes.com.ar\/principal\/category\/deportes\/"},"img":{"alt_text":"","src":"https:\/\/i0.wp.com\/www.hoymercedes.com.ar\/principal\/wp-content\/uploads\/2021\/10\/10-funcia-21.jpg?resize=350%2C200&ssl=1","width":350,"height":200,"srcset":"https:\/\/i0.wp.com\/www.hoymercedes.com.ar\/principal\/wp-content\/uploads\/2021\/10\/10-funcia-21.jpg?resize=350%2C200&ssl=1 1x, https:\/\/i0.wp.com\/www.hoymercedes.com.ar\/principal\/wp-content\/uploads\/2021\/10\/10-funcia-21.jpg?resize=525%2C300&ssl=1 1.5x, https:\/\/i0.wp.com\/www.hoymercedes.com.ar\/principal\/wp-content\/uploads\/2021\/10\/10-funcia-21.jpg?resize=700%2C400&ssl=1 2x"},"classes":[]},{"id":37214,"url":"https:\/\/www.hoymercedes.com.ar\/principal\/2014\/10\/27\/carlos-selva-recibio-al-campeon-y-mercedino-javier-funcia\/","url_meta":{"origin":146074,"position":3},"title":"Carlos Selva recibi\u00f3 al campe\u00f3n y mercedino Javier Funcia","author":"hoymercedes","date":"27 octubre, 2014","format":false,"excerpt":"Mercedes sigue generando orgullos deportivos y en esta ocasi\u00f3n el galard\u00f3n de campe\u00f3n recay\u00f3 en el piloto local Javier Funcia, quien se consagr\u00f3 en el Turismo 4000 Argentino. El mercedino consigui\u00f3 el t\u00edtulo en la carrera de Gualeguay y a falta de una sola carrera que se correr\u00e1 en La\u2026","rel":"","context":"En \u00abDeportes\u00bb","block_context":{"text":"Deportes","link":"https:\/\/www.hoymercedes.com.ar\/principal\/category\/deportes\/"},"img":{"alt_text":"selva-funcia","src":"https:\/\/i0.wp.com\/www.hoymercedes.com.ar\/principal\/wp-content\/uploads\/2014\/10\/selva-funcia1.jpg?resize=350%2C200","width":350,"height":200,"srcset":"https:\/\/i0.wp.com\/www.hoymercedes.com.ar\/principal\/wp-content\/uploads\/2014\/10\/selva-funcia1.jpg?resize=350%2C200 1x, https:\/\/i0.wp.com\/www.hoymercedes.com.ar\/principal\/wp-content\/uploads\/2014\/10\/selva-funcia1.jpg?resize=525%2C300 1.5x"},"classes":[]},{"id":66623,"url":"https:\/\/www.hoymercedes.com.ar\/principal\/2017\/09\/01\/javier-funcia-corre-este-fin-de-semana-en-concepcion-del-uruguay\/","url_meta":{"origin":146074,"position":4},"title":"Javier Funcia corre este fin de semana en Concepci\u00f3n del Uruguay","author":"hoymercedes","date":"1 septiembre, 2017","format":false,"excerpt":"Por Iv\u00e1n Alday. Javier Funcia dialog\u00f3 con el programa Autobox, por FM La Tribuna, que se emite los martes y jueves de 14 a 15, donde coment\u00f3 que visita con grandes expectativas el trasado entrerriano en b\u00fasqueda del triunfo que le permita escalar posiciones en el torneo a bordo de\u2026","rel":"","context":"En \u00abDeportes\u00bb","block_context":{"text":"Deportes","link":"https:\/\/www.hoymercedes.com.ar\/principal\/category\/deportes\/"},"img":{"alt_text":"","src":"https:\/\/i0.wp.com\/www.hoymercedes.com.ar\/principal\/wp-content\/uploads\/2016\/07\/Javier-Funcia.jpg?resize=350%2C200&ssl=1","width":350,"height":200,"srcset":"https:\/\/i0.wp.com\/www.hoymercedes.com.ar\/principal\/wp-content\/uploads\/2016\/07\/Javier-Funcia.jpg?resize=350%2C200&ssl=1 1x, https:\/\/i0.wp.com\/www.hoymercedes.com.ar\/principal\/wp-content\/uploads\/2016\/07\/Javier-Funcia.jpg?resize=525%2C300&ssl=1 1.5x, https:\/\/i0.wp.com\/www.hoymercedes.com.ar\/principal\/wp-content\/uploads\/2016\/07\/Javier-Funcia.jpg?resize=700%2C400&ssl=1 2x"},"classes":[]},{"id":120250,"url":"https:\/\/www.hoymercedes.com.ar\/principal\/2020\/11\/16\/segundo-y-cuarto-las-posiciones-de-otra-doble-fecha-del-turismo-4000-argentino-para-javier-funcia\/","url_meta":{"origin":146074,"position":5},"title":"Segundo y cuarto, las posiciones de otra doble fecha del Turismo 4000 Argentino para Javier Funcia","author":"hoymercedes","date":"16 noviembre, 2020","format":false,"excerpt":"En el circuito Mouras de La Plata se corri\u00f3 la quinta y sexta fecha del Turismo 4000 Argentino donde Javier Funcia fue protagonista en ambas jornadas. Todo comenz\u00f3 el viernes cuando se iniciaron las clasificaciones con las pruebas libre y entrenamientos quedando en la jornada de hoy la clasificaci\u00f3n m\u00e1s\u2026","rel":"","context":"En \u00abDeportes\u00bb","block_context":{"text":"Deportes","link":"https:\/\/www.hoymercedes.com.ar\/principal\/category\/deportes\/"},"img":{"alt_text":"","src":"https:\/\/i0.wp.com\/www.hoymercedes.com.ar\/principal\/wp-content\/uploads\/2020\/11\/Javier-Funcia-Podio.jpg?resize=350%2C200&ssl=1","width":350,"height":200,"srcset":"https:\/\/i0.wp.com\/www.hoymercedes.com.ar\/principal\/wp-content\/uploads\/2020\/11\/Javier-Funcia-Podio.jpg?resize=350%2C200&ssl=1 1x, https:\/\/i0.wp.com\/www.hoymercedes.com.ar\/principal\/wp-content\/uploads\/2020\/11\/Javier-Funcia-Podio.jpg?resize=525%2C300&ssl=1 1.5x"},"classes":[]}],"_links":{"self":[{"href":"https:\/\/www.hoymercedes.com.ar\/principal\/wp-json\/wp\/v2\/posts\/146074","targetHints":{"allow":["GET"]}}],"collection":[{"href":"https:\/\/www.hoymercedes.com.ar\/principal\/wp-json\/wp\/v2\/posts"}],"about":[{"href":"https:\/\/www.hoymercedes.com.ar\/principal\/wp-json\/wp\/v2\/types\/post"}],"author":[{"embeddable":true,"href":"https:\/\/www.hoymercedes.com.ar\/principal\/wp-json\/wp\/v2\/users\/1"}],"replies":[{"embeddable":true,"href":"https:\/\/www.hoymercedes.com.ar\/principal\/wp-json\/wp\/v2\/comments?post=146074"}],"version-history":[{"count":0,"href":"https:\/\/www.hoymercedes.com.ar\/principal\/wp-json\/wp\/v2\/posts\/146074\/revisions"}],"wp:featuredmedia":[{"embeddable":true,"href":"https:\/\/www.hoymercedes.com.ar\/principal\/wp-json\/wp\/v2\/media\/146208"}],"wp:attachment":[{"href":"https:\/\/www.hoymercedes.com.ar\/principal\/wp-json\/wp\/v2\/media?parent=146074"}],"wp:term":[{"taxonomy":"category","embeddable":true,"href":"https:\/\/www.hoymercedes.com.ar\/principal\/wp-json\/wp\/v2\/categories?post=146074"},{"taxonomy":"post_tag","embeddable":true,"href":"https:\/\/www.hoymercedes.com.ar\/principal\/wp-json\/wp\/v2\/tags?post=146074"}],"curies":[{"name":"wp","href":"https:\/\/api.w.org\/{rel}","templated":true}]}}