{"id":146098,"date":"2022-04-01T00:23:24","date_gmt":"2022-04-01T03:23:24","guid":{"rendered":"https:\/\/www.hoymercedes.com.ar\/principal\/?p=146098"},"modified":"2022-04-01T00:23:33","modified_gmt":"2022-04-01T03:23:33","slug":"siniestro-fatal-con-dos-victimas-en-ruta-nacional-no5","status":"publish","type":"post","link":"https:\/\/www.hoymercedes.com.ar\/principal\/2022\/04\/01\/siniestro-fatal-con-dos-victimas-en-ruta-nacional-no5\/","title":{"rendered":"Siniestro fatal con dos v\u00edctimas en ruta nacional n\u00ba5"},"content":{"rendered":"\n<figure class=\"wp-block-image size-large is-resized\"><img loading=\"lazy\" decoding=\"async\" data-attachment-id=\"146099\" data-permalink=\"https:\/\/www.hoymercedes.com.ar\/principal\/2022\/04\/01\/siniestro-fatal-con-dos-victimas-en-ruta-nacional-no5\/siniestro-01-04-2022\/#main\" data-orig-file=\"https:\/\/www.hoymercedes.com.ar\/principal\/wp-content\/uploads\/2022\/04\/Siniestro-01.04.2022.jpg\" data-orig-size=\"1152,532\" data-comments-opened=\"0\" data-image-meta=\"{&quot;aperture&quot;:&quot;0&quot;,&quot;credit&quot;:&quot;&quot;,&quot;camera&quot;:&quot;&quot;,&quot;caption&quot;:&quot;&quot;,&quot;created_timestamp&quot;:&quot;0&quot;,&quot;copyright&quot;:&quot;&quot;,&quot;focal_length&quot;:&quot;0&quot;,&quot;iso&quot;:&quot;0&quot;,&quot;shutter_speed&quot;:&quot;0&quot;,&quot;title&quot;:&quot;&quot;,&quot;orientation&quot;:&quot;0&quot;}\" data-image-title=\"Siniestro-01.04.2022\" data-image-description=\"\" data-image-caption=\"\" data-large-file=\"https:\/\/www.hoymercedes.com.ar\/principal\/wp-content\/uploads\/2022\/04\/Siniestro-01.04.2022-1024x473.jpg\" src=\"https:\/\/www.hoymercedes.com.ar\/principal\/wp-content\/uploads\/2022\/04\/Siniestro-01.04.2022-1024x473.jpg\" alt=\"\" class=\"wp-image-146099\" width=\"963\" height=\"444\" srcset=\"https:\/\/www.hoymercedes.com.ar\/principal\/wp-content\/uploads\/2022\/04\/Siniestro-01.04.2022-1024x473.jpg 1024w, https:\/\/www.hoymercedes.com.ar\/principal\/wp-content\/uploads\/2022\/04\/Siniestro-01.04.2022-630x291.jpg 630w, https:\/\/www.hoymercedes.com.ar\/principal\/wp-content\/uploads\/2022\/04\/Siniestro-01.04.2022-150x69.jpg 150w, https:\/\/www.hoymercedes.com.ar\/principal\/wp-content\/uploads\/2022\/04\/Siniestro-01.04.2022.jpg 1152w\" sizes=\"auto, (max-width: 963px) 100vw, 963px\" \/><\/figure>\n\n\n\n<p>Las victimas fueron identificadas como Susana Lascano, de 60 a\u00f1os de edad, Andrea Martinez, de 25 a\u00f1os de edad, domiciliadas en Trenque Lauquen. Con heridas graves hay otros tres viajantes de 58, 24 y 2 a\u00f1os de edad respectivamente.<\/p>\n\n\n\n<p>En el lugar actuaron las fuerzas de seguridad y cuidado de la vida de la localidad de Suipacha.<\/p>\n\n\n\n<p>Se supo que intervino la U.F.I N\u00ba6 de Mercedes y la car\u00e1tula ser\u00eda \u00abDoble homicidio culposo\u00bb<\/p>\n","protected":false},"excerpt":{"rendered":"<p>Las victimas fueron identificadas como Susana Lascano, de 60 a\u00f1os de edad, Andrea Martinez, de 25 a\u00f1os de edad, domiciliadas &#8230; <a title=\"Siniestro fatal con dos v\u00edctimas en ruta nacional n\u00ba5\" class=\"read-more\" href=\"https:\/\/www.hoymercedes.com.ar\/principal\/2022\/04\/01\/siniestro-fatal-con-dos-victimas-en-ruta-nacional-no5\/\" aria-label=\"Leer m\u00e1s sobre Siniestro fatal con dos v\u00edctimas en ruta nacional n\u00ba5\">Leer m\u00e1s<\/a><\/p>\n","protected":false},"author":1,"featured_media":146099,"comment_status":"closed","ping_status":"open","sticky":false,"template":"","format":"standard","meta":{"_monsterinsights_skip_tracking":false,"_monsterinsights_sitenote_active":false,"_monsterinsights_sitenote_note":"","_monsterinsights_sitenote_category":0,"jetpack_post_was_ever_published":false,"_jetpack_newsletter_access":"","_jetpack_dont_email_post_to_subs":false,"_jetpack_newsletter_tier_id":0,"_jetpack_memberships_contains_paywalled_content":false,"_jetpack_memberships_contains_paid_content":false,"footnotes":"","jetpack_publicize_message":"","jetpack_publicize_feature_enabled":true,"jetpack_social_post_already_shared":true,"jetpack_social_options":{"image_generator_settings":{"template":"highway","default_image_id":0,"font":"","enabled":false},"version":2},"_wpas_customize_per_network":false},"categories":[8],"tags":[10395],"class_list":["post-146098","post","type-post","status-publish","format-standard","has-post-thumbnail","hentry","category-sociedad","tag-siniestro-vial","generate-columns","tablet-grid-50","mobile-grid-100","grid-parent","grid-50"],"jetpack_publicize_connections":[],"jetpack_featured_media_url":"https:\/\/www.hoymercedes.com.ar\/principal\/wp-content\/uploads\/2022\/04\/Siniestro-01.04.2022.jpg","wps_subtitle":"","jetpack_sharing_enabled":true,"_links":{"self":[{"href":"https:\/\/www.hoymercedes.com.ar\/principal\/wp-json\/wp\/v2\/posts\/146098","targetHints":{"allow":["GET"]}}],"collection":[{"href":"https:\/\/www.hoymercedes.com.ar\/principal\/wp-json\/wp\/v2\/posts"}],"about":[{"href":"https:\/\/www.hoymercedes.com.ar\/principal\/wp-json\/wp\/v2\/types\/post"}],"author":[{"embeddable":true,"href":"https:\/\/www.hoymercedes.com.ar\/principal\/wp-json\/wp\/v2\/users\/1"}],"replies":[{"embeddable":true,"href":"https:\/\/www.hoymercedes.com.ar\/principal\/wp-json\/wp\/v2\/comments?post=146098"}],"version-history":[{"count":0,"href":"https:\/\/www.hoymercedes.com.ar\/principal\/wp-json\/wp\/v2\/posts\/146098\/revisions"}],"wp:featuredmedia":[{"embeddable":true,"href":"https:\/\/www.hoymercedes.com.ar\/principal\/wp-json\/wp\/v2\/media\/146099"}],"wp:attachment":[{"href":"https:\/\/www.hoymercedes.com.ar\/principal\/wp-json\/wp\/v2\/media?parent=146098"}],"wp:term":[{"taxonomy":"category","embeddable":true,"href":"https:\/\/www.hoymercedes.com.ar\/principal\/wp-json\/wp\/v2\/categories?post=146098"},{"taxonomy":"post_tag","embeddable":true,"href":"https:\/\/www.hoymercedes.com.ar\/principal\/wp-json\/wp\/v2\/tags?post=146098"}],"curies":[{"name":"wp","href":"https:\/\/api.w.org\/{rel}","templated":true}]}}