{"id":146165,"date":"2022-04-02T20:52:22","date_gmt":"2022-04-02T23:52:22","guid":{"rendered":"https:\/\/www.hoymercedes.com.ar\/principal\/?p=146165"},"modified":"2022-04-02T20:52:30","modified_gmt":"2022-04-02T23:52:30","slug":"homenaje-a-los-veteranos-con-un-desfile-sobre-avenida-29","status":"publish","type":"post","link":"https:\/\/www.hoymercedes.com.ar\/principal\/2022\/04\/02\/homenaje-a-los-veteranos-con-un-desfile-sobre-avenida-29\/","title":{"rendered":"Homenaje a los Veteranos con un desfile sobre avenida 29"},"content":{"rendered":"\n<p>En homenaje a los h\u00e9roes y Veteranos de Malvinas se realiz\u00f3 un desfile c\u00edvico-institucional. Hubo una multitudinaria participaci\u00f3n de vecinos y vecinas que aplaudieron y acompa\u00f1aron a cada instituci\u00f3n, club, fuerza de seguridad, representaci\u00f3n rural, agrupaci\u00f3n gaucha, ballets, todos al ritmo de la banda de Gendarmer\u00eda Nacional Cabo Adolfo Romero. \u201cEstamos muy felices y orgullosos por la jornada vivida en familia, en homenaje y reconocimiento a nuestros h\u00e9roes, los veteranos y ca\u00eddos en Malvinas\u201d. \u00a0<\/p>\n\n\n\n<figure class=\"wp-block-embed is-type-video is-provider-youtube wp-block-embed-youtube wp-embed-aspect-16-9 wp-has-aspect-ratio\"><div class=\"wp-block-embed__wrapper\">\n<span class=\"embed-youtube\" style=\"text-align:center; display: block;\"><iframe loading=\"lazy\" class=\"youtube-player\" width=\"1200\" height=\"675\" src=\"https:\/\/www.youtube.com\/embed\/Bc15APNa3-I?version=3&#038;rel=1&#038;showsearch=0&#038;showinfo=1&#038;iv_load_policy=1&#038;fs=1&#038;hl=es-ES&#038;autohide=2&#038;wmode=transparent\" allowfullscreen=\"true\" style=\"border:0;\" sandbox=\"allow-scripts allow-same-origin allow-popups allow-presentation allow-popups-to-escape-sandbox\"><\/iframe><\/span>\n<\/div><\/figure>\n\n\n\n<p>Desde las 10hs la avenida 29 se visti\u00f3 de gala para conmemorar con un desfile c\u00edvico-institucional un nuevo aniversario de la guerra de Malvinas, ratificando la soberan\u00eda sobre su territorio y homenajeando a nuestros h\u00e9roes locales. El palco principal estuvo cubierto por los veteranos de Mercedes como as\u00ed tambi\u00e9n sus familiares que ocuparon un sector de las gradas adyacentes. \u00a0<\/p>\n\n\n\n<p>Desde la organizaci\u00f3n municipal se entregaron banderitas argentinas a cada uno de los asistentes, dando un hermoso panorama de acompa\u00f1amiento en el ingreso de los veteranos, encargados de iniciar el paso de las formaciones. &nbsp;<\/p>\n\n\n\n<p>\u201cQueremos agradecer a cada uno de los que engalanaron este desfile. Fue una jornada bell\u00edsima, emotiva, ratificando nuestro compromiso por la soberan\u00eda de Malvinas, por nuestra patria y por ellos, nuestros veteranos\u201d dijo el intendente Ustarroz y destac\u00f3 \u201cgracias, muchas gracias a cada vecino y vecina por acompa\u00f1ar esta propuesta\u201d entre otros conceptos. \u00a0Por su parte, los veteranos se mostraron sumamente emocionados tanto al pasar como en cada momento. Hubo tambi\u00e9n paso de sus hijos, por primera vez, mientras que las madres de algunos de ellos estuvieron presentes, dando un marco familiar de acompa\u00f1amiento total. \u00a0<\/p>\n\n\n\n<p>La imagen fue de un lleno total. Las gradas, como los espacios destinados al p\u00fablico, fueron todos ocupados. Hubo una asistencia como hab\u00eda muchos a\u00f1os no se ve\u00eda. Adem\u00e1s, alrededor de la plaza estuvieron food truck, mercado sustentable, paseo del jacarand\u00e1, Estaci\u00f3n Juego, puesto de caf\u00e9s de solidarios de secundarios y espacios de los comercios del radio c\u00e9ntrico. \u00a0<\/p>\n\n\n\n<div class=\"wp-block-jetpack-slideshow aligncenter\" data-effect=\"slide\"><div class=\"wp-block-jetpack-slideshow_container swiper-container\"><ul class=\"wp-block-jetpack-slideshow_swiper-wrapper swiper-wrapper\"><li class=\"wp-block-jetpack-slideshow_slide swiper-slide\"><figure><img loading=\"lazy\" decoding=\"async\" width=\"922\" height=\"615\" alt=\"\" class=\"wp-block-jetpack-slideshow_image wp-image-146187\" data-id=\"146187\" src=\"https:\/\/www.hoymercedes.com.ar\/principal\/wp-content\/uploads\/2022\/04\/SJA_3467.jpg\" srcset=\"https:\/\/www.hoymercedes.com.ar\/principal\/wp-content\/uploads\/2022\/04\/SJA_3467.jpg 922w, https:\/\/www.hoymercedes.com.ar\/principal\/wp-content\/uploads\/2022\/04\/SJA_3467-630x420.jpg 630w, https:\/\/www.hoymercedes.com.ar\/principal\/wp-content\/uploads\/2022\/04\/SJA_3467-150x100.jpg 150w\" sizes=\"(max-width: 922px) 100vw, 922px\" \/><\/figure><\/li><li class=\"wp-block-jetpack-slideshow_slide swiper-slide\"><figure><img loading=\"lazy\" decoding=\"async\" width=\"922\" height=\"615\" alt=\"\" class=\"wp-block-jetpack-slideshow_image wp-image-146186\" data-id=\"146186\" src=\"https:\/\/www.hoymercedes.com.ar\/principal\/wp-content\/uploads\/2022\/04\/SJA_3439.jpg\" srcset=\"https:\/\/www.hoymercedes.com.ar\/principal\/wp-content\/uploads\/2022\/04\/SJA_3439.jpg 922w, https:\/\/www.hoymercedes.com.ar\/principal\/wp-content\/uploads\/2022\/04\/SJA_3439-630x420.jpg 630w, https:\/\/www.hoymercedes.com.ar\/principal\/wp-content\/uploads\/2022\/04\/SJA_3439-150x100.jpg 150w\" sizes=\"(max-width: 922px) 100vw, 922px\" \/><\/figure><\/li><li class=\"wp-block-jetpack-slideshow_slide swiper-slide\"><figure><img loading=\"lazy\" decoding=\"async\" width=\"922\" height=\"615\" alt=\"\" class=\"wp-block-jetpack-slideshow_image wp-image-146191\" data-id=\"146191\" src=\"https:\/\/www.hoymercedes.com.ar\/principal\/wp-content\/uploads\/2022\/04\/SJA_3816.jpg\" srcset=\"https:\/\/www.hoymercedes.com.ar\/principal\/wp-content\/uploads\/2022\/04\/SJA_3816.jpg 922w, https:\/\/www.hoymercedes.com.ar\/principal\/wp-content\/uploads\/2022\/04\/SJA_3816-630x420.jpg 630w, https:\/\/www.hoymercedes.com.ar\/principal\/wp-content\/uploads\/2022\/04\/SJA_3816-150x100.jpg 150w\" sizes=\"(max-width: 922px) 100vw, 922px\" \/><\/figure><\/li><li class=\"wp-block-jetpack-slideshow_slide swiper-slide\"><figure><img loading=\"lazy\" decoding=\"async\" width=\"923\" height=\"615\" alt=\"\" class=\"wp-block-jetpack-slideshow_image wp-image-146177\" data-id=\"146177\" src=\"https:\/\/www.hoymercedes.com.ar\/principal\/wp-content\/uploads\/2022\/04\/SJA_4007.jpg\" srcset=\"https:\/\/www.hoymercedes.com.ar\/principal\/wp-content\/uploads\/2022\/04\/SJA_4007.jpg 923w, https:\/\/www.hoymercedes.com.ar\/principal\/wp-content\/uploads\/2022\/04\/SJA_4007-630x420.jpg 630w, https:\/\/www.hoymercedes.com.ar\/principal\/wp-content\/uploads\/2022\/04\/SJA_4007-150x100.jpg 150w, https:\/\/www.hoymercedes.com.ar\/principal\/wp-content\/uploads\/2022\/04\/SJA_4007-700x465.jpg 700w\" sizes=\"(max-width: 923px) 100vw, 923px\" \/><\/figure><\/li><li class=\"wp-block-jetpack-slideshow_slide swiper-slide\"><figure><img loading=\"lazy\" decoding=\"async\" width=\"922\" height=\"615\" alt=\"\" class=\"wp-block-jetpack-slideshow_image wp-image-146172\" data-id=\"146172\" src=\"https:\/\/www.hoymercedes.com.ar\/principal\/wp-content\/uploads\/2022\/04\/SJA_4064.jpg\" srcset=\"https:\/\/www.hoymercedes.com.ar\/principal\/wp-content\/uploads\/2022\/04\/SJA_4064.jpg 922w, https:\/\/www.hoymercedes.com.ar\/principal\/wp-content\/uploads\/2022\/04\/SJA_4064-630x420.jpg 630w, https:\/\/www.hoymercedes.com.ar\/principal\/wp-content\/uploads\/2022\/04\/SJA_4064-150x100.jpg 150w\" sizes=\"(max-width: 922px) 100vw, 922px\" \/><\/figure><\/li><li class=\"wp-block-jetpack-slideshow_slide swiper-slide\"><figure><img loading=\"lazy\" decoding=\"async\" width=\"922\" height=\"615\" alt=\"\" class=\"wp-block-jetpack-slideshow_image wp-image-146173\" data-id=\"146173\" src=\"https:\/\/www.hoymercedes.com.ar\/principal\/wp-content\/uploads\/2022\/04\/SJA_4055.jpg\" srcset=\"https:\/\/www.hoymercedes.com.ar\/principal\/wp-content\/uploads\/2022\/04\/SJA_4055.jpg 922w, https:\/\/www.hoymercedes.com.ar\/principal\/wp-content\/uploads\/2022\/04\/SJA_4055-630x420.jpg 630w, https:\/\/www.hoymercedes.com.ar\/principal\/wp-content\/uploads\/2022\/04\/SJA_4055-150x100.jpg 150w\" sizes=\"(max-width: 922px) 100vw, 922px\" \/><\/figure><\/li><li class=\"wp-block-jetpack-slideshow_slide swiper-slide\"><figure><img loading=\"lazy\" decoding=\"async\" width=\"922\" height=\"615\" alt=\"\" class=\"wp-block-jetpack-slideshow_image wp-image-146185\" data-id=\"146185\" src=\"https:\/\/www.hoymercedes.com.ar\/principal\/wp-content\/uploads\/2022\/04\/SJA_3421.jpg\" srcset=\"https:\/\/www.hoymercedes.com.ar\/principal\/wp-content\/uploads\/2022\/04\/SJA_3421.jpg 922w, https:\/\/www.hoymercedes.com.ar\/principal\/wp-content\/uploads\/2022\/04\/SJA_3421-630x420.jpg 630w, https:\/\/www.hoymercedes.com.ar\/principal\/wp-content\/uploads\/2022\/04\/SJA_3421-150x100.jpg 150w\" sizes=\"(max-width: 922px) 100vw, 922px\" \/><\/figure><\/li><li class=\"wp-block-jetpack-slideshow_slide swiper-slide\"><figure><img loading=\"lazy\" decoding=\"async\" width=\"922\" height=\"615\" alt=\"\" class=\"wp-block-jetpack-slideshow_image wp-image-146174\" data-id=\"146174\" src=\"https:\/\/www.hoymercedes.com.ar\/principal\/wp-content\/uploads\/2022\/04\/SJA_4047.jpg\" srcset=\"https:\/\/www.hoymercedes.com.ar\/principal\/wp-content\/uploads\/2022\/04\/SJA_4047.jpg 922w, https:\/\/www.hoymercedes.com.ar\/principal\/wp-content\/uploads\/2022\/04\/SJA_4047-630x420.jpg 630w, https:\/\/www.hoymercedes.com.ar\/principal\/wp-content\/uploads\/2022\/04\/SJA_4047-150x100.jpg 150w\" sizes=\"(max-width: 922px) 100vw, 922px\" \/><\/figure><\/li><li class=\"wp-block-jetpack-slideshow_slide swiper-slide\"><figure><img loading=\"lazy\" decoding=\"async\" width=\"923\" height=\"615\" alt=\"\" class=\"wp-block-jetpack-slideshow_image wp-image-146175\" data-id=\"146175\" src=\"https:\/\/www.hoymercedes.com.ar\/principal\/wp-content\/uploads\/2022\/04\/SJA_4012.jpg\" srcset=\"https:\/\/www.hoymercedes.com.ar\/principal\/wp-content\/uploads\/2022\/04\/SJA_4012.jpg 923w, https:\/\/www.hoymercedes.com.ar\/principal\/wp-content\/uploads\/2022\/04\/SJA_4012-630x420.jpg 630w, https:\/\/www.hoymercedes.com.ar\/principal\/wp-content\/uploads\/2022\/04\/SJA_4012-150x100.jpg 150w, https:\/\/www.hoymercedes.com.ar\/principal\/wp-content\/uploads\/2022\/04\/SJA_4012-700x465.jpg 700w\" sizes=\"(max-width: 923px) 100vw, 923px\" \/><\/figure><\/li><li class=\"wp-block-jetpack-slideshow_slide swiper-slide\"><figure><img loading=\"lazy\" decoding=\"async\" width=\"923\" height=\"615\" alt=\"\" class=\"wp-block-jetpack-slideshow_image wp-image-146176\" data-id=\"146176\" src=\"https:\/\/www.hoymercedes.com.ar\/principal\/wp-content\/uploads\/2022\/04\/SJA_4010.jpg\" srcset=\"https:\/\/www.hoymercedes.com.ar\/principal\/wp-content\/uploads\/2022\/04\/SJA_4010.jpg 923w, https:\/\/www.hoymercedes.com.ar\/principal\/wp-content\/uploads\/2022\/04\/SJA_4010-630x420.jpg 630w, https:\/\/www.hoymercedes.com.ar\/principal\/wp-content\/uploads\/2022\/04\/SJA_4010-150x100.jpg 150w, https:\/\/www.hoymercedes.com.ar\/principal\/wp-content\/uploads\/2022\/04\/SJA_4010-700x465.jpg 700w\" sizes=\"(max-width: 923px) 100vw, 923px\" \/><\/figure><\/li><li class=\"wp-block-jetpack-slideshow_slide swiper-slide\"><figure><img loading=\"lazy\" decoding=\"async\" width=\"922\" height=\"615\" alt=\"\" class=\"wp-block-jetpack-slideshow_image wp-image-146168\" data-id=\"146168\" src=\"https:\/\/www.hoymercedes.com.ar\/principal\/wp-content\/uploads\/2022\/04\/SJA_4145.jpg\" srcset=\"https:\/\/www.hoymercedes.com.ar\/principal\/wp-content\/uploads\/2022\/04\/SJA_4145.jpg 922w, https:\/\/www.hoymercedes.com.ar\/principal\/wp-content\/uploads\/2022\/04\/SJA_4145-630x420.jpg 630w, https:\/\/www.hoymercedes.com.ar\/principal\/wp-content\/uploads\/2022\/04\/SJA_4145-150x100.jpg 150w\" sizes=\"(max-width: 922px) 100vw, 922px\" \/><\/figure><\/li><li class=\"wp-block-jetpack-slideshow_slide swiper-slide\"><figure><img loading=\"lazy\" decoding=\"async\" width=\"923\" height=\"615\" alt=\"\" class=\"wp-block-jetpack-slideshow_image wp-image-146183\" data-id=\"146183\" src=\"https:\/\/www.hoymercedes.com.ar\/principal\/wp-content\/uploads\/2022\/04\/SJA_3922.jpg\" srcset=\"https:\/\/www.hoymercedes.com.ar\/principal\/wp-content\/uploads\/2022\/04\/SJA_3922.jpg 923w, https:\/\/www.hoymercedes.com.ar\/principal\/wp-content\/uploads\/2022\/04\/SJA_3922-630x420.jpg 630w, https:\/\/www.hoymercedes.com.ar\/principal\/wp-content\/uploads\/2022\/04\/SJA_3922-150x100.jpg 150w, https:\/\/www.hoymercedes.com.ar\/principal\/wp-content\/uploads\/2022\/04\/SJA_3922-700x465.jpg 700w\" sizes=\"(max-width: 923px) 100vw, 923px\" \/><\/figure><\/li><li class=\"wp-block-jetpack-slideshow_slide swiper-slide\"><figure><img loading=\"lazy\" decoding=\"async\" width=\"923\" height=\"615\" alt=\"\" class=\"wp-block-jetpack-slideshow_image wp-image-146180\" data-id=\"146180\" src=\"https:\/\/www.hoymercedes.com.ar\/principal\/wp-content\/uploads\/2022\/04\/SJA_3975.jpg\" srcset=\"https:\/\/www.hoymercedes.com.ar\/principal\/wp-content\/uploads\/2022\/04\/SJA_3975.jpg 923w, https:\/\/www.hoymercedes.com.ar\/principal\/wp-content\/uploads\/2022\/04\/SJA_3975-630x420.jpg 630w, https:\/\/www.hoymercedes.com.ar\/principal\/wp-content\/uploads\/2022\/04\/SJA_3975-150x100.jpg 150w, https:\/\/www.hoymercedes.com.ar\/principal\/wp-content\/uploads\/2022\/04\/SJA_3975-700x465.jpg 700w\" sizes=\"(max-width: 923px) 100vw, 923px\" \/><\/figure><\/li><li class=\"wp-block-jetpack-slideshow_slide swiper-slide\"><figure><img loading=\"lazy\" decoding=\"async\" width=\"923\" height=\"615\" alt=\"\" class=\"wp-block-jetpack-slideshow_image wp-image-146178\" data-id=\"146178\" src=\"https:\/\/www.hoymercedes.com.ar\/principal\/wp-content\/uploads\/2022\/04\/SJA_4004.jpg\" srcset=\"https:\/\/www.hoymercedes.com.ar\/principal\/wp-content\/uploads\/2022\/04\/SJA_4004.jpg 923w, https:\/\/www.hoymercedes.com.ar\/principal\/wp-content\/uploads\/2022\/04\/SJA_4004-630x420.jpg 630w, https:\/\/www.hoymercedes.com.ar\/principal\/wp-content\/uploads\/2022\/04\/SJA_4004-150x100.jpg 150w, https:\/\/www.hoymercedes.com.ar\/principal\/wp-content\/uploads\/2022\/04\/SJA_4004-700x465.jpg 700w\" sizes=\"(max-width: 923px) 100vw, 923px\" \/><\/figure><\/li><li class=\"wp-block-jetpack-slideshow_slide swiper-slide\"><figure><img loading=\"lazy\" decoding=\"async\" width=\"922\" height=\"615\" alt=\"\" class=\"wp-block-jetpack-slideshow_image wp-image-146169\" data-id=\"146169\" src=\"https:\/\/www.hoymercedes.com.ar\/principal\/wp-content\/uploads\/2022\/04\/SJA_4142.jpg\" srcset=\"https:\/\/www.hoymercedes.com.ar\/principal\/wp-content\/uploads\/2022\/04\/SJA_4142.jpg 922w, https:\/\/www.hoymercedes.com.ar\/principal\/wp-content\/uploads\/2022\/04\/SJA_4142-630x420.jpg 630w, https:\/\/www.hoymercedes.com.ar\/principal\/wp-content\/uploads\/2022\/04\/SJA_4142-150x100.jpg 150w\" sizes=\"(max-width: 922px) 100vw, 922px\" \/><\/figure><\/li><li class=\"wp-block-jetpack-slideshow_slide swiper-slide\"><figure><img loading=\"lazy\" decoding=\"async\" width=\"922\" height=\"615\" alt=\"\" class=\"wp-block-jetpack-slideshow_image wp-image-146167\" data-id=\"146167\" src=\"https:\/\/www.hoymercedes.com.ar\/principal\/wp-content\/uploads\/2022\/04\/SJA_4144.jpg\" srcset=\"https:\/\/www.hoymercedes.com.ar\/principal\/wp-content\/uploads\/2022\/04\/SJA_4144.jpg 922w, https:\/\/www.hoymercedes.com.ar\/principal\/wp-content\/uploads\/2022\/04\/SJA_4144-630x420.jpg 630w, https:\/\/www.hoymercedes.com.ar\/principal\/wp-content\/uploads\/2022\/04\/SJA_4144-150x100.jpg 150w\" sizes=\"(max-width: 922px) 100vw, 922px\" \/><\/figure><\/li><li class=\"wp-block-jetpack-slideshow_slide swiper-slide\"><figure><img loading=\"lazy\" decoding=\"async\" width=\"923\" height=\"615\" alt=\"\" class=\"wp-block-jetpack-slideshow_image wp-image-146179\" data-id=\"146179\" src=\"https:\/\/www.hoymercedes.com.ar\/principal\/wp-content\/uploads\/2022\/04\/SJA_3984.jpg\" srcset=\"https:\/\/www.hoymercedes.com.ar\/principal\/wp-content\/uploads\/2022\/04\/SJA_3984.jpg 923w, https:\/\/www.hoymercedes.com.ar\/principal\/wp-content\/uploads\/2022\/04\/SJA_3984-630x420.jpg 630w, https:\/\/www.hoymercedes.com.ar\/principal\/wp-content\/uploads\/2022\/04\/SJA_3984-150x100.jpg 150w, https:\/\/www.hoymercedes.com.ar\/principal\/wp-content\/uploads\/2022\/04\/SJA_3984-700x465.jpg 700w\" sizes=\"(max-width: 923px) 100vw, 923px\" \/><\/figure><\/li><li class=\"wp-block-jetpack-slideshow_slide swiper-slide\"><figure><img loading=\"lazy\" decoding=\"async\" width=\"922\" height=\"615\" alt=\"\" class=\"wp-block-jetpack-slideshow_image wp-image-146189\" data-id=\"146189\" src=\"https:\/\/www.hoymercedes.com.ar\/principal\/wp-content\/uploads\/2022\/04\/SJA_3533.jpg\" srcset=\"https:\/\/www.hoymercedes.com.ar\/principal\/wp-content\/uploads\/2022\/04\/SJA_3533.jpg 922w, https:\/\/www.hoymercedes.com.ar\/principal\/wp-content\/uploads\/2022\/04\/SJA_3533-630x420.jpg 630w, https:\/\/www.hoymercedes.com.ar\/principal\/wp-content\/uploads\/2022\/04\/SJA_3533-150x100.jpg 150w\" sizes=\"(max-width: 922px) 100vw, 922px\" \/><\/figure><\/li><li class=\"wp-block-jetpack-slideshow_slide swiper-slide\"><figure><img loading=\"lazy\" decoding=\"async\" width=\"923\" height=\"615\" alt=\"\" class=\"wp-block-jetpack-slideshow_image wp-image-146181\" data-id=\"146181\" src=\"https:\/\/www.hoymercedes.com.ar\/principal\/wp-content\/uploads\/2022\/04\/SJA_3966.jpg\" srcset=\"https:\/\/www.hoymercedes.com.ar\/principal\/wp-content\/uploads\/2022\/04\/SJA_3966.jpg 923w, https:\/\/www.hoymercedes.com.ar\/principal\/wp-content\/uploads\/2022\/04\/SJA_3966-630x420.jpg 630w, https:\/\/www.hoymercedes.com.ar\/principal\/wp-content\/uploads\/2022\/04\/SJA_3966-150x100.jpg 150w, https:\/\/www.hoymercedes.com.ar\/principal\/wp-content\/uploads\/2022\/04\/SJA_3966-700x465.jpg 700w\" sizes=\"(max-width: 923px) 100vw, 923px\" \/><\/figure><\/li><li class=\"wp-block-jetpack-slideshow_slide swiper-slide\"><figure><img loading=\"lazy\" decoding=\"async\" width=\"923\" height=\"615\" alt=\"\" class=\"wp-block-jetpack-slideshow_image wp-image-146182\" data-id=\"146182\" src=\"https:\/\/www.hoymercedes.com.ar\/principal\/wp-content\/uploads\/2022\/04\/SJA_3948.jpg\" srcset=\"https:\/\/www.hoymercedes.com.ar\/principal\/wp-content\/uploads\/2022\/04\/SJA_3948.jpg 923w, https:\/\/www.hoymercedes.com.ar\/principal\/wp-content\/uploads\/2022\/04\/SJA_3948-630x420.jpg 630w, https:\/\/www.hoymercedes.com.ar\/principal\/wp-content\/uploads\/2022\/04\/SJA_3948-150x100.jpg 150w, https:\/\/www.hoymercedes.com.ar\/principal\/wp-content\/uploads\/2022\/04\/SJA_3948-700x465.jpg 700w\" sizes=\"(max-width: 923px) 100vw, 923px\" \/><\/figure><\/li><li class=\"wp-block-jetpack-slideshow_slide swiper-slide\"><figure><img loading=\"lazy\" decoding=\"async\" width=\"922\" height=\"615\" alt=\"\" class=\"wp-block-jetpack-slideshow_image wp-image-146170\" data-id=\"146170\" src=\"https:\/\/www.hoymercedes.com.ar\/principal\/wp-content\/uploads\/2022\/04\/SJA_4116.jpg\" srcset=\"https:\/\/www.hoymercedes.com.ar\/principal\/wp-content\/uploads\/2022\/04\/SJA_4116.jpg 922w, https:\/\/www.hoymercedes.com.ar\/principal\/wp-content\/uploads\/2022\/04\/SJA_4116-630x420.jpg 630w, https:\/\/www.hoymercedes.com.ar\/principal\/wp-content\/uploads\/2022\/04\/SJA_4116-150x100.jpg 150w\" sizes=\"(max-width: 922px) 100vw, 922px\" \/><\/figure><\/li><li class=\"wp-block-jetpack-slideshow_slide swiper-slide\"><figure><img loading=\"lazy\" decoding=\"async\" width=\"922\" height=\"615\" alt=\"\" class=\"wp-block-jetpack-slideshow_image wp-image-146188\" data-id=\"146188\" src=\"https:\/\/www.hoymercedes.com.ar\/principal\/wp-content\/uploads\/2022\/04\/SJA_3505.jpg\" srcset=\"https:\/\/www.hoymercedes.com.ar\/principal\/wp-content\/uploads\/2022\/04\/SJA_3505.jpg 922w, https:\/\/www.hoymercedes.com.ar\/principal\/wp-content\/uploads\/2022\/04\/SJA_3505-630x420.jpg 630w, https:\/\/www.hoymercedes.com.ar\/principal\/wp-content\/uploads\/2022\/04\/SJA_3505-150x100.jpg 150w\" sizes=\"(max-width: 922px) 100vw, 922px\" \/><\/figure><\/li><li class=\"wp-block-jetpack-slideshow_slide swiper-slide\"><figure><img loading=\"lazy\" decoding=\"async\" width=\"923\" height=\"615\" alt=\"\" class=\"wp-block-jetpack-slideshow_image wp-image-146184\" data-id=\"146184\" src=\"https:\/\/www.hoymercedes.com.ar\/principal\/wp-content\/uploads\/2022\/04\/SJA_3897.jpg\" srcset=\"https:\/\/www.hoymercedes.com.ar\/principal\/wp-content\/uploads\/2022\/04\/SJA_3897.jpg 923w, https:\/\/www.hoymercedes.com.ar\/principal\/wp-content\/uploads\/2022\/04\/SJA_3897-630x420.jpg 630w, https:\/\/www.hoymercedes.com.ar\/principal\/wp-content\/uploads\/2022\/04\/SJA_3897-150x100.jpg 150w, https:\/\/www.hoymercedes.com.ar\/principal\/wp-content\/uploads\/2022\/04\/SJA_3897-700x465.jpg 700w\" sizes=\"(max-width: 923px) 100vw, 923px\" \/><\/figure><\/li><\/ul><a class=\"wp-block-jetpack-slideshow_button-prev swiper-button-prev swiper-button-white\" role=\"button\"><\/a><a class=\"wp-block-jetpack-slideshow_button-next swiper-button-next swiper-button-white\" role=\"button\"><\/a><a aria-label=\"Pause Slideshow\" class=\"wp-block-jetpack-slideshow_button-pause\" role=\"button\"><\/a><div class=\"wp-block-jetpack-slideshow_pagination swiper-pagination swiper-pagination-white\"><\/div><\/div><\/div>\n\n\n\n<p><strong>ORDEN DE PASO<\/strong><strong>&nbsp;<\/strong><strong>&nbsp;<\/strong><\/p>\n\n\n\n<ul class=\"wp-block-list\"><li>VETERANOS DE MALVINAS &nbsp;<\/li><li>ESCUELA NORMAL (Cumpliendo 135 A\u00d1OS) &nbsp;<\/li><li>COLEGIO SAN PATRICIO (Cumpliendo 135 A\u00d1OS) &nbsp;<\/li><li>JARDIN 902 (Cumpliendo 70 A\u00d1OS) &nbsp;<\/li><li>JARDIN N\u00b0 909 ISLAS MALVINAS (Cumpliendo 40 A\u00d1OS) &nbsp;<\/li><li>E.E.E N\u00b0 504 (Cumpliendo 40 A\u00d1OS) &nbsp;<\/li><li>ESCUELA&nbsp;&nbsp;&nbsp;N\u00b037 (Cumpliendo 40 A\u00d1OS) &nbsp;<\/li><li>COLEGIO SAN BENITO (Cumpliendo 30 A\u00d1OS) &nbsp;<\/li><li>Jard\u00edn maternal N\u00b0 1 &nbsp;<\/li><li>Jard\u00edn maternal N\u00b0 2 &nbsp;<\/li><li>Jard\u00edn Maternal N\u00b0 3 &nbsp;<\/li><li>EPIS TODOS JUNTOS &nbsp;<\/li><li>JARDIN&nbsp;&nbsp;&nbsp;904 &nbsp;<\/li><li>JARDIN&nbsp;&nbsp;&nbsp;905 &nbsp;<\/li><li>JIRIM N\u00b0 6 &nbsp;<\/li><li>JARDIN&nbsp;&nbsp;&nbsp;&nbsp;906&nbsp;&nbsp;&nbsp;&nbsp;<\/li><li>JARDIN&nbsp;&nbsp;&nbsp;&nbsp;907 &nbsp;<\/li><li>JARDIN&nbsp;&nbsp;&nbsp;908 &nbsp;<\/li><li>JARDIN&nbsp;&nbsp;&nbsp;910 &nbsp;<\/li><li>JARDIN 911 &nbsp;<\/li><li>JARDIN&nbsp;&nbsp;&nbsp;&nbsp;&nbsp;912&nbsp;&nbsp;&nbsp;&nbsp;&nbsp;&nbsp;<\/li><li>JARDIN&nbsp;&nbsp;<em>914&nbsp;&nbsp;&nbsp;<\/em>&nbsp;<\/li><li>JARDIN 913 &nbsp;<\/li><li>JARDIN 916 &nbsp;<\/li><li>JARDIN&nbsp;&nbsp;&nbsp;&nbsp;918 &nbsp;<\/li><li>JARDIN&nbsp;&nbsp;&nbsp;919 &nbsp;<\/li><\/ul>\n\n\n\n<p><strong>ESCUELAS PRIMARIAS<\/strong><strong>&nbsp;&nbsp;<\/strong><\/p>\n\n\n\n<ul class=\"wp-block-list\"><li>ESCUELA PRIMARIA N\u00b0 2 &nbsp;<\/li><li>ESCUELA PRIMARIA N\u00b0 1 &nbsp;<\/li><li>ESCUELA PRIMARIA N\u00b03 &nbsp;<\/li><li>ESCUELA PRIMARIA N\u00b0 7 &nbsp;<\/li><li>ESCUELA PRIMARIA N\u00b0 8 &nbsp;<\/li><li>ESCUELA N\u00b0 503 &nbsp;<\/li><li>VAMOS CRECIENDO &nbsp;<\/li><li>ESCUELA PRIMARIA N\u00b0 10 &nbsp;<\/li><li>ESCUELA PRIMARIA N\u00b0 11 &nbsp;<\/li><li>ESCUELA PRIMARIA N\u00b0 12 &nbsp;<\/li><li>ESCUELA PRIMARIA N\u00b0 13 &nbsp;<\/li><li>ESCUELA PRIMARIA N\u00b0 14 &nbsp;<\/li><li>ESCUELA PRIMARIA N\u00b0 20 &nbsp;<\/li><li>ESCUELA PRIMARIA N\u00b0 27 &nbsp;<\/li><li>ESCUELA PRIMARIA N\u00b0 30 &nbsp;<\/li><li>ESCUELA PRIMARIA N\u00b0 35 &nbsp;<\/li><li>ESCUELA PRIMARIA N\u00b0 36 &nbsp;<\/li><li>CENTRO EDUCATIVO N\u00b0 801 &nbsp;<\/li><li>C CENTRO DE FORMACION LABORAL N\u00b0 1 &nbsp;<\/li><li>COLEGIO SAN JOSE (PRIMARIA) &nbsp;<\/li><\/ul>\n\n\n\n<p><strong>ESCUELAS SECUNDARIAS &nbsp;<\/strong><\/p>\n\n\n\n<ul class=\"wp-block-list\"><li>SECUNDARIA N\u00b01 &nbsp;<\/li><li>SECUNDARIA N\u00b03 &nbsp;<\/li><li>SECUNDARIA N\u00b0 7 &nbsp;<\/li><li>SECUNDARIA N\u00b0 8 &nbsp;<\/li><li>SECUNDARIA N\u00b0 9 &nbsp;<\/li><li>SECUNDARIA&nbsp;&nbsp;&nbsp;N\u00b0 14 &nbsp;<\/li><li>ESCUELA TECNICA N\u00b0 1 &nbsp;<\/li><li>ESCUELA TECNICA N\u00b02 &nbsp;<\/li><li>PARROQUIAL &nbsp;<\/li><li>MISERICORDIA &nbsp;<\/li><li>SAN ANTONIO &nbsp;<\/li><li>SANTA MARIA &nbsp;<\/li><li>SAN LUIS GONZAGA &nbsp;<\/li><li>CAMILA ROLON &nbsp;<\/li><li>ESCUELA ADULTOS 702 &nbsp;<\/li><li>CENS N\u00b0451 &nbsp;<\/li><li>CENS N\u00b0453 &nbsp;<\/li><li>ESCUELA DE ARTE &nbsp;<\/li><li>CONSERVATORIO DE MUSICA &nbsp;<\/li><\/ul>\n\n\n\n<p><strong>CLUBES &nbsp;<\/strong><\/p>\n\n\n\n<ul class=\"wp-block-list\"><li>CLUB UNION&nbsp;&nbsp;&nbsp;<\/li><li>CLUB QUILMES &nbsp;<\/li><li>CARTEROS FUTBOL CLUB&nbsp;&nbsp;&nbsp;<\/li><li>CEF N\u00b0 40 &nbsp;<\/li><li>CEF N\u00b0 193 GOWLAND &nbsp;<\/li><li>CLUB DE RUGBY &nbsp;<\/li><li>PALOMETAS &nbsp;<\/li><li>CLUB VELEZ &nbsp;<\/li><li>CLUB MERCEDES &nbsp;<\/li><li>DEFENSORES &nbsp;<\/li><li>TROCHA &nbsp;<\/li><li>ESTUDIANTES &nbsp;<\/li><li>ESCUELA MUNICIAPAL DE CHAU \u2013 DO -KWAN &nbsp;<\/li><\/ul>\n\n\n\n<p><strong>INSTITUCIONES &nbsp;<\/strong><\/p>\n\n\n\n<ul class=\"wp-block-list\"><li>HOSPITAL BLAS L DUBARRY &nbsp;<\/li><li>ADULTOS MAYORES CENTROS JUBILADOS &nbsp;<\/li><li>VACUNATORIO &nbsp;<\/li><li>FIESTA DE LA TORTA FRITA &nbsp;<\/li><li>GRANJA ARCO IRIS<\/li><\/ul>\n\n\n\n<p><strong>ESCUELAS DE DANZAS &nbsp;<\/strong><\/p>\n\n\n\n<ul class=\"wp-block-list\"><li>ESTRELLA DEL SUR &nbsp;<\/li><li>VIRGENCITA DE LUJAN &nbsp;<\/li><li>INTEGRACION &nbsp;<\/li><li>SANTA CECILIA &nbsp;<\/li><li>HEREDEROS DE MI TIERRA &nbsp;<\/li><li>PEUMAYEN &nbsp;<\/li><li>ALMAFUERTE &nbsp;<\/li><li>ESCUELA MUNICIPAL DE TANGO &nbsp;<\/li><li>A\u00d1ORANZAS DE MI TIERRA &nbsp;<\/li><li>ALAS DEL ALMA &nbsp;<\/li><li>MALEART &nbsp;<\/li><\/ul>\n\n\n\n<p><strong>FUERZAS DE SEGURIDAD &nbsp;<\/strong><\/p>\n\n\n\n<ul class=\"wp-block-list\"><li>GENDARMERIA &nbsp;<\/li><li>POLICIA PROVINCIA &nbsp;<\/li><li>SERVICIO PENITENCIARIO &nbsp;<\/li><li>BOMBEROS &nbsp;<\/li><\/ul>\n\n\n\n<p><strong>PRESENTACIONES DE CIERRE &nbsp;<\/strong><\/p>\n\n\n\n<ul class=\"wp-block-list\"><li>VOLANTA DEL MIGUEZ (CUNA) \u00a0<\/li><li>AGRUPACIONES GAUCHAS Y TROPILLAS \u00a0<\/li><\/ul>\n\n\n\n<p>Fuente: Prensa Municipal<\/p>\n","protected":false},"excerpt":{"rendered":"<p>En homenaje a los h\u00e9roes y Veteranos de Malvinas se realiz\u00f3 un desfile c\u00edvico-institucional. Hubo una multitudinaria participaci\u00f3n de vecinos &#8230; <a title=\"Homenaje a los Veteranos con un desfile sobre avenida 29\" class=\"read-more\" href=\"https:\/\/www.hoymercedes.com.ar\/principal\/2022\/04\/02\/homenaje-a-los-veteranos-con-un-desfile-sobre-avenida-29\/\" aria-label=\"Leer m\u00e1s sobre Homenaje a los Veteranos con un desfile sobre avenida 29\">Leer m\u00e1s<\/a><\/p>\n","protected":false},"author":1,"featured_media":146187,"comment_status":"closed","ping_status":"open","sticky":false,"template":"","format":"standard","meta":{"_monsterinsights_skip_tracking":false,"_monsterinsights_sitenote_active":false,"_monsterinsights_sitenote_note":"","_monsterinsights_sitenote_category":0,"jetpack_post_was_ever_published":false,"_jetpack_newsletter_access":"","_jetpack_dont_email_post_to_subs":false,"_jetpack_newsletter_tier_id":0,"_jetpack_memberships_contains_paywalled_content":false,"_jetpack_memberships_contains_paid_content":false,"footnotes":"","jetpack_publicize_message":"","jetpack_publicize_feature_enabled":true,"jetpack_social_post_already_shared":true,"jetpack_social_options":{"image_generator_settings":{"template":"highway","default_image_id":0,"font":"","enabled":false},"version":2},"_wpas_customize_per_network":false},"categories":[30],"tags":[244],"class_list":["post-146165","post","type-post","status-publish","format-standard","has-post-thumbnail","hentry","category-municipio","tag-municipio-2","generate-columns","tablet-grid-50","mobile-grid-100","grid-parent","grid-50"],"jetpack_publicize_connections":[],"jetpack_featured_media_url":"https:\/\/www.hoymercedes.com.ar\/principal\/wp-content\/uploads\/2022\/04\/SJA_3467.jpg","wps_subtitle":"","jetpack_sharing_enabled":true,"_links":{"self":[{"href":"https:\/\/www.hoymercedes.com.ar\/principal\/wp-json\/wp\/v2\/posts\/146165","targetHints":{"allow":["GET"]}}],"collection":[{"href":"https:\/\/www.hoymercedes.com.ar\/principal\/wp-json\/wp\/v2\/posts"}],"about":[{"href":"https:\/\/www.hoymercedes.com.ar\/principal\/wp-json\/wp\/v2\/types\/post"}],"author":[{"embeddable":true,"href":"https:\/\/www.hoymercedes.com.ar\/principal\/wp-json\/wp\/v2\/users\/1"}],"replies":[{"embeddable":true,"href":"https:\/\/www.hoymercedes.com.ar\/principal\/wp-json\/wp\/v2\/comments?post=146165"}],"version-history":[{"count":0,"href":"https:\/\/www.hoymercedes.com.ar\/principal\/wp-json\/wp\/v2\/posts\/146165\/revisions"}],"wp:featuredmedia":[{"embeddable":true,"href":"https:\/\/www.hoymercedes.com.ar\/principal\/wp-json\/wp\/v2\/media\/146187"}],"wp:attachment":[{"href":"https:\/\/www.hoymercedes.com.ar\/principal\/wp-json\/wp\/v2\/media?parent=146165"}],"wp:term":[{"taxonomy":"category","embeddable":true,"href":"https:\/\/www.hoymercedes.com.ar\/principal\/wp-json\/wp\/v2\/categories?post=146165"},{"taxonomy":"post_tag","embeddable":true,"href":"https:\/\/www.hoymercedes.com.ar\/principal\/wp-json\/wp\/v2\/tags?post=146165"}],"curies":[{"name":"wp","href":"https:\/\/api.w.org\/{rel}","templated":true}]}}