{"id":146211,"date":"2022-04-03T10:22:00","date_gmt":"2022-04-03T13:22:00","guid":{"rendered":"https:\/\/www.hoymercedes.com.ar\/principal\/?p=146211"},"modified":"2022-04-03T17:26:40","modified_gmt":"2022-04-03T20:26:40","slug":"nueva-entrega-de-planos-a-beneficiarios-de-mi-casa","status":"publish","type":"post","link":"https:\/\/www.hoymercedes.com.ar\/principal\/2022\/04\/03\/nueva-entrega-de-planos-a-beneficiarios-de-mi-casa\/","title":{"rendered":"Nueva entrega de planos a beneficiarios de \u201cMi Casa \u00a0"},"content":{"rendered":"\n<p>Prensa Municipal &#8211; Desde la Direcci\u00f3n de Vivienda se entregaron nuevos apoyos a las familias meredinas. En esta ocasi\u00f3n se trat\u00f3 de planos definitivos de construcci\u00f3n como as\u00ed tambi\u00e9n \u00e1rboles para forestar y composteras para iniciar programas socio ambientales en cada familia. \u00a0<\/p>\n\n\n\n<div class=\"wp-block-image\"><figure class=\"aligncenter size-full is-resized\"><img decoding=\"async\" data-attachment-id=\"146212\" data-permalink=\"https:\/\/www.hoymercedes.com.ar\/principal\/2022\/04\/03\/nueva-entrega-de-planos-a-beneficiarios-de-mi-casa\/dsc09859\/#main\" data-orig-file=\"https:\/\/www.hoymercedes.com.ar\/principal\/wp-content\/uploads\/2022\/04\/DSC09859.jpg\" data-orig-size=\"922,615\" data-comments-opened=\"0\" data-image-meta=\"{&quot;aperture&quot;:&quot;0&quot;,&quot;credit&quot;:&quot;&quot;,&quot;camera&quot;:&quot;&quot;,&quot;caption&quot;:&quot;&quot;,&quot;created_timestamp&quot;:&quot;0&quot;,&quot;copyright&quot;:&quot;&quot;,&quot;focal_length&quot;:&quot;0&quot;,&quot;iso&quot;:&quot;0&quot;,&quot;shutter_speed&quot;:&quot;0&quot;,&quot;title&quot;:&quot;&quot;,&quot;orientation&quot;:&quot;0&quot;}\" data-image-title=\"DSC09859\" data-image-description=\"\" data-image-caption=\"\" data-large-file=\"https:\/\/www.hoymercedes.com.ar\/principal\/wp-content\/uploads\/2022\/04\/DSC09859.jpg\" src=\"https:\/\/www.hoymercedes.com.ar\/principal\/wp-content\/uploads\/2022\/04\/DSC09859.jpg\" alt=\"\" class=\"wp-image-146212\" width=\"-177\" height=\"-117\" srcset=\"https:\/\/www.hoymercedes.com.ar\/principal\/wp-content\/uploads\/2022\/04\/DSC09859.jpg 922w, https:\/\/www.hoymercedes.com.ar\/principal\/wp-content\/uploads\/2022\/04\/DSC09859-630x420.jpg 630w, https:\/\/www.hoymercedes.com.ar\/principal\/wp-content\/uploads\/2022\/04\/DSC09859-150x100.jpg 150w\" sizes=\"(max-width: 922px) 100vw, 922px\" \/><\/figure><\/div>\n\n\n\n<p>\u201cFelizmente hicimos una nueva entrega del programa Mi Casa dando los planos finales de las casas, es el \u00faltimo paso que nos quedaba para estar familias y sumando a la direcci\u00f3n de ambiente entregando \u00e1rboles nativos y composteras. Para nosotros desde la direcci\u00f3n de vivienda es un orgullo as\u00ed que s\u00f3lo tenemos palabras de felicidad y siempre agradecemos al intendente por la decisi\u00f3n pol\u00edtica de implementar estas pol\u00edticas de vivienda y cumplimiento de sue\u00f1os\u201d dijo la arquitecta Marina Amarillo\u201d. &nbsp;<\/p>\n\n\n\n<p>Por su parte la directora de tierras, abogada Valeria Ilarraz, expres\u00f3 que \u201cdialog\u00e1bamos con beneficiarios que dec\u00edan que se mudaron y les cambi\u00f3 la vida cuando antes no hab\u00eda apoyo ni de Naci\u00f3n ni de Provincia, era un programa que estuvo solito, y ahora la realidad cambi\u00f3 y se puede exponenciar en cantidad de vivienda y generar un horizonte desde diversos programas, como casa propia, procrear, permitiendo crear trabajo y cumplir los sue\u00f1os\u201d afirm\u00f3. &nbsp;<\/p>\n\n\n\n<p>\u201cNos quedamos con lo que dec\u00edan los beneficiarios, que les cambi\u00f3 la vida\u201d dijo el intendente Ustarroz ante la prensa y mencion\u00f3 que \u201cmuchos de los que recibieron los planos finales tienen la vivienda construida y est\u00e1n habitando. Estos planos son muy importantes en este proceso de cumplir el sue\u00f1o de la casa propia\u201d remarc\u00f3. &nbsp;<\/p>\n\n\n\n<p><strong>Ambiente &nbsp;<\/strong><\/p>\n\n\n\n<p>La intervenci\u00f3n del \u00e1rea de ambiente tiene tambi\u00e9n como objetivo continuar conscientizando y construyendo una ciudad ambientalmente sostenible y sustentable. \u201cen la medida que m\u00e1s vecinos se sumen a la separaci\u00f3n en origen vamos a llevar menos basura, con su costo, al CEAMSE, como as\u00ed tambi\u00e9n la construcci\u00f3n de una ciudad que cuida su ambiente\u201d, mencion\u00f3. &nbsp;<\/p>\n\n\n\n<p><strong>Viviendas &nbsp;<\/strong><\/p>\n\n\n\n<p>Hay varios espacios de la ciudad donde se est\u00e1n construyendo viviendas. En Favaloro, en Consorcio Urban\u00edstico I, en Acceso Sanmartin y se esperan m\u00e1s proyectos desde los diversos programas en desarrollo. &nbsp;<\/p>\n","protected":false},"excerpt":{"rendered":"<p>Prensa Municipal &#8211; Desde la Direcci\u00f3n de Vivienda se entregaron nuevos apoyos a las familias meredinas. En esta ocasi\u00f3n se &#8230; <a title=\"Nueva entrega de planos a beneficiarios de \u201cMi Casa \u00a0\" class=\"read-more\" href=\"https:\/\/www.hoymercedes.com.ar\/principal\/2022\/04\/03\/nueva-entrega-de-planos-a-beneficiarios-de-mi-casa\/\" aria-label=\"Leer m\u00e1s sobre Nueva entrega de planos a beneficiarios de \u201cMi Casa \u00a0\">Leer m\u00e1s<\/a><\/p>\n","protected":false},"author":1,"featured_media":146212,"comment_status":"closed","ping_status":"open","sticky":false,"template":"","format":"standard","meta":{"_monsterinsights_skip_tracking":false,"_monsterinsights_sitenote_active":false,"_monsterinsights_sitenote_note":"","_monsterinsights_sitenote_category":0,"jetpack_post_was_ever_published":false,"_jetpack_newsletter_access":"","_jetpack_dont_email_post_to_subs":false,"_jetpack_newsletter_tier_id":0,"_jetpack_memberships_contains_paywalled_content":false,"_jetpack_memberships_contains_paid_content":false,"footnotes":"","jetpack_publicize_message":"","jetpack_publicize_feature_enabled":true,"jetpack_social_post_already_shared":true,"jetpack_social_options":{"image_generator_settings":{"template":"highway","default_image_id":0,"font":"","enabled":false},"version":2},"_wpas_customize_per_network":false},"categories":[30],"tags":[244],"class_list":["post-146211","post","type-post","status-publish","format-standard","has-post-thumbnail","hentry","category-municipio","tag-municipio-2","generate-columns","tablet-grid-50","mobile-grid-100","grid-parent","grid-50"],"jetpack_publicize_connections":[],"jetpack_featured_media_url":"https:\/\/www.hoymercedes.com.ar\/principal\/wp-content\/uploads\/2022\/04\/DSC09859.jpg","wps_subtitle":"","jetpack_sharing_enabled":true,"_links":{"self":[{"href":"https:\/\/www.hoymercedes.com.ar\/principal\/wp-json\/wp\/v2\/posts\/146211","targetHints":{"allow":["GET"]}}],"collection":[{"href":"https:\/\/www.hoymercedes.com.ar\/principal\/wp-json\/wp\/v2\/posts"}],"about":[{"href":"https:\/\/www.hoymercedes.com.ar\/principal\/wp-json\/wp\/v2\/types\/post"}],"author":[{"embeddable":true,"href":"https:\/\/www.hoymercedes.com.ar\/principal\/wp-json\/wp\/v2\/users\/1"}],"replies":[{"embeddable":true,"href":"https:\/\/www.hoymercedes.com.ar\/principal\/wp-json\/wp\/v2\/comments?post=146211"}],"version-history":[{"count":0,"href":"https:\/\/www.hoymercedes.com.ar\/principal\/wp-json\/wp\/v2\/posts\/146211\/revisions"}],"wp:featuredmedia":[{"embeddable":true,"href":"https:\/\/www.hoymercedes.com.ar\/principal\/wp-json\/wp\/v2\/media\/146212"}],"wp:attachment":[{"href":"https:\/\/www.hoymercedes.com.ar\/principal\/wp-json\/wp\/v2\/media?parent=146211"}],"wp:term":[{"taxonomy":"category","embeddable":true,"href":"https:\/\/www.hoymercedes.com.ar\/principal\/wp-json\/wp\/v2\/categories?post=146211"},{"taxonomy":"post_tag","embeddable":true,"href":"https:\/\/www.hoymercedes.com.ar\/principal\/wp-json\/wp\/v2\/tags?post=146211"}],"curies":[{"name":"wp","href":"https:\/\/api.w.org\/{rel}","templated":true}]}}