{"id":146215,"date":"2022-04-03T14:27:00","date_gmt":"2022-04-03T17:27:00","guid":{"rendered":"https:\/\/www.hoymercedes.com.ar\/principal\/?p=146215"},"modified":"2022-04-03T17:28:55","modified_gmt":"2022-04-03T20:28:55","slug":"reunion-de-trabajo-y-gestion-de-la-mesa-local-de-salud-mental","status":"publish","type":"post","link":"https:\/\/www.hoymercedes.com.ar\/principal\/2022\/04\/03\/reunion-de-trabajo-y-gestion-de-la-mesa-local-de-salud-mental\/","title":{"rendered":"Reuni\u00f3n de trabajo y gesti\u00f3n de la mesa local de Salud Mental \u00a0"},"content":{"rendered":"\n<p>Prensa Municipal &#8211; Se llev\u00f3 adelante un nuevo encuentro de la Mesa de Salud Mental. La reuni\u00f3n se realiz\u00f3 en las instalaciones del sal\u00f3n del museo Ameghino. Fue una reuni\u00f3n de di\u00e1logo, planificaci\u00f3n y gesti\u00f3n en esta tem\u00e1tica. \u00a0<\/p>\n\n\n\n<p>\u201cTrabajamos acerca de cu\u00e1les son los problemas de salud mental que nos encontramos en la pr\u00e1ctica diaria, c\u00f3mo armar redes de trabajo sostenidas con perspectiva de Derechos, y, sobre todo, c\u00f3mo lograr a partir de intervenciones concretas, una l\u00f3gica en salud mental a nivel local\u201d destacaron desde la mesa. \u00a0Tambi\u00e9n afirmaron: \u201cagradecemos la amplia participaci\u00f3n a la misma\u201d siendo \u201cmuy valioso este intercambio interdisciplinario y multi institucional\u201d. \u00a0<\/p>\n\n\n\n<div class=\"wp-block-image\"><figure class=\"aligncenter size-full\"><img loading=\"lazy\" decoding=\"async\" width=\"720\" height=\"341\" data-attachment-id=\"146213\" data-permalink=\"https:\/\/www.hoymercedes.com.ar\/principal\/2022\/04\/03\/nueva-entrega-de-planos-a-beneficiarios-de-mi-casa\/4-30\/#main\" data-orig-file=\"https:\/\/www.hoymercedes.com.ar\/principal\/wp-content\/uploads\/2022\/04\/4.jpeg\" data-orig-size=\"720,341\" data-comments-opened=\"0\" data-image-meta=\"{&quot;aperture&quot;:&quot;0&quot;,&quot;credit&quot;:&quot;&quot;,&quot;camera&quot;:&quot;&quot;,&quot;caption&quot;:&quot;&quot;,&quot;created_timestamp&quot;:&quot;0&quot;,&quot;copyright&quot;:&quot;&quot;,&quot;focal_length&quot;:&quot;0&quot;,&quot;iso&quot;:&quot;0&quot;,&quot;shutter_speed&quot;:&quot;0&quot;,&quot;title&quot;:&quot;&quot;,&quot;orientation&quot;:&quot;0&quot;}\" data-image-title=\"4\" data-image-description=\"\" data-image-caption=\"\" data-large-file=\"https:\/\/www.hoymercedes.com.ar\/principal\/wp-content\/uploads\/2022\/04\/4.jpeg\" src=\"https:\/\/www.hoymercedes.com.ar\/principal\/wp-content\/uploads\/2022\/04\/4.jpeg\" alt=\"\" class=\"wp-image-146213\" srcset=\"https:\/\/www.hoymercedes.com.ar\/principal\/wp-content\/uploads\/2022\/04\/4.jpeg 720w, https:\/\/www.hoymercedes.com.ar\/principal\/wp-content\/uploads\/2022\/04\/4-630x298.jpeg 630w, https:\/\/www.hoymercedes.com.ar\/principal\/wp-content\/uploads\/2022\/04\/4-150x71.jpeg 150w\" sizes=\"auto, (max-width: 720px) 100vw, 720px\" \/><\/figure><\/div>\n","protected":false},"excerpt":{"rendered":"<p>Prensa Municipal &#8211; Se llev\u00f3 adelante un nuevo encuentro de la Mesa de Salud Mental. La reuni\u00f3n se realiz\u00f3 en &#8230; <a title=\"Reuni\u00f3n de trabajo y gesti\u00f3n de la mesa local de Salud Mental \u00a0\" class=\"read-more\" href=\"https:\/\/www.hoymercedes.com.ar\/principal\/2022\/04\/03\/reunion-de-trabajo-y-gestion-de-la-mesa-local-de-salud-mental\/\" aria-label=\"Leer m\u00e1s sobre Reuni\u00f3n de trabajo y gesti\u00f3n de la mesa local de Salud Mental \u00a0\">Leer m\u00e1s<\/a><\/p>\n","protected":false},"author":1,"featured_media":146213,"comment_status":"closed","ping_status":"open","sticky":false,"template":"","format":"standard","meta":{"_monsterinsights_skip_tracking":false,"_monsterinsights_sitenote_active":false,"_monsterinsights_sitenote_note":"","_monsterinsights_sitenote_category":0,"jetpack_post_was_ever_published":false,"_jetpack_newsletter_access":"","_jetpack_dont_email_post_to_subs":false,"_jetpack_newsletter_tier_id":0,"_jetpack_memberships_contains_paywalled_content":false,"_jetpack_memberships_contains_paid_content":false,"footnotes":"","jetpack_publicize_message":"","jetpack_publicize_feature_enabled":true,"jetpack_social_post_already_shared":true,"jetpack_social_options":{"image_generator_settings":{"template":"highway","default_image_id":0,"font":"","enabled":false},"version":2},"_wpas_customize_per_network":false},"categories":[30],"tags":[244],"class_list":["post-146215","post","type-post","status-publish","format-standard","has-post-thumbnail","hentry","category-municipio","tag-municipio-2","generate-columns","tablet-grid-50","mobile-grid-100","grid-parent","grid-50"],"jetpack_publicize_connections":[],"jetpack_featured_media_url":"https:\/\/www.hoymercedes.com.ar\/principal\/wp-content\/uploads\/2022\/04\/4.jpeg","wps_subtitle":"","jetpack_sharing_enabled":true,"_links":{"self":[{"href":"https:\/\/www.hoymercedes.com.ar\/principal\/wp-json\/wp\/v2\/posts\/146215","targetHints":{"allow":["GET"]}}],"collection":[{"href":"https:\/\/www.hoymercedes.com.ar\/principal\/wp-json\/wp\/v2\/posts"}],"about":[{"href":"https:\/\/www.hoymercedes.com.ar\/principal\/wp-json\/wp\/v2\/types\/post"}],"author":[{"embeddable":true,"href":"https:\/\/www.hoymercedes.com.ar\/principal\/wp-json\/wp\/v2\/users\/1"}],"replies":[{"embeddable":true,"href":"https:\/\/www.hoymercedes.com.ar\/principal\/wp-json\/wp\/v2\/comments?post=146215"}],"version-history":[{"count":0,"href":"https:\/\/www.hoymercedes.com.ar\/principal\/wp-json\/wp\/v2\/posts\/146215\/revisions"}],"wp:featuredmedia":[{"embeddable":true,"href":"https:\/\/www.hoymercedes.com.ar\/principal\/wp-json\/wp\/v2\/media\/146213"}],"wp:attachment":[{"href":"https:\/\/www.hoymercedes.com.ar\/principal\/wp-json\/wp\/v2\/media?parent=146215"}],"wp:term":[{"taxonomy":"category","embeddable":true,"href":"https:\/\/www.hoymercedes.com.ar\/principal\/wp-json\/wp\/v2\/categories?post=146215"},{"taxonomy":"post_tag","embeddable":true,"href":"https:\/\/www.hoymercedes.com.ar\/principal\/wp-json\/wp\/v2\/tags?post=146215"}],"curies":[{"name":"wp","href":"https:\/\/api.w.org\/{rel}","templated":true}]}}