{"id":146242,"date":"2022-04-03T22:16:00","date_gmt":"2022-04-04T01:16:00","guid":{"rendered":"https:\/\/www.hoymercedes.com.ar\/principal\/?p=146242"},"modified":"2022-04-03T22:40:35","modified_gmt":"2022-04-04T01:40:35","slug":"juventud-vencio-a-trocha-y-se-llevo-el-partido-de-ida-de-la-final","status":"publish","type":"post","link":"https:\/\/www.hoymercedes.com.ar\/principal\/2022\/04\/03\/juventud-vencio-a-trocha-y-se-llevo-el-partido-de-ida-de-la-final\/","title":{"rendered":"Juventud venci\u00f3 a Trocha y se llev\u00f3 el partido de ida de la final"},"content":{"rendered":"\n<figure class=\"wp-block-image size-large\"><img loading=\"lazy\" decoding=\"async\" width=\"1024\" height=\"768\" data-attachment-id=\"146243\" data-permalink=\"https:\/\/www.hoymercedes.com.ar\/principal\/2022\/04\/03\/juventud-vencio-a-trocha-y-se-llevo-el-partido-de-ida-de-la-final\/suipacha-trocha\/#main\" data-orig-file=\"https:\/\/www.hoymercedes.com.ar\/principal\/wp-content\/uploads\/2022\/04\/Suipacha-Trocha.jpg\" data-orig-size=\"1080,810\" data-comments-opened=\"0\" data-image-meta=\"{&quot;aperture&quot;:&quot;0&quot;,&quot;credit&quot;:&quot;&quot;,&quot;camera&quot;:&quot;&quot;,&quot;caption&quot;:&quot;&quot;,&quot;created_timestamp&quot;:&quot;0&quot;,&quot;copyright&quot;:&quot;&quot;,&quot;focal_length&quot;:&quot;0&quot;,&quot;iso&quot;:&quot;0&quot;,&quot;shutter_speed&quot;:&quot;0&quot;,&quot;title&quot;:&quot;&quot;,&quot;orientation&quot;:&quot;0&quot;}\" data-image-title=\"Suipacha-Trocha\" data-image-description=\"\" data-image-caption=\"\" data-large-file=\"https:\/\/www.hoymercedes.com.ar\/principal\/wp-content\/uploads\/2022\/04\/Suipacha-Trocha-1024x768.jpg\" src=\"https:\/\/www.hoymercedes.com.ar\/principal\/wp-content\/uploads\/2022\/04\/Suipacha-Trocha-1024x768.jpg\" alt=\"\" class=\"wp-image-146243\" srcset=\"https:\/\/www.hoymercedes.com.ar\/principal\/wp-content\/uploads\/2022\/04\/Suipacha-Trocha-1024x768.jpg 1024w, https:\/\/www.hoymercedes.com.ar\/principal\/wp-content\/uploads\/2022\/04\/Suipacha-Trocha-630x473.jpg 630w, https:\/\/www.hoymercedes.com.ar\/principal\/wp-content\/uploads\/2022\/04\/Suipacha-Trocha-150x113.jpg 150w, https:\/\/www.hoymercedes.com.ar\/principal\/wp-content\/uploads\/2022\/04\/Suipacha-Trocha.jpg 1080w\" sizes=\"auto, (max-width: 1024px) 100vw, 1024px\" \/><figcaption>Foto: JDS<\/figcaption><\/figure>\n\n\n\n<p>La primera final del torneo oficial de la Liga Mercedina se disput\u00f3 entre <strong>Trocha y Juventud <\/strong>en Suipacha. Fue 2 a 1 por los suipachenses.<\/p>\n\n\n\n<p>El Partido de ida se disput\u00f3 en el municipal de la vecina localidad. All\u00ed iba ganando 1 a 0 los dirigidos por Menendez con gol de <strong>Jos\u00e9 Cubas.<\/strong><\/p>\n\n\n\n<p>Una r\u00e1faga de <strong>Juventud<\/strong> permiti\u00f3 que <strong>Jos\u00e9 Mat\u00edas Correa y Jos\u00e9 Perruiset<\/strong> hagan dos goles dando la victoria en la primera de las dos finales.<\/p>\n\n\n\n<p>Fue un partido duro. Trabado. Una verdadera final.<\/p>\n\n\n\n<p>Ahora se vendr\u00e1a vuelta en Mercedes.<\/p>\n","protected":false},"excerpt":{"rendered":"<p>La primera final del torneo oficial de la Liga Mercedina se disput\u00f3 entre Trocha y Juventud en Suipacha. Fue 2 &#8230; <a title=\"Juventud venci\u00f3 a Trocha y se llev\u00f3 el partido de ida de la final\" class=\"read-more\" href=\"https:\/\/www.hoymercedes.com.ar\/principal\/2022\/04\/03\/juventud-vencio-a-trocha-y-se-llevo-el-partido-de-ida-de-la-final\/\" aria-label=\"Leer m\u00e1s sobre Juventud venci\u00f3 a Trocha y se llev\u00f3 el partido de ida de la final\">Leer m\u00e1s<\/a><\/p>\n","protected":false},"author":1,"featured_media":146243,"comment_status":"closed","ping_status":"open","sticky":false,"template":"","format":"standard","meta":{"_monsterinsights_skip_tracking":false,"_monsterinsights_sitenote_active":false,"_monsterinsights_sitenote_note":"","_monsterinsights_sitenote_category":0,"jetpack_post_was_ever_published":false,"_jetpack_newsletter_access":"","_jetpack_dont_email_post_to_subs":false,"_jetpack_newsletter_tier_id":0,"_jetpack_memberships_contains_paywalled_content":false,"_jetpack_memberships_contains_paid_content":false,"footnotes":"","jetpack_publicize_message":"","jetpack_publicize_feature_enabled":true,"jetpack_social_post_already_shared":true,"jetpack_social_options":{"image_generator_settings":{"template":"highway","default_image_id":0,"font":"","enabled":false},"version":2},"_wpas_customize_per_network":false},"categories":[21],"tags":[1901,559],"class_list":["post-146242","post","type-post","status-publish","format-standard","has-post-thumbnail","hentry","category-deportes","tag-liga-mercedina","tag-suipacha","generate-columns","tablet-grid-50","mobile-grid-100","grid-parent","grid-50"],"jetpack_publicize_connections":[],"jetpack_featured_media_url":"https:\/\/www.hoymercedes.com.ar\/principal\/wp-content\/uploads\/2022\/04\/Suipacha-Trocha.jpg","wps_subtitle":"Final de la Liga","jetpack_sharing_enabled":true,"_links":{"self":[{"href":"https:\/\/www.hoymercedes.com.ar\/principal\/wp-json\/wp\/v2\/posts\/146242","targetHints":{"allow":["GET"]}}],"collection":[{"href":"https:\/\/www.hoymercedes.com.ar\/principal\/wp-json\/wp\/v2\/posts"}],"about":[{"href":"https:\/\/www.hoymercedes.com.ar\/principal\/wp-json\/wp\/v2\/types\/post"}],"author":[{"embeddable":true,"href":"https:\/\/www.hoymercedes.com.ar\/principal\/wp-json\/wp\/v2\/users\/1"}],"replies":[{"embeddable":true,"href":"https:\/\/www.hoymercedes.com.ar\/principal\/wp-json\/wp\/v2\/comments?post=146242"}],"version-history":[{"count":0,"href":"https:\/\/www.hoymercedes.com.ar\/principal\/wp-json\/wp\/v2\/posts\/146242\/revisions"}],"wp:featuredmedia":[{"embeddable":true,"href":"https:\/\/www.hoymercedes.com.ar\/principal\/wp-json\/wp\/v2\/media\/146243"}],"wp:attachment":[{"href":"https:\/\/www.hoymercedes.com.ar\/principal\/wp-json\/wp\/v2\/media?parent=146242"}],"wp:term":[{"taxonomy":"category","embeddable":true,"href":"https:\/\/www.hoymercedes.com.ar\/principal\/wp-json\/wp\/v2\/categories?post=146242"},{"taxonomy":"post_tag","embeddable":true,"href":"https:\/\/www.hoymercedes.com.ar\/principal\/wp-json\/wp\/v2\/tags?post=146242"}],"curies":[{"name":"wp","href":"https:\/\/api.w.org\/{rel}","templated":true}]}}