{"id":146308,"date":"2022-04-04T22:01:50","date_gmt":"2022-04-05T01:01:50","guid":{"rendered":"https:\/\/www.hoymercedes.com.ar\/principal\/?p=146308"},"modified":"2022-04-04T22:01:54","modified_gmt":"2022-04-05T01:01:54","slug":"vecino-de-gowland-pierde-la-vida-en-siniestro-vial","status":"publish","type":"post","link":"https:\/\/www.hoymercedes.com.ar\/principal\/2022\/04\/04\/vecino-de-gowland-pierde-la-vida-en-siniestro-vial\/","title":{"rendered":"Vecino de Gowland pierde la vida en siniestro vial"},"content":{"rendered":"\n<p>Durante la ma\u00f1ana del domingo se produjo un siniestro vial en la localidad de Gowland que lamentablemente determin\u00f3 la p\u00e9rdida de vida de un vecino. Se estima fue a primera hora, alrededor de las 07am, en calles 523 y colectora norte. Actu\u00f3 el SAME y la Polic\u00eda Comunal del Destacamento de dicha localidad.<\/p>\n\n\n\n<p>La justicia avanza, se supo extraoficialmente, en la investigaci\u00f3n que permitan determinar c\u00f3mo se dio el siniestro en el cual un hombre de 38 a\u00f1os de edad de apellido Cabral que se movilizaba en una motocicleta 150cc termin\u00f3 impactando contra el pavimento, previo posible choque contra el guardrail.<\/p>\n\n\n\n<p>En el siniestro e investigaci\u00f3n completa del tr\u00e1gico sucedo act\u00faa la U.F.I N\u00ba6 del Departamento Judicial Mercedes.<\/p>\n","protected":false},"excerpt":{"rendered":"<p>Durante la ma\u00f1ana del domingo se produjo un siniestro vial en la localidad de Gowland que lamentablemente determin\u00f3 la p\u00e9rdida &#8230; <a title=\"Vecino de Gowland pierde la vida en siniestro vial\" class=\"read-more\" href=\"https:\/\/www.hoymercedes.com.ar\/principal\/2022\/04\/04\/vecino-de-gowland-pierde-la-vida-en-siniestro-vial\/\" aria-label=\"Leer m\u00e1s sobre Vecino de Gowland pierde la vida en siniestro vial\">Leer m\u00e1s<\/a><\/p>\n","protected":false},"author":1,"featured_media":127982,"comment_status":"closed","ping_status":"open","sticky":false,"template":"","format":"standard","meta":{"_monsterinsights_skip_tracking":false,"_monsterinsights_sitenote_active":false,"_monsterinsights_sitenote_note":"","_monsterinsights_sitenote_category":0,"jetpack_post_was_ever_published":false,"_jetpack_newsletter_access":"","_jetpack_dont_email_post_to_subs":false,"_jetpack_newsletter_tier_id":0,"_jetpack_memberships_contains_paywalled_content":false,"_jetpack_memberships_contains_paid_content":false,"footnotes":"","jetpack_publicize_message":"","jetpack_publicize_feature_enabled":true,"jetpack_social_post_already_shared":true,"jetpack_social_options":{"image_generator_settings":{"template":"highway","default_image_id":0,"font":"","enabled":false},"version":2},"_wpas_customize_per_network":false},"categories":[85],"tags":[10395],"class_list":["post-146308","post","type-post","status-publish","format-standard","has-post-thumbnail","hentry","category-policial","tag-siniestro-vial","generate-columns","tablet-grid-50","mobile-grid-100","grid-parent","grid-50"],"jetpack_publicize_connections":[],"jetpack_featured_media_url":"https:\/\/www.hoymercedes.com.ar\/principal\/wp-content\/uploads\/2021\/04\/PoliciaComual.jpg","wps_subtitle":"Lamentable suceso ","jetpack_sharing_enabled":true,"_links":{"self":[{"href":"https:\/\/www.hoymercedes.com.ar\/principal\/wp-json\/wp\/v2\/posts\/146308","targetHints":{"allow":["GET"]}}],"collection":[{"href":"https:\/\/www.hoymercedes.com.ar\/principal\/wp-json\/wp\/v2\/posts"}],"about":[{"href":"https:\/\/www.hoymercedes.com.ar\/principal\/wp-json\/wp\/v2\/types\/post"}],"author":[{"embeddable":true,"href":"https:\/\/www.hoymercedes.com.ar\/principal\/wp-json\/wp\/v2\/users\/1"}],"replies":[{"embeddable":true,"href":"https:\/\/www.hoymercedes.com.ar\/principal\/wp-json\/wp\/v2\/comments?post=146308"}],"version-history":[{"count":0,"href":"https:\/\/www.hoymercedes.com.ar\/principal\/wp-json\/wp\/v2\/posts\/146308\/revisions"}],"wp:featuredmedia":[{"embeddable":true,"href":"https:\/\/www.hoymercedes.com.ar\/principal\/wp-json\/wp\/v2\/media\/127982"}],"wp:attachment":[{"href":"https:\/\/www.hoymercedes.com.ar\/principal\/wp-json\/wp\/v2\/media?parent=146308"}],"wp:term":[{"taxonomy":"category","embeddable":true,"href":"https:\/\/www.hoymercedes.com.ar\/principal\/wp-json\/wp\/v2\/categories?post=146308"},{"taxonomy":"post_tag","embeddable":true,"href":"https:\/\/www.hoymercedes.com.ar\/principal\/wp-json\/wp\/v2\/tags?post=146308"}],"curies":[{"name":"wp","href":"https:\/\/api.w.org\/{rel}","templated":true}]}}