{"id":146433,"date":"2022-04-07T14:22:23","date_gmt":"2022-04-07T17:22:23","guid":{"rendered":"https:\/\/www.hoymercedes.com.ar\/principal\/?p=146433"},"modified":"2022-04-07T14:22:30","modified_gmt":"2022-04-07T17:22:30","slug":"largas-colas-en-el-mercado-en-tu-barrio","status":"publish","type":"post","link":"https:\/\/www.hoymercedes.com.ar\/principal\/2022\/04\/07\/largas-colas-en-el-mercado-en-tu-barrio\/","title":{"rendered":"Largas colas en el Mercado en tu Barrio"},"content":{"rendered":"\n<p>Durante la ma\u00f1ana de este jueves, la plaza en las inmediaciones de la Terminal de \u00d3mnibus fue el epicentro del Mercado en tu Barrio que concentr\u00f3 a cientos de vecinos que buscaban las ofertas en productos alimenticios, as\u00ed como en los puestos de organismso gubernamentales para hacer tr\u00e1mites. <\/p>\n\n\n\n<div class=\"wp-block-image\"><figure class=\"aligncenter size-large is-resized\"><img loading=\"lazy\" decoding=\"async\" data-attachment-id=\"146434\" data-permalink=\"https:\/\/www.hoymercedes.com.ar\/principal\/2022\/04\/07\/largas-colas-en-el-mercado-en-tu-barrio\/dsc05457\/#main\" data-orig-file=\"https:\/\/www.hoymercedes.com.ar\/principal\/wp-content\/uploads\/2022\/04\/DSC05457.jpg\" data-orig-size=\"1086,615\" data-comments-opened=\"0\" data-image-meta=\"{&quot;aperture&quot;:&quot;0&quot;,&quot;credit&quot;:&quot;&quot;,&quot;camera&quot;:&quot;&quot;,&quot;caption&quot;:&quot;&quot;,&quot;created_timestamp&quot;:&quot;0&quot;,&quot;copyright&quot;:&quot;&quot;,&quot;focal_length&quot;:&quot;0&quot;,&quot;iso&quot;:&quot;0&quot;,&quot;shutter_speed&quot;:&quot;0&quot;,&quot;title&quot;:&quot;&quot;,&quot;orientation&quot;:&quot;0&quot;}\" data-image-title=\"DSC05457\" data-image-description=\"\" data-image-caption=\"\" data-large-file=\"https:\/\/www.hoymercedes.com.ar\/principal\/wp-content\/uploads\/2022\/04\/DSC05457-1024x580.jpg\" src=\"https:\/\/www.hoymercedes.com.ar\/principal\/wp-content\/uploads\/2022\/04\/DSC05457-1024x580.jpg\" alt=\"\" class=\"wp-image-146434\" width=\"706\" height=\"399\" srcset=\"https:\/\/www.hoymercedes.com.ar\/principal\/wp-content\/uploads\/2022\/04\/DSC05457-1024x580.jpg 1024w, https:\/\/www.hoymercedes.com.ar\/principal\/wp-content\/uploads\/2022\/04\/DSC05457-630x357.jpg 630w, https:\/\/www.hoymercedes.com.ar\/principal\/wp-content\/uploads\/2022\/04\/DSC05457-150x85.jpg 150w, https:\/\/www.hoymercedes.com.ar\/principal\/wp-content\/uploads\/2022\/04\/DSC05457.jpg 1086w\" sizes=\"auto, (max-width: 706px) 100vw, 706px\" \/><\/figure><\/div>\n\n\n\n<p>\u201cPara nosotros es muy importante contar con esta herramienta de gesti\u00f3n. Distintos proveedores nacionales a trav\u00e9s de estos dispositivos ofrecen productos y combos de alimentos de pastas, carnes, verduras, l\u00e1cteos, entre otros elementos de uso cotidiano para las familias a excelentes precios y calidad\u201d contaron desde el \u00e1rea de Defensa del Consumidor. \u00a0<\/p>\n\n\n\n<p>Mercado en tu Barrio propone la venta de productos alimenticioas b\u00e1sicos, as\u00ed como la atenci\u00f3n de organismos como ANSES, Tarjeta SUBE, Vacunatorio, Cuenta DNI, entre otras herramientas. \u00a0<\/p>\n","protected":false},"excerpt":{"rendered":"<p>Durante la ma\u00f1ana de este jueves, la plaza en las inmediaciones de la Terminal de \u00d3mnibus fue el epicentro del &#8230; <a title=\"Largas colas en el Mercado en tu Barrio\" class=\"read-more\" href=\"https:\/\/www.hoymercedes.com.ar\/principal\/2022\/04\/07\/largas-colas-en-el-mercado-en-tu-barrio\/\" aria-label=\"Leer m\u00e1s sobre Largas colas en el Mercado en tu Barrio\">Leer m\u00e1s<\/a><\/p>\n","protected":false},"author":1,"featured_media":146434,"comment_status":"closed","ping_status":"open","sticky":false,"template":"","format":"standard","meta":{"_monsterinsights_skip_tracking":false,"_monsterinsights_sitenote_active":false,"_monsterinsights_sitenote_note":"","_monsterinsights_sitenote_category":0,"jetpack_post_was_ever_published":false,"_jetpack_newsletter_access":"","_jetpack_dont_email_post_to_subs":false,"_jetpack_newsletter_tier_id":0,"_jetpack_memberships_contains_paywalled_content":false,"_jetpack_memberships_contains_paid_content":false,"footnotes":"","jetpack_publicize_message":"","jetpack_publicize_feature_enabled":true,"jetpack_social_post_already_shared":true,"jetpack_social_options":{"image_generator_settings":{"template":"highway","default_image_id":0,"font":"","enabled":false},"version":2},"_wpas_customize_per_network":false},"categories":[8],"tags":[244],"class_list":["post-146433","post","type-post","status-publish","format-standard","has-post-thumbnail","hentry","category-sociedad","tag-municipio-2","generate-columns","tablet-grid-50","mobile-grid-100","grid-parent","grid-50"],"jetpack_publicize_connections":[],"jetpack_featured_media_url":"https:\/\/www.hoymercedes.com.ar\/principal\/wp-content\/uploads\/2022\/04\/DSC05457.jpg","wps_subtitle":"","jetpack_sharing_enabled":true,"_links":{"self":[{"href":"https:\/\/www.hoymercedes.com.ar\/principal\/wp-json\/wp\/v2\/posts\/146433","targetHints":{"allow":["GET"]}}],"collection":[{"href":"https:\/\/www.hoymercedes.com.ar\/principal\/wp-json\/wp\/v2\/posts"}],"about":[{"href":"https:\/\/www.hoymercedes.com.ar\/principal\/wp-json\/wp\/v2\/types\/post"}],"author":[{"embeddable":true,"href":"https:\/\/www.hoymercedes.com.ar\/principal\/wp-json\/wp\/v2\/users\/1"}],"replies":[{"embeddable":true,"href":"https:\/\/www.hoymercedes.com.ar\/principal\/wp-json\/wp\/v2\/comments?post=146433"}],"version-history":[{"count":0,"href":"https:\/\/www.hoymercedes.com.ar\/principal\/wp-json\/wp\/v2\/posts\/146433\/revisions"}],"wp:featuredmedia":[{"embeddable":true,"href":"https:\/\/www.hoymercedes.com.ar\/principal\/wp-json\/wp\/v2\/media\/146434"}],"wp:attachment":[{"href":"https:\/\/www.hoymercedes.com.ar\/principal\/wp-json\/wp\/v2\/media?parent=146433"}],"wp:term":[{"taxonomy":"category","embeddable":true,"href":"https:\/\/www.hoymercedes.com.ar\/principal\/wp-json\/wp\/v2\/categories?post=146433"},{"taxonomy":"post_tag","embeddable":true,"href":"https:\/\/www.hoymercedes.com.ar\/principal\/wp-json\/wp\/v2\/tags?post=146433"}],"curies":[{"name":"wp","href":"https:\/\/api.w.org\/{rel}","templated":true}]}}