{"id":146452,"date":"2022-04-08T07:10:00","date_gmt":"2022-04-08T10:10:00","guid":{"rendered":"https:\/\/www.hoymercedes.com.ar\/principal\/?p=146452"},"modified":"2022-04-07T21:02:06","modified_gmt":"2022-04-08T00:02:06","slug":"oportunidad-laboral-en-el-programa-practica-primera-actividad-temporal-inclusiva-de-capacitacion-laboral","status":"publish","type":"post","link":"https:\/\/www.hoymercedes.com.ar\/principal\/2022\/04\/08\/oportunidad-laboral-en-el-programa-practica-primera-actividad-temporal-inclusiva-de-capacitacion-laboral\/","title":{"rendered":"Oportunidad laboral en el programa Practica, Primera Actividad Temporal Inclusiva de Capacitaci\u00f3n Laboral"},"content":{"rendered":"\n<p><strong><em>El programa Practica, Primera Actividad Temporal Inclusiva de Capacitaci\u00f3n Laboral, es una iniciativa conjunta de la Secretar\u00eda de Gesti\u00f3n y Empleo P\u00fablico de la\u2063 Jefatura de Gabinete de Ministros y la Subsecretar\u00eda de Gesti\u00f3n de Espacios y Proyectos Especiales del Ministerio de Cultura de la Naci\u00f3n. \u2063<\/em><\/strong><\/p>\n\n\n\n<div class=\"wp-block-image\"><figure class=\"aligncenter\"><img decoding=\"async\" src=\"https:\/\/d1iibezb83drel.cloudfront.net\/wp-content\/uploads\/2021\/09\/pandemia-empleo-688x387.png\" alt=\"\"\/><\/figure><\/div>\n\n\n\n<p>Por segundo a\u00f1o consecutivo, se abri\u00f3 la convocatoria a Practica, programa que brinda un primer empleo en condiciones formales a j\u00f3venes de entre 18 y 24 a\u00f1os.<\/p>\n\n\n\n<p>Mediante un proceso de selecci\u00f3n transparente, 250 personas trabajar\u00e1n en atenci\u00f3n al p\u00fablico en instituciones culturales de todo el pa\u00eds. Desarrollar\u00e1n sus tareas en el Centro Cultural Kirchner, Tecn\u00f3polis, Centro Cultural Borges y veinte Museos Nacionales.<\/p>\n\n\n\n<p>El programa Practica, Primera Actividad Temporal Inclusiva de Capacitaci\u00f3n Laboral, es una iniciativa conjunta de la Secretar\u00eda de Gesti\u00f3n y Empleo P\u00fablico de la\u2063 Jefatura de Gabinete de Ministros y la Subsecretar\u00eda de Gesti\u00f3n de Espacios y Proyectos Especiales del Ministerio de Cultura de la Naci\u00f3n. \u2063<\/p>\n\n\n\n<p>Las y los trabajadores ser\u00e1n contratados por el art\u00edculo 9 de la Ley Marco de Regulaci\u00f3n del Empleo P\u00fablico Nacional, con una carga horaria de 35 horas, incluyendo los fines de semana y feriados, con plenos derechos laborales. \u2063<\/p>\n\n\n\n<blockquote class=\"wp-block-quote is-layout-flow wp-block-quote-is-layout-flow\"><p>Adem\u00e1s, se realizar\u00e1n actividades de capacitaci\u00f3n obligatoria a trav\u00e9s del Instituto Nacional de la Administraci\u00f3n P\u00fablica (INAP), dependiente de la Secretar\u00eda de Gesti\u00f3n y Empleo P\u00fablico.<\/p><\/blockquote>\n\n\n\n<p>Los requisitos son tener entre 18 y 24 a\u00f1os, no estar trabajando actualmente ni recibiendo prestaciones dinerarias del Estado (nacional, provincial o municipal), residir en localidades pr\u00f3ximas a la sede donde se prestar\u00e1 el servicio, y haber completado el secundario, aunque se adeuden materias.<\/p>\n\n\n\n<p>Para m\u00e1s informaci\u00f3n y requisitos, los interesados pueden acceder a la web oficial del Gobierno nacional\u00a0<a rel=\"noreferrer noopener\" href=\"https:\/\/www.argentina.gob.ar\/programapractica\" target=\"_blank\">mediante este enlace<\/a>, o escribir un mail a practicalaboral@jefatura.gob.ar.<\/p>\n\n\n\n<p>La inscripci\u00f3n continuar\u00e1 abierta hasta el 12 de abril, y podr\u00e1 realizarse a trav\u00e9s del siguiente\u00a0<a rel=\"noreferrer noopener\" href=\"https:\/\/practicalaboral.jefatura.gob.ar\/busqueda\/presentation\" target=\"_blank\">link que redirecciona a la p\u00e1gina<\/a>\u00a0del programa Practica. <\/p>\n\n\n\n<p>Fuente GLP (<a href=\"https:\/\/www.grupolaprovincia.com\/\" target=\"_blank\" rel=\"noreferrer noopener\">grupolaprovincia.com<\/a>)<\/p>\n","protected":false},"excerpt":{"rendered":"<p>El programa Practica, Primera Actividad Temporal Inclusiva de Capacitaci\u00f3n Laboral, es una iniciativa conjunta de la Secretar\u00eda de Gesti\u00f3n y &#8230; <a title=\"Oportunidad laboral en el programa Practica, Primera Actividad Temporal Inclusiva de Capacitaci\u00f3n Laboral\" class=\"read-more\" href=\"https:\/\/www.hoymercedes.com.ar\/principal\/2022\/04\/08\/oportunidad-laboral-en-el-programa-practica-primera-actividad-temporal-inclusiva-de-capacitacion-laboral\/\" aria-label=\"Leer m\u00e1s sobre Oportunidad laboral en el programa Practica, Primera Actividad Temporal Inclusiva de Capacitaci\u00f3n Laboral\">Leer m\u00e1s<\/a><\/p>\n","protected":false},"author":1,"featured_media":146439,"comment_status":"closed","ping_status":"open","sticky":false,"template":"","format":"standard","meta":{"_monsterinsights_skip_tracking":false,"_monsterinsights_sitenote_active":false,"_monsterinsights_sitenote_note":"","_monsterinsights_sitenote_category":0,"jetpack_post_was_ever_published":false,"_jetpack_newsletter_access":"","_jetpack_dont_email_post_to_subs":false,"_jetpack_newsletter_tier_id":0,"_jetpack_memberships_contains_paywalled_content":false,"_jetpack_memberships_contains_paid_content":false,"footnotes":"","jetpack_publicize_message":"","jetpack_publicize_feature_enabled":true,"jetpack_social_post_already_shared":true,"jetpack_social_options":{"image_generator_settings":{"template":"highway","default_image_id":0,"font":"","enabled":false},"version":2},"_wpas_customize_per_network":false},"categories":[17182],"tags":[185,12506],"class_list":["post-146452","post","type-post","status-publish","format-standard","has-post-thumbnail","hentry","category-nacion","tag-nacion","tag-propuesta-laboral","generate-columns","tablet-grid-50","mobile-grid-100","grid-parent","grid-50"],"jetpack_publicize_connections":[],"jetpack_featured_media_url":"https:\/\/www.hoymercedes.com.ar\/principal\/wp-content\/uploads\/2022\/04\/trabajo-admin.png","wps_subtitle":"Capacitaci\u00f3n y trabajo","jetpack_sharing_enabled":true,"_links":{"self":[{"href":"https:\/\/www.hoymercedes.com.ar\/principal\/wp-json\/wp\/v2\/posts\/146452","targetHints":{"allow":["GET"]}}],"collection":[{"href":"https:\/\/www.hoymercedes.com.ar\/principal\/wp-json\/wp\/v2\/posts"}],"about":[{"href":"https:\/\/www.hoymercedes.com.ar\/principal\/wp-json\/wp\/v2\/types\/post"}],"author":[{"embeddable":true,"href":"https:\/\/www.hoymercedes.com.ar\/principal\/wp-json\/wp\/v2\/users\/1"}],"replies":[{"embeddable":true,"href":"https:\/\/www.hoymercedes.com.ar\/principal\/wp-json\/wp\/v2\/comments?post=146452"}],"version-history":[{"count":0,"href":"https:\/\/www.hoymercedes.com.ar\/principal\/wp-json\/wp\/v2\/posts\/146452\/revisions"}],"wp:featuredmedia":[{"embeddable":true,"href":"https:\/\/www.hoymercedes.com.ar\/principal\/wp-json\/wp\/v2\/media\/146439"}],"wp:attachment":[{"href":"https:\/\/www.hoymercedes.com.ar\/principal\/wp-json\/wp\/v2\/media?parent=146452"}],"wp:term":[{"taxonomy":"category","embeddable":true,"href":"https:\/\/www.hoymercedes.com.ar\/principal\/wp-json\/wp\/v2\/categories?post=146452"},{"taxonomy":"post_tag","embeddable":true,"href":"https:\/\/www.hoymercedes.com.ar\/principal\/wp-json\/wp\/v2\/tags?post=146452"}],"curies":[{"name":"wp","href":"https:\/\/api.w.org\/{rel}","templated":true}]}}