{"id":146464,"date":"2022-04-08T09:30:00","date_gmt":"2022-04-08T12:30:00","guid":{"rendered":"https:\/\/www.hoymercedes.com.ar\/principal\/?p=146464"},"modified":"2022-04-07T21:01:42","modified_gmt":"2022-04-08T00:01:42","slug":"salud-municipal-comenzo-con-la-campana-antigripal-para-adultos-mayores","status":"publish","type":"post","link":"https:\/\/www.hoymercedes.com.ar\/principal\/2022\/04\/08\/salud-municipal-comenzo-con-la-campana-antigripal-para-adultos-mayores\/","title":{"rendered":"\u00a0Salud Municipal comenz\u00f3 con la campa\u00f1a antigripal para personas de riesgo"},"content":{"rendered":"\n<p>En el marco del D\u00eda Internacional de la Salud se realiz\u00f3 en la Plaza San Mart\u00edn un operativo de vacunaci\u00f3n contra la gripe. La Secretar\u00eda de Salud del Municipio de Mercedes instal\u00f3 puestos de vacunaci\u00f3n destinados a los grupos de riesgo. Es as\u00ed que tanto mayores de 65 a\u00f1os, como embarazadas y beb\u00e9s de 6 a 24 meses, estuvieron haciendo largas colas en la ma\u00f1ana del jueves. La campa\u00f1a municipal de vacunaci\u00f3n antigripal continuar\u00e1 a partir del lunes en los CAPS. <\/p>\n\n\n\n<div class=\"wp-block-image\"><figure class=\"aligncenter size-full\"><img loading=\"lazy\" decoding=\"async\" width=\"800\" height=\"533\" data-attachment-id=\"146466\" data-permalink=\"https:\/\/www.hoymercedes.com.ar\/principal\/2022\/04\/08\/salud-municipal-comenzo-con-la-campana-antigripal-para-adultos-mayores\/whatsapp-image-2022-04-07-at-10-35-01\/#main\" data-orig-file=\"https:\/\/www.hoymercedes.com.ar\/principal\/wp-content\/uploads\/2022\/04\/WhatsApp-Image-2022-04-07-at-10.35.01.jpeg\" data-orig-size=\"800,533\" data-comments-opened=\"0\" data-image-meta=\"{&quot;aperture&quot;:&quot;0&quot;,&quot;credit&quot;:&quot;&quot;,&quot;camera&quot;:&quot;&quot;,&quot;caption&quot;:&quot;&quot;,&quot;created_timestamp&quot;:&quot;1649364708&quot;,&quot;copyright&quot;:&quot;&quot;,&quot;focal_length&quot;:&quot;0&quot;,&quot;iso&quot;:&quot;0&quot;,&quot;shutter_speed&quot;:&quot;0&quot;,&quot;title&quot;:&quot;&quot;,&quot;orientation&quot;:&quot;1&quot;}\" data-image-title=\"WhatsApp Image 2022-04-07 at 10.35.01\" data-image-description=\"\" data-image-caption=\"\" data-large-file=\"https:\/\/www.hoymercedes.com.ar\/principal\/wp-content\/uploads\/2022\/04\/WhatsApp-Image-2022-04-07-at-10.35.01.jpeg\" src=\"https:\/\/www.hoymercedes.com.ar\/principal\/wp-content\/uploads\/2022\/04\/WhatsApp-Image-2022-04-07-at-10.35.01.jpeg\" alt=\"\" class=\"wp-image-146466\" srcset=\"https:\/\/www.hoymercedes.com.ar\/principal\/wp-content\/uploads\/2022\/04\/WhatsApp-Image-2022-04-07-at-10.35.01.jpeg 800w, https:\/\/www.hoymercedes.com.ar\/principal\/wp-content\/uploads\/2022\/04\/WhatsApp-Image-2022-04-07-at-10.35.01-630x420.jpeg 630w, https:\/\/www.hoymercedes.com.ar\/principal\/wp-content\/uploads\/2022\/04\/WhatsApp-Image-2022-04-07-at-10.35.01-150x100.jpeg 150w, https:\/\/www.hoymercedes.com.ar\/principal\/wp-content\/uploads\/2022\/04\/WhatsApp-Image-2022-04-07-at-10.35.01-700x465.jpeg 700w\" sizes=\"auto, (max-width: 800px) 100vw, 800px\" \/><\/figure><\/div>\n\n\n\n<p>El Secretario de Salud, el pediatra N\u00e9stor Pisapia, en di\u00e1logo con distintos medios se demostr\u00f3 sorprendido y \u00abcontento\u00bb por la convocatoria y destac\u00f3 que \u00ablos vecinos se van muy satisfechos vacunados contra la gripe\u201d. Asimismo, atendieron a vecinos que necesitaban completar el cronograma de vacunaci\u00f3n contra el covid-19.<\/p>\n\n\n\n<p>Asimismo, cont\u00f3 que \u201ca partir del d\u00eda lunes la vacuna contra la gripe va a estar a disposici\u00f3n en todos los CAPS para toda la poblaci\u00f3n de riesgo\u201d. A su vez, el funcionario destac\u00f3 que los vecinos que requieran vacunarse en los CAPS deber\u00e1n consultar los horarios de la salita a la que quiera ir. <\/p>\n","protected":false},"excerpt":{"rendered":"<p>En el marco del D\u00eda Internacional de la Salud se realiz\u00f3 en la Plaza San Mart\u00edn un operativo de vacunaci\u00f3n &#8230; <a title=\"\u00a0Salud Municipal comenz\u00f3 con la campa\u00f1a antigripal para personas de riesgo\" class=\"read-more\" href=\"https:\/\/www.hoymercedes.com.ar\/principal\/2022\/04\/08\/salud-municipal-comenzo-con-la-campana-antigripal-para-adultos-mayores\/\" aria-label=\"Leer m\u00e1s sobre \u00a0Salud Municipal comenz\u00f3 con la campa\u00f1a antigripal para personas de riesgo\">Leer m\u00e1s<\/a><\/p>\n","protected":false},"author":1,"featured_media":146466,"comment_status":"closed","ping_status":"open","sticky":false,"template":"","format":"standard","meta":{"_monsterinsights_skip_tracking":false,"_monsterinsights_sitenote_active":false,"_monsterinsights_sitenote_note":"","_monsterinsights_sitenote_category":0,"jetpack_post_was_ever_published":false,"_jetpack_newsletter_access":"","_jetpack_dont_email_post_to_subs":false,"_jetpack_newsletter_tier_id":0,"_jetpack_memberships_contains_paywalled_content":false,"_jetpack_memberships_contains_paid_content":false,"footnotes":"","jetpack_publicize_message":"","jetpack_publicize_feature_enabled":true,"jetpack_social_post_already_shared":true,"jetpack_social_options":{"image_generator_settings":{"template":"highway","default_image_id":0,"font":"","enabled":false},"version":2},"_wpas_customize_per_network":false},"categories":[9791],"tags":[7873,244,18352,13011],"class_list":["post-146464","post","type-post","status-publish","format-standard","has-post-thumbnail","hentry","category-salud","tag-campana","tag-municipio-2","tag-salud-municipio","tag-vacunacion-antigripal","generate-columns","tablet-grid-50","mobile-grid-100","grid-parent","grid-50"],"jetpack_publicize_connections":[],"jetpack_featured_media_url":"https:\/\/www.hoymercedes.com.ar\/principal\/wp-content\/uploads\/2022\/04\/WhatsApp-Image-2022-04-07-at-10.35.01.jpeg","wps_subtitle":"Jueves pasado en la plaza","jetpack_sharing_enabled":true,"_links":{"self":[{"href":"https:\/\/www.hoymercedes.com.ar\/principal\/wp-json\/wp\/v2\/posts\/146464","targetHints":{"allow":["GET"]}}],"collection":[{"href":"https:\/\/www.hoymercedes.com.ar\/principal\/wp-json\/wp\/v2\/posts"}],"about":[{"href":"https:\/\/www.hoymercedes.com.ar\/principal\/wp-json\/wp\/v2\/types\/post"}],"author":[{"embeddable":true,"href":"https:\/\/www.hoymercedes.com.ar\/principal\/wp-json\/wp\/v2\/users\/1"}],"replies":[{"embeddable":true,"href":"https:\/\/www.hoymercedes.com.ar\/principal\/wp-json\/wp\/v2\/comments?post=146464"}],"version-history":[{"count":0,"href":"https:\/\/www.hoymercedes.com.ar\/principal\/wp-json\/wp\/v2\/posts\/146464\/revisions"}],"wp:featuredmedia":[{"embeddable":true,"href":"https:\/\/www.hoymercedes.com.ar\/principal\/wp-json\/wp\/v2\/media\/146466"}],"wp:attachment":[{"href":"https:\/\/www.hoymercedes.com.ar\/principal\/wp-json\/wp\/v2\/media?parent=146464"}],"wp:term":[{"taxonomy":"category","embeddable":true,"href":"https:\/\/www.hoymercedes.com.ar\/principal\/wp-json\/wp\/v2\/categories?post=146464"},{"taxonomy":"post_tag","embeddable":true,"href":"https:\/\/www.hoymercedes.com.ar\/principal\/wp-json\/wp\/v2\/tags?post=146464"}],"curies":[{"name":"wp","href":"https:\/\/api.w.org\/{rel}","templated":true}]}}