{"id":14649,"date":"2012-07-19T22:16:38","date_gmt":"2012-07-19T22:16:38","guid":{"rendered":"http:\/\/www.hoymercedes.com.ar\/principal\/?p=14649"},"modified":"2012-07-19T22:16:38","modified_gmt":"2012-07-19T22:16:38","slug":"provincia-lograra-pagar-el-aguinaldo-con-deuda-y-giros-del-gobierno-nacional","status":"publish","type":"post","link":"https:\/\/www.hoymercedes.com.ar\/principal\/2012\/07\/19\/provincia-lograra-pagar-el-aguinaldo-con-deuda-y-giros-del-gobierno-nacional\/","title":{"rendered":"Provincia lograr\u00e1 pagar el aguinaldo con deuda y giros del Gobierno Nacional"},"content":{"rendered":"<p><a href=\"https:\/\/www.hoymercedes.com.ar\/principal\/wp-content\/uploads\/2012\/07\/Lorenzino.jpg\"><img loading=\"lazy\" decoding=\"async\" data-attachment-id=\"14651\" data-permalink=\"https:\/\/www.hoymercedes.com.ar\/principal\/2012\/07\/19\/provincia-lograra-pagar-el-aguinaldo-con-deuda-y-giros-del-gobierno-nacional\/lorenzino\/#main\" data-orig-file=\"https:\/\/www.hoymercedes.com.ar\/principal\/wp-content\/uploads\/2012\/07\/Lorenzino.jpg\" data-orig-size=\"612,420\" data-comments-opened=\"1\" data-image-meta=\"{&quot;aperture&quot;:&quot;0&quot;,&quot;credit&quot;:&quot;&quot;,&quot;camera&quot;:&quot;&quot;,&quot;caption&quot;:&quot;&quot;,&quot;created_timestamp&quot;:&quot;0&quot;,&quot;copyright&quot;:&quot;&quot;,&quot;focal_length&quot;:&quot;0&quot;,&quot;iso&quot;:&quot;0&quot;,&quot;shutter_speed&quot;:&quot;0&quot;,&quot;title&quot;:&quot;&quot;}\" data-image-title=\"Lorenzino\" data-image-description=\"\" data-image-caption=\"\" data-large-file=\"https:\/\/www.hoymercedes.com.ar\/principal\/wp-content\/uploads\/2012\/07\/Lorenzino.jpg\" class=\"aligncenter size-full wp-image-14651\" title=\"Lorenzino\" src=\"https:\/\/www.hoymercedes.com.ar\/principal\/wp-content\/uploads\/2012\/07\/Lorenzino.jpg\" alt=\"\" width=\"612\" height=\"420\" \/><\/a><\/p>\n<p>El gobierno nacional anunci\u00f3 que girar\u00e1 fondos a la provincia de Buenos Aires con el objetivo de que \u00e9sta logre abonar los aguinaldos de los empleados p\u00fablicos que a\u00fan no lo recibieron dada la crisis econ\u00f3mica financiera que el gobierno de Scioli enfrenta y sobre la cual recientemente empez\u00f3 a tomar cartas en el asunto.<\/p>\n<p>Seg\u00fan se anunci\u00f3 se girar\u00e1n cerca de 600 millones de pesos y se habilitar\u00e1 a la provincia a que emita deuda por otros 900 millones.<\/p>\n<p>De esta manera descomprimen la compleja situaci\u00f3n provincial habiendose visto en Mercedes una repercusi\u00f3n m\u00e1s que importante donde incluso pararon\u00a0instituciones\u00a0que antes no lo\u00a0hac\u00edan, como el Hospital que acat\u00f3 todas las medidas, con planes de atenci\u00f3n y cobertura, pero acatamiento al fin.<\/p>\n","protected":false},"excerpt":{"rendered":"<p>El gobierno nacional anunci\u00f3 que girar\u00e1 fondos a la provincia de Buenos Aires con el objetivo de que \u00e9sta logre &#8230; <a title=\"Provincia lograr\u00e1 pagar el aguinaldo con deuda y giros del Gobierno Nacional\" class=\"read-more\" href=\"https:\/\/www.hoymercedes.com.ar\/principal\/2012\/07\/19\/provincia-lograra-pagar-el-aguinaldo-con-deuda-y-giros-del-gobierno-nacional\/\" aria-label=\"Leer m\u00e1s sobre Provincia lograr\u00e1 pagar el aguinaldo con deuda y giros del Gobierno Nacional\">Leer m\u00e1s<\/a><\/p>\n","protected":false},"author":1,"featured_media":0,"comment_status":"open","ping_status":"open","sticky":false,"template":"","format":"standard","meta":{"_monsterinsights_skip_tracking":false,"_monsterinsights_sitenote_active":false,"_monsterinsights_sitenote_note":"","_monsterinsights_sitenote_category":0,"jetpack_post_was_ever_published":false,"_jetpack_newsletter_access":"","_jetpack_dont_email_post_to_subs":false,"_jetpack_newsletter_tier_id":0,"_jetpack_memberships_contains_paywalled_content":false,"_jetpack_memberships_contains_paid_content":false,"footnotes":"","jetpack_publicize_message":"","jetpack_publicize_feature_enabled":true,"jetpack_social_post_already_shared":false,"jetpack_social_options":{"image_generator_settings":{"template":"highway","default_image_id":0,"font":"","enabled":false},"version":2},"_wpas_customize_per_network":false},"categories":[5],"tags":[2528,2536],"class_list":["post-14649","post","type-post","status-publish","format-standard","hentry","category-politica","tag-crisis-provincial","tag-lorenzino","generate-columns","tablet-grid-50","mobile-grid-100","grid-parent","grid-50"],"jetpack_publicize_connections":[],"jetpack_featured_media_url":"","wps_subtitle":"","jetpack_sharing_enabled":true,"_links":{"self":[{"href":"https:\/\/www.hoymercedes.com.ar\/principal\/wp-json\/wp\/v2\/posts\/14649","targetHints":{"allow":["GET"]}}],"collection":[{"href":"https:\/\/www.hoymercedes.com.ar\/principal\/wp-json\/wp\/v2\/posts"}],"about":[{"href":"https:\/\/www.hoymercedes.com.ar\/principal\/wp-json\/wp\/v2\/types\/post"}],"author":[{"embeddable":true,"href":"https:\/\/www.hoymercedes.com.ar\/principal\/wp-json\/wp\/v2\/users\/1"}],"replies":[{"embeddable":true,"href":"https:\/\/www.hoymercedes.com.ar\/principal\/wp-json\/wp\/v2\/comments?post=14649"}],"version-history":[{"count":0,"href":"https:\/\/www.hoymercedes.com.ar\/principal\/wp-json\/wp\/v2\/posts\/14649\/revisions"}],"wp:attachment":[{"href":"https:\/\/www.hoymercedes.com.ar\/principal\/wp-json\/wp\/v2\/media?parent=14649"}],"wp:term":[{"taxonomy":"category","embeddable":true,"href":"https:\/\/www.hoymercedes.com.ar\/principal\/wp-json\/wp\/v2\/categories?post=14649"},{"taxonomy":"post_tag","embeddable":true,"href":"https:\/\/www.hoymercedes.com.ar\/principal\/wp-json\/wp\/v2\/tags?post=14649"}],"curies":[{"name":"wp","href":"https:\/\/api.w.org\/{rel}","templated":true}]}}