{"id":146593,"date":"2022-04-10T12:37:07","date_gmt":"2022-04-10T15:37:07","guid":{"rendered":"https:\/\/www.hoymercedes.com.ar\/principal\/?p=146593"},"modified":"2022-04-10T12:37:59","modified_gmt":"2022-04-10T15:37:59","slug":"choque-en-ruta-5-entre-una-camioneta-y-un-automovil","status":"publish","type":"post","link":"https:\/\/www.hoymercedes.com.ar\/principal\/2022\/04\/10\/choque-en-ruta-5-entre-una-camioneta-y-un-automovil\/","title":{"rendered":"Choque en Ruta 5 entre una camioneta y un autom\u00f3vil"},"content":{"rendered":"\n<p><strong><em>El siniestro vial tuvo lugar en el kil\u00f3metro 176.500 de la Ruta Nacional N\u00b0 5. Sucedi\u00f3 entre una camioneta Amarok y un auto Fiat Duna. Tres personas resultaron con lesiones leves. <\/em><\/strong><\/p>\n\n\n\n<div class=\"wp-block-image\"><figure class=\"aligncenter size-large is-resized\"><img decoding=\"async\" data-attachment-id=\"146594\" data-permalink=\"https:\/\/www.hoymercedes.com.ar\/principal\/2022\/04\/10\/choque-en-ruta-5-entre-una-camioneta-y-un-automovil\/attachment\/99627\/#main\" data-orig-file=\"https:\/\/www.hoymercedes.com.ar\/principal\/wp-content\/uploads\/2022\/04\/99627.jpg\" data-orig-size=\"1081,720\" data-comments-opened=\"0\" data-image-meta=\"{&quot;aperture&quot;:&quot;0&quot;,&quot;credit&quot;:&quot;&quot;,&quot;camera&quot;:&quot;&quot;,&quot;caption&quot;:&quot;&quot;,&quot;created_timestamp&quot;:&quot;1649592834&quot;,&quot;copyright&quot;:&quot;&quot;,&quot;focal_length&quot;:&quot;0&quot;,&quot;iso&quot;:&quot;0&quot;,&quot;shutter_speed&quot;:&quot;0&quot;,&quot;title&quot;:&quot;&quot;,&quot;orientation&quot;:&quot;1&quot;}\" data-image-title=\"99627\" data-image-description=\"\" data-image-caption=\"\" data-large-file=\"https:\/\/www.hoymercedes.com.ar\/principal\/wp-content\/uploads\/2022\/04\/99627-1024x682.jpg\" src=\"https:\/\/www.hoymercedes.com.ar\/principal\/wp-content\/uploads\/2022\/04\/99627-1024x682.jpg\" alt=\"\" class=\"wp-image-146594\" width=\"-108\" height=\"-71\" srcset=\"https:\/\/www.hoymercedes.com.ar\/principal\/wp-content\/uploads\/2022\/04\/99627-1024x682.jpg 1024w, https:\/\/www.hoymercedes.com.ar\/principal\/wp-content\/uploads\/2022\/04\/99627-630x420.jpg 630w, https:\/\/www.hoymercedes.com.ar\/principal\/wp-content\/uploads\/2022\/04\/99627-150x100.jpg 150w, https:\/\/www.hoymercedes.com.ar\/principal\/wp-content\/uploads\/2022\/04\/99627-700x465.jpg 700w, https:\/\/www.hoymercedes.com.ar\/principal\/wp-content\/uploads\/2022\/04\/99627.jpg 1081w\" sizes=\"(max-width: 1024px) 100vw, 1024px\" \/><\/figure><\/div>\n\n\n\n<p>En las primeras horas de la noche del s\u00e1bado, en cercan\u00edas de la localidad de Chivilcoy ocurri\u00f3 un choque entre una camioneta Volkswagen Amarok color azul conducida por una persona identificada como Carlos Arturo Inciarte, domiciliado en la localidad de 9 de Julio, y un auto Fiat Duna color blanco conducido por un hombre de 42 a\u00f1os identificado como Esteban Federico M\u00e9ndez con domicilio en Merlo, provincia de Buenos Aires. <\/p>\n\n\n\n<p>Por causas que se tratan de establecer, la camioneta impacta en la parte trasera del auto. De los cuatro ocupantes del auto, el conductor result\u00f3 ileso. Mientras que los tres restantes resultaron con lesiones y fueron derivados a la atenci\u00f3n m\u00e9dica. <\/p>\n\n\n\n<p>Interviene en la investiaci\u00f3n judicial la Fiscal\u00eda N\u00b0 2 del Departamento Judicial Mercedes a cargo del Dr. Villalba. <\/p>\n\n\n\n<p>Fuente: La Raz\u00f3n de Chivilcoy.<\/p>\n\n\n\n<div class=\"wp-block-image\"><figure class=\"aligncenter size-full\"><img loading=\"lazy\" decoding=\"async\" width=\"800\" height=\"533\" data-attachment-id=\"146595\" data-permalink=\"https:\/\/www.hoymercedes.com.ar\/principal\/2022\/04\/10\/choque-en-ruta-5-entre-una-camioneta-y-un-automovil\/attachment\/99629\/#main\" data-orig-file=\"https:\/\/www.hoymercedes.com.ar\/principal\/wp-content\/uploads\/2022\/04\/99629.jpg\" data-orig-size=\"800,533\" data-comments-opened=\"0\" data-image-meta=\"{&quot;aperture&quot;:&quot;0&quot;,&quot;credit&quot;:&quot;&quot;,&quot;camera&quot;:&quot;&quot;,&quot;caption&quot;:&quot;&quot;,&quot;created_timestamp&quot;:&quot;1649592856&quot;,&quot;copyright&quot;:&quot;&quot;,&quot;focal_length&quot;:&quot;0&quot;,&quot;iso&quot;:&quot;0&quot;,&quot;shutter_speed&quot;:&quot;0&quot;,&quot;title&quot;:&quot;&quot;,&quot;orientation&quot;:&quot;1&quot;}\" data-image-title=\"99629\" data-image-description=\"\" data-image-caption=\"\" data-large-file=\"https:\/\/www.hoymercedes.com.ar\/principal\/wp-content\/uploads\/2022\/04\/99629.jpg\" src=\"https:\/\/www.hoymercedes.com.ar\/principal\/wp-content\/uploads\/2022\/04\/99629.jpg\" alt=\"\" class=\"wp-image-146595\" srcset=\"https:\/\/www.hoymercedes.com.ar\/principal\/wp-content\/uploads\/2022\/04\/99629.jpg 800w, https:\/\/www.hoymercedes.com.ar\/principal\/wp-content\/uploads\/2022\/04\/99629-630x420.jpg 630w, https:\/\/www.hoymercedes.com.ar\/principal\/wp-content\/uploads\/2022\/04\/99629-150x100.jpg 150w, https:\/\/www.hoymercedes.com.ar\/principal\/wp-content\/uploads\/2022\/04\/99629-700x465.jpg 700w\" sizes=\"auto, (max-width: 800px) 100vw, 800px\" \/><\/figure><\/div>\n\n\n\n<p><\/p>\n","protected":false},"excerpt":{"rendered":"<p>El siniestro vial tuvo lugar en el kil\u00f3metro 176.500 de la Ruta Nacional N\u00b0 5. Sucedi\u00f3 entre una camioneta Amarok &#8230; <a title=\"Choque en Ruta 5 entre una camioneta y un autom\u00f3vil\" class=\"read-more\" href=\"https:\/\/www.hoymercedes.com.ar\/principal\/2022\/04\/10\/choque-en-ruta-5-entre-una-camioneta-y-un-automovil\/\" aria-label=\"Leer m\u00e1s sobre Choque en Ruta 5 entre una camioneta y un autom\u00f3vil\">Leer m\u00e1s<\/a><\/p>\n","protected":false},"author":1,"featured_media":146595,"comment_status":"closed","ping_status":"open","sticky":false,"template":"","format":"standard","meta":{"_monsterinsights_skip_tracking":false,"_monsterinsights_sitenote_active":false,"_monsterinsights_sitenote_note":"","_monsterinsights_sitenote_category":0,"jetpack_post_was_ever_published":false,"_jetpack_newsletter_access":"","_jetpack_dont_email_post_to_subs":false,"_jetpack_newsletter_tier_id":0,"_jetpack_memberships_contains_paywalled_content":false,"_jetpack_memberships_contains_paid_content":false,"footnotes":"","jetpack_publicize_message":"","jetpack_publicize_feature_enabled":true,"jetpack_social_post_already_shared":true,"jetpack_social_options":{"image_generator_settings":{"template":"highway","default_image_id":0,"font":"","enabled":false},"version":2},"_wpas_customize_per_network":false},"categories":[85],"tags":[62,96],"class_list":["post-146593","post","type-post","status-publish","format-standard","has-post-thumbnail","hentry","category-policial","tag-chivilcoy","tag-policial-2","generate-columns","tablet-grid-50","mobile-grid-100","grid-parent","grid-50"],"jetpack_publicize_connections":[],"jetpack_featured_media_url":"https:\/\/www.hoymercedes.com.ar\/principal\/wp-content\/uploads\/2022\/04\/99629.jpg","wps_subtitle":"","jetpack_sharing_enabled":true,"_links":{"self":[{"href":"https:\/\/www.hoymercedes.com.ar\/principal\/wp-json\/wp\/v2\/posts\/146593","targetHints":{"allow":["GET"]}}],"collection":[{"href":"https:\/\/www.hoymercedes.com.ar\/principal\/wp-json\/wp\/v2\/posts"}],"about":[{"href":"https:\/\/www.hoymercedes.com.ar\/principal\/wp-json\/wp\/v2\/types\/post"}],"author":[{"embeddable":true,"href":"https:\/\/www.hoymercedes.com.ar\/principal\/wp-json\/wp\/v2\/users\/1"}],"replies":[{"embeddable":true,"href":"https:\/\/www.hoymercedes.com.ar\/principal\/wp-json\/wp\/v2\/comments?post=146593"}],"version-history":[{"count":0,"href":"https:\/\/www.hoymercedes.com.ar\/principal\/wp-json\/wp\/v2\/posts\/146593\/revisions"}],"wp:featuredmedia":[{"embeddable":true,"href":"https:\/\/www.hoymercedes.com.ar\/principal\/wp-json\/wp\/v2\/media\/146595"}],"wp:attachment":[{"href":"https:\/\/www.hoymercedes.com.ar\/principal\/wp-json\/wp\/v2\/media?parent=146593"}],"wp:term":[{"taxonomy":"category","embeddable":true,"href":"https:\/\/www.hoymercedes.com.ar\/principal\/wp-json\/wp\/v2\/categories?post=146593"},{"taxonomy":"post_tag","embeddable":true,"href":"https:\/\/www.hoymercedes.com.ar\/principal\/wp-json\/wp\/v2\/tags?post=146593"}],"curies":[{"name":"wp","href":"https:\/\/api.w.org\/{rel}","templated":true}]}}