{"id":14664,"date":"2012-07-20T20:58:42","date_gmt":"2012-07-20T20:58:42","guid":{"rendered":"http:\/\/www.hoymercedes.com.ar\/principal\/?p=14664"},"modified":"2012-07-20T20:58:42","modified_gmt":"2012-07-20T20:58:42","slug":"mercedinos-en-encuentro-del-ministerio-de-desarrollo-y-la-ministra-kirchner","status":"publish","type":"post","link":"https:\/\/www.hoymercedes.com.ar\/principal\/2012\/07\/20\/mercedinos-en-encuentro-del-ministerio-de-desarrollo-y-la-ministra-kirchner\/","title":{"rendered":"Mercedinos en encuentro del Ministerio de Desarrollo y la Ministra Kirchner"},"content":{"rendered":"<p><a href=\"https:\/\/www.hoymercedes.com.ar\/principal\/wp-content\/uploads\/2012\/07\/Encuentro-FMPV.jpg\"><img loading=\"lazy\" decoding=\"async\" data-attachment-id=\"14666\" data-permalink=\"https:\/\/www.hoymercedes.com.ar\/principal\/2012\/07\/20\/mercedinos-en-encuentro-del-ministerio-de-desarrollo-y-la-ministra-kirchner\/encuentro-fmpv\/#main\" data-orig-file=\"https:\/\/www.hoymercedes.com.ar\/principal\/wp-content\/uploads\/2012\/07\/Encuentro-FMPV.jpg\" data-orig-size=\"614,349\" data-comments-opened=\"1\" data-image-meta=\"{&quot;aperture&quot;:&quot;2.8&quot;,&quot;credit&quot;:&quot;&quot;,&quot;camera&quot;:&quot;MB526&quot;,&quot;caption&quot;:&quot;&quot;,&quot;created_timestamp&quot;:&quot;1342206482&quot;,&quot;copyright&quot;:&quot;&quot;,&quot;focal_length&quot;:&quot;4&quot;,&quot;iso&quot;:&quot;199&quot;,&quot;shutter_speed&quot;:&quot;0.066667&quot;,&quot;title&quot;:&quot;&quot;}\" data-image-title=\"Encuentro-FMPV\" data-image-description=\"\" data-image-caption=\"\" data-large-file=\"https:\/\/www.hoymercedes.com.ar\/principal\/wp-content\/uploads\/2012\/07\/Encuentro-FMPV.jpg\" class=\"aligncenter size-full wp-image-14666\" title=\"Encuentro-FMPV\" src=\"https:\/\/www.hoymercedes.com.ar\/principal\/wp-content\/uploads\/2012\/07\/Encuentro-FMPV.jpg\" alt=\"\" width=\"614\" height=\"349\" \/><\/a><\/p>\n<p>El Ministerio de Desarrollo Social de Naci\u00f3n organizo un encuentro provincial del que participo Mercedes trayendo importantes datos de nuestra ciudad.<\/p>\n<p>La semana pasada representantes de cada centro de referencia del pa\u00eds viajaron a capital para un encuentro provincial. Los Centros de Referencia son dependencias del Ministerio de Desarrollo Social de Naci\u00f3n que lidera Alicia Kirchner.<\/p>\n<p>El Encuentro fue en el marco de formaci\u00f3n interna hacia los grupos que trabajan en los diferentes distritos. Con la presencia de gran parte de los Directores Nacionales del Ministerio y con influencia de cada secretaria dos d\u00edas de trabajo intenso pasaron por estos grupos.<\/p>\n<p>Cabe destacar que anteriormente se hab\u00eda realizado un encuentro similar para articuladores de todo el pa\u00eds, donde la articuladora de Mercedes, Jorgelina Silva tuvo la oportunidad de reunirse con la Ministro Alicia Kirchner y compartir la situaci\u00f3n de nuestra ciudad.<\/p>\n<p>De la misma se desprenden informes que est\u00e1n al alcance de los medios de comunicaci\u00f3n donde se informa la importante inversi\u00f3n que este Ministerio realiza a nuestra ciudad desde el a\u00f1o 2003 hasta la fecha. La informaci\u00f3n aportada a mayo de 2012 fue que nuestra ciudad recibi\u00f3 una inversi\u00f3n total de 101.666.535 de pesos, entre el Programa de cooperativas Argentina Trabaja (administrado gran parte por los municipios), pensiones no contributivas, creaci\u00f3n del Centro Integrador Comunitario (C.I.C) ubicado en calle 10 y 63, monotributos sociales, y acompa\u00f1amiento de emprendedores, entre otros programas.<\/p>\n<p>\u201cLa mayor inversi\u00f3n de este gobierno va al bolsillo de la gente\u201d manifest\u00f3 Alicia Soraire Directora Nacional refiri\u00e9ndose a la Asignaci\u00f3n universal por hijo, a las pensiones y jubilaciones que se otorgaron en los \u00faltimos a\u00f1os.<\/p>\n<p>Desde Mercedes, la Articuladora del Centro, Jorgelina Silva, viajo acompa\u00f1ada del equipo de trabajadoras sociales compuesto por Laura Bustos, Paula Espa\u00f1a y Marianela Arenillas y personal a cargo de pensiones como Romina Schiavi, Patricia Gil y Flavia D\u00edaz.<\/p>\n","protected":false},"excerpt":{"rendered":"<p>El Ministerio de Desarrollo Social de Naci\u00f3n organizo un encuentro provincial del que participo Mercedes trayendo importantes datos de nuestra &#8230; <a title=\"Mercedinos en encuentro del Ministerio de Desarrollo y la Ministra Kirchner\" class=\"read-more\" href=\"https:\/\/www.hoymercedes.com.ar\/principal\/2012\/07\/20\/mercedinos-en-encuentro-del-ministerio-de-desarrollo-y-la-ministra-kirchner\/\" aria-label=\"Leer m\u00e1s sobre Mercedinos en encuentro del Ministerio de Desarrollo y la Ministra Kirchner\">Leer m\u00e1s<\/a><\/p>\n","protected":false},"author":1,"featured_media":0,"comment_status":"open","ping_status":"open","sticky":false,"template":"","format":"standard","meta":{"_monsterinsights_skip_tracking":false,"_monsterinsights_sitenote_active":false,"_monsterinsights_sitenote_note":"","_monsterinsights_sitenote_category":0,"jetpack_post_was_ever_published":false,"_jetpack_newsletter_access":"","_jetpack_dont_email_post_to_subs":false,"_jetpack_newsletter_tier_id":0,"_jetpack_memberships_contains_paywalled_content":false,"_jetpack_memberships_contains_paid_content":false,"footnotes":"","jetpack_publicize_message":"","jetpack_publicize_feature_enabled":true,"jetpack_social_post_already_shared":false,"jetpack_social_options":{"image_generator_settings":{"template":"highway","default_image_id":0,"font":"","enabled":false},"version":2},"_wpas_customize_per_network":false},"categories":[5],"tags":[2538,379],"class_list":["post-14664","post","type-post","status-publish","format-standard","hentry","category-politica","tag-encuentro","tag-frente-mercedino-para-la-victoria","generate-columns","tablet-grid-50","mobile-grid-100","grid-parent","grid-50"],"jetpack_publicize_connections":[],"jetpack_featured_media_url":"","wps_subtitle":"","jetpack_sharing_enabled":true,"_links":{"self":[{"href":"https:\/\/www.hoymercedes.com.ar\/principal\/wp-json\/wp\/v2\/posts\/14664","targetHints":{"allow":["GET"]}}],"collection":[{"href":"https:\/\/www.hoymercedes.com.ar\/principal\/wp-json\/wp\/v2\/posts"}],"about":[{"href":"https:\/\/www.hoymercedes.com.ar\/principal\/wp-json\/wp\/v2\/types\/post"}],"author":[{"embeddable":true,"href":"https:\/\/www.hoymercedes.com.ar\/principal\/wp-json\/wp\/v2\/users\/1"}],"replies":[{"embeddable":true,"href":"https:\/\/www.hoymercedes.com.ar\/principal\/wp-json\/wp\/v2\/comments?post=14664"}],"version-history":[{"count":0,"href":"https:\/\/www.hoymercedes.com.ar\/principal\/wp-json\/wp\/v2\/posts\/14664\/revisions"}],"wp:attachment":[{"href":"https:\/\/www.hoymercedes.com.ar\/principal\/wp-json\/wp\/v2\/media?parent=14664"}],"wp:term":[{"taxonomy":"category","embeddable":true,"href":"https:\/\/www.hoymercedes.com.ar\/principal\/wp-json\/wp\/v2\/categories?post=14664"},{"taxonomy":"post_tag","embeddable":true,"href":"https:\/\/www.hoymercedes.com.ar\/principal\/wp-json\/wp\/v2\/tags?post=14664"}],"curies":[{"name":"wp","href":"https:\/\/api.w.org\/{rel}","templated":true}]}}