{"id":146654,"date":"2022-04-11T21:15:00","date_gmt":"2022-04-12T00:15:00","guid":{"rendered":"https:\/\/www.hoymercedes.com.ar\/principal\/?p=146654"},"modified":"2022-04-11T20:43:02","modified_gmt":"2022-04-11T23:43:02","slug":"se-incorpororaon-27-efectivos-en-el-comando-de-patrulla-rural","status":"publish","type":"post","link":"https:\/\/www.hoymercedes.com.ar\/principal\/2022\/04\/11\/se-incorpororaon-27-efectivos-en-el-comando-de-patrulla-rural\/","title":{"rendered":"Se incorpororaon 27 efectivos en el Comando de Patrulla Rural"},"content":{"rendered":"\n<p>El intendente Juan Ignacio Ustarroz junto a autoridades del \u00e1rea de Seguridad, el comisario Ag\u00fcero y la Sociedad Rural presentaron la incorporaci\u00f3n de 27 nuevos efectivos que se suman al respectivo comando. Es importante destacar que es la primera vez que no s\u00f3lo se incorpora esta cantidad de polic\u00edas a la unidad rural, sino que, adem\u00e1s, triplica la cantidad existente. No obstante, estos efectivos fueron capacitados para abordar problem\u00e1ticas concernientes a la zona rural.\u00a0<\/p>\n\n\n\n<div class=\"wp-block-image\"><figure class=\"aligncenter size-large is-resized\"><img decoding=\"async\" data-attachment-id=\"146657\" data-permalink=\"https:\/\/www.hoymercedes.com.ar\/principal\/2022\/04\/11\/se-incorpororaon-27-efectivos-en-el-comando-de-patrulla-rural\/patrulla-rurall-3\/#main\" data-orig-file=\"https:\/\/www.hoymercedes.com.ar\/principal\/wp-content\/uploads\/2022\/04\/patrulla-rurall-3-e1649719659116.jpg\" data-orig-size=\"800,533\" data-comments-opened=\"0\" data-image-meta=\"{&quot;aperture&quot;:&quot;0&quot;,&quot;credit&quot;:&quot;&quot;,&quot;camera&quot;:&quot;&quot;,&quot;caption&quot;:&quot;&quot;,&quot;created_timestamp&quot;:&quot;0&quot;,&quot;copyright&quot;:&quot;&quot;,&quot;focal_length&quot;:&quot;0&quot;,&quot;iso&quot;:&quot;0&quot;,&quot;shutter_speed&quot;:&quot;0&quot;,&quot;title&quot;:&quot;&quot;,&quot;orientation&quot;:&quot;0&quot;}\" data-image-title=\"patrulla rurall 3\" data-image-description=\"\" data-image-caption=\"\" data-large-file=\"https:\/\/www.hoymercedes.com.ar\/principal\/wp-content\/uploads\/2022\/04\/patrulla-rurall-3-1024x683.jpg\" src=\"https:\/\/www.hoymercedes.com.ar\/principal\/wp-content\/uploads\/2022\/04\/patrulla-rurall-3-1024x683.jpg\" alt=\"\" class=\"wp-image-146657\" width=\"-262\" height=\"-174\"\/><\/figure><\/div>\n\n\n\n<p><strong>Gestiones&nbsp;<\/strong><\/p>\n\n\n\n<p>El intendente Juan Ignacio Ustarroz, presente en el lugar, manifest\u00f3 \u201chemos hecho gestiones ante el Ministerio de Seguridad de la provincia de Buenos Aires y el Gobernador Kicillof, por lo que Mercedes ha triplicado la cantidad de agentes para la zona rural\u201d y agreg\u00f3 \u201ces compleja por la extensi\u00f3n, por lo que, de esta forma, con 27 nuevos agentes, vamos a tener mayor cobertura\u201d.&nbsp;<\/p>\n\n\n\n<p>Conjuntamente, el intendente Ustarroz agradeci\u00f3 \u201ca la Sociedad Rural que desde un inicio nos brind\u00f3 estas instalaciones para poder tener el lugar necesario para la fuerza, donde, desde lo estrat\u00e9gico, es mucho m\u00e1s conveniente del que estaban antes\u201d y remarc\u00f3 \u201cla importancia de una comunidad muy unida, que est\u00e1 trabajando para mejorar la realidad, donde en seguridad siempre es dif\u00edcil, m\u00e1s all\u00e1 de los recursos que nos puedan brindar, ya que la tem\u00e1tica es muy compleja y requiere del esfuerzo constante y la mancomuni\u00f3n de todos los sectores para poder dar las respuestas que queremos dar a nuestros vecinos\u201d. &nbsp;<\/p>\n\n\n\n<p><strong>Hist\u00f3rico&nbsp;<\/strong><\/p>\n\n\n\n<p>Gonzalo Anselmo, secretario de seguridad, cont\u00f3 \u201cesto es un hecho hist\u00f3rico, nunca se ha dado una tanda de nombramientos tan grande que nos permite nutrir y robustecer el sistema de seguridad en la zona rural\u201d y destac\u00f3 \u201cestos nombramientos nos permiten triplicar nuestra capacidad operativa, por lo que estamos muy contentos y orgullosos por este anunci\u00f3\u201d.&nbsp;<\/p>\n\n\n\n<p>Asimismo, Anselmo felicit\u00f3 \u201ca todos los actores involucrados, a nuestro intendente Ustarroz que nos ha escuchado y a gestionado para que esto sea posible. Estos efectivos han sido formados en la especificad en lo que tiene que ver asuntos rurales\u201d. &nbsp;<\/p>\n\n\n\n<p><strong>Satisfacci\u00f3n &nbsp;<\/strong><\/p>\n\n\n\n<p>Por su parte, Leonardo Fagundez, quien es parte de la Sociedad Rural de Mercedes, se\u00f1al\u00f3 \u201cs\u00f3lo tengo palabras de agradecimiento para las autoridades y festejar este crecimiento cuantitativo y cualitativo\u201d y asegur\u00f3 \u201cno todas las localidades de la provincia de Buenos Aires han tenido la suerte de poder tener tantos efectivos nuevos. Y ahora nuestro compromiso de poder ayudar y aportar todo lo que podamos para que estos nuevos efectivos puedan desarrollarse\u201d.&nbsp;&nbsp;&nbsp;&nbsp;<\/p>\n\n\n\n<p><strong>Incorporaci\u00f3n&nbsp;<\/strong><\/p>\n\n\n\n<p>En tanto el comisario Ag\u00fcero, quien est\u00e1 al frente de la Patrulla Rural expres\u00f3 \u201ces un d\u00eda de fiesta para nosotros, estamos muy felices de haber recibido esta gran cantidad de efectivos, donde el objetivo es poder acercarnos a cada vecino y brindar un mejor y mayor servicio\u201d.\u00a0\u00a0\u00a0<\/p>\n\n\n\n<div class=\"wp-block-image\"><figure class=\"aligncenter size-large is-resized\"><img decoding=\"async\" data-attachment-id=\"146655\" data-permalink=\"https:\/\/www.hoymercedes.com.ar\/principal\/2022\/04\/11\/se-incorpororaon-27-efectivos-en-el-comando-de-patrulla-rural\/patrulla-rurall-2\/#main\" data-orig-file=\"https:\/\/www.hoymercedes.com.ar\/principal\/wp-content\/uploads\/2022\/04\/patrulla-rurall-2-e1649719763162.jpg\" data-orig-size=\"800,533\" data-comments-opened=\"0\" data-image-meta=\"{&quot;aperture&quot;:&quot;0&quot;,&quot;credit&quot;:&quot;&quot;,&quot;camera&quot;:&quot;&quot;,&quot;caption&quot;:&quot;&quot;,&quot;created_timestamp&quot;:&quot;0&quot;,&quot;copyright&quot;:&quot;&quot;,&quot;focal_length&quot;:&quot;0&quot;,&quot;iso&quot;:&quot;0&quot;,&quot;shutter_speed&quot;:&quot;0&quot;,&quot;title&quot;:&quot;&quot;,&quot;orientation&quot;:&quot;0&quot;}\" data-image-title=\"patrulla rurall 2\" data-image-description=\"\" data-image-caption=\"\" data-large-file=\"https:\/\/www.hoymercedes.com.ar\/principal\/wp-content\/uploads\/2022\/04\/patrulla-rurall-2-1024x683.jpg\" src=\"https:\/\/www.hoymercedes.com.ar\/principal\/wp-content\/uploads\/2022\/04\/patrulla-rurall-2-1024x683.jpg\" alt=\"\" class=\"wp-image-146655\" width=\"-158\" height=\"-105\"\/><\/figure><\/div>\n\n\n\n<p><strong>Tarea&nbsp;<\/strong><\/p>\n\n\n\n<p>El comisario Ag\u00fcero, adem\u00e1s, coment\u00f3 que tiene la oportunidad de conocer muchas localidades, en el caso de Mercedes \u201clos caminos rurales son excelentes. \u201cYo no soy de Mercedes y tengo adem\u00e1s por una tarea personal que recorrer muchas localidades, mucho el campo, y ac\u00e1 notamos que el estado de los caminos es \u00f3ptimo, reci\u00e9n lo remarqu\u00e9 mientras dialog\u00e1bamos y muy buenos para poder circular y realizar nuestra tarea\u201d expres\u00f3 el responsable de la Patrulla Rural de nuestro Partido. \u00a0<\/p>\n\n\n\n<p>Por Prensa Municipal<\/p>\n\n\n\n<figure class=\"wp-block-image size-large\"><img loading=\"lazy\" decoding=\"async\" width=\"1024\" height=\"683\" data-attachment-id=\"146656\" data-permalink=\"https:\/\/www.hoymercedes.com.ar\/principal\/2022\/04\/11\/se-incorpororaon-27-efectivos-en-el-comando-de-patrulla-rural\/patrulla-rurall-1\/#main\" data-orig-file=\"https:\/\/www.hoymercedes.com.ar\/principal\/wp-content\/uploads\/2022\/04\/patrulla-rurall-1-e1649719693198.jpg\" data-orig-size=\"800,533\" data-comments-opened=\"0\" data-image-meta=\"{&quot;aperture&quot;:&quot;0&quot;,&quot;credit&quot;:&quot;&quot;,&quot;camera&quot;:&quot;&quot;,&quot;caption&quot;:&quot;&quot;,&quot;created_timestamp&quot;:&quot;0&quot;,&quot;copyright&quot;:&quot;&quot;,&quot;focal_length&quot;:&quot;0&quot;,&quot;iso&quot;:&quot;0&quot;,&quot;shutter_speed&quot;:&quot;0&quot;,&quot;title&quot;:&quot;&quot;,&quot;orientation&quot;:&quot;0&quot;}\" data-image-title=\"patrulla rurall 1\" data-image-description=\"\" data-image-caption=\"\" data-large-file=\"https:\/\/www.hoymercedes.com.ar\/principal\/wp-content\/uploads\/2022\/04\/patrulla-rurall-1-1024x683.jpg\" src=\"https:\/\/www.hoymercedes.com.ar\/principal\/wp-content\/uploads\/2022\/04\/patrulla-rurall-1-1024x683.jpg\" alt=\"\" class=\"wp-image-146656\"\/><\/figure>\n","protected":false},"excerpt":{"rendered":"<p>El intendente Juan Ignacio Ustarroz junto a autoridades del \u00e1rea de Seguridad, el comisario Ag\u00fcero y la Sociedad Rural presentaron &#8230; <a title=\"Se incorpororaon 27 efectivos en el Comando de Patrulla Rural\" class=\"read-more\" href=\"https:\/\/www.hoymercedes.com.ar\/principal\/2022\/04\/11\/se-incorpororaon-27-efectivos-en-el-comando-de-patrulla-rural\/\" aria-label=\"Leer m\u00e1s sobre Se incorpororaon 27 efectivos en el Comando de Patrulla Rural\">Leer m\u00e1s<\/a><\/p>\n","protected":false},"author":1,"featured_media":146656,"comment_status":"closed","ping_status":"open","sticky":false,"template":"","format":"standard","meta":{"_monsterinsights_skip_tracking":false,"_monsterinsights_sitenote_active":false,"_monsterinsights_sitenote_note":"","_monsterinsights_sitenote_category":0,"jetpack_post_was_ever_published":false,"_jetpack_newsletter_access":"","_jetpack_dont_email_post_to_subs":false,"_jetpack_newsletter_tier_id":0,"_jetpack_memberships_contains_paywalled_content":false,"_jetpack_memberships_contains_paid_content":false,"footnotes":"","jetpack_publicize_message":"","jetpack_publicize_feature_enabled":true,"jetpack_social_post_already_shared":true,"jetpack_social_options":{"image_generator_settings":{"template":"highway","default_image_id":0,"font":"","enabled":false},"version":2},"_wpas_customize_per_network":false},"categories":[30],"tags":[],"class_list":["post-146654","post","type-post","status-publish","format-standard","has-post-thumbnail","hentry","category-municipio","generate-columns","tablet-grid-50","mobile-grid-100","grid-parent","grid-50"],"jetpack_publicize_connections":[],"jetpack_featured_media_url":"https:\/\/www.hoymercedes.com.ar\/principal\/wp-content\/uploads\/2022\/04\/patrulla-rurall-1-e1649719693198.jpg","wps_subtitle":"","jetpack_sharing_enabled":true,"_links":{"self":[{"href":"https:\/\/www.hoymercedes.com.ar\/principal\/wp-json\/wp\/v2\/posts\/146654","targetHints":{"allow":["GET"]}}],"collection":[{"href":"https:\/\/www.hoymercedes.com.ar\/principal\/wp-json\/wp\/v2\/posts"}],"about":[{"href":"https:\/\/www.hoymercedes.com.ar\/principal\/wp-json\/wp\/v2\/types\/post"}],"author":[{"embeddable":true,"href":"https:\/\/www.hoymercedes.com.ar\/principal\/wp-json\/wp\/v2\/users\/1"}],"replies":[{"embeddable":true,"href":"https:\/\/www.hoymercedes.com.ar\/principal\/wp-json\/wp\/v2\/comments?post=146654"}],"version-history":[{"count":0,"href":"https:\/\/www.hoymercedes.com.ar\/principal\/wp-json\/wp\/v2\/posts\/146654\/revisions"}],"wp:featuredmedia":[{"embeddable":true,"href":"https:\/\/www.hoymercedes.com.ar\/principal\/wp-json\/wp\/v2\/media\/146656"}],"wp:attachment":[{"href":"https:\/\/www.hoymercedes.com.ar\/principal\/wp-json\/wp\/v2\/media?parent=146654"}],"wp:term":[{"taxonomy":"category","embeddable":true,"href":"https:\/\/www.hoymercedes.com.ar\/principal\/wp-json\/wp\/v2\/categories?post=146654"},{"taxonomy":"post_tag","embeddable":true,"href":"https:\/\/www.hoymercedes.com.ar\/principal\/wp-json\/wp\/v2\/tags?post=146654"}],"curies":[{"name":"wp","href":"https:\/\/api.w.org\/{rel}","templated":true}]}}