{"id":146725,"date":"2022-04-13T19:23:32","date_gmt":"2022-04-13T22:23:32","guid":{"rendered":"https:\/\/www.hoymercedes.com.ar\/principal\/?p=146725"},"modified":"2022-04-13T19:23:38","modified_gmt":"2022-04-13T22:23:38","slug":"activo-el-boton-antipanico-y-detuvieron-a-su-ex","status":"publish","type":"post","link":"https:\/\/www.hoymercedes.com.ar\/principal\/2022\/04\/13\/activo-el-boton-antipanico-y-detuvieron-a-su-ex\/","title":{"rendered":"Activ\u00f3 el bot\u00f3n antip\u00e1nico y detuvieron a su ex"},"content":{"rendered":"\n<p>Un hombre mayor de edad, vecino de nuestra ciudad, ten\u00eda a disposici\u00f3n de la justicia una orden de distanciamiento perimetral por cuestiones de violencia de g\u00e9nero. <\/p>\n\n\n\n<p>Ya que la Polic\u00eda recibi\u00f3 la alerta del bot\u00f3n antip\u00e1nico de una mujer. Es as\u00ed que un movil se moviliz\u00f3 hacia donde se efectu\u00f3 la convocatoria y logran as\u00ed encontrar \u00abin situ\u00bb al sujeto en cuesti\u00f3n quien estaba violando la orden judicial de mantener distanciamiento y per\u00edmetro.<\/p>\n\n\n\n<p>Ahora el sujeto est\u00e1 a disposici\u00f3n  de la justicia. Interviene la Fiscal\u00eda N\u00ba5 del Departamento Judicial Mercedes.<\/p>\n\n\n\n<p>Cabe destacar que en la Secretar\u00eda de Seguridad se puede gestionar la entrega de un bot\u00f3n antip\u00e1nico que se instala en los celulares. Con esta asistencia, al v\u00edctima pudo contactar de manera inmediata a la polic\u00eda y luego recibir la asistencia, contenci\u00f3n y asesoramiento por parte de la Direcci\u00f3n de G\u00e9nero Municipal, tal como lo hizo previamente. <\/p>\n","protected":false},"excerpt":{"rendered":"<p>Un hombre mayor de edad, vecino de nuestra ciudad, ten\u00eda a disposici\u00f3n de la justicia una orden de distanciamiento perimetral &#8230; <a title=\"Activ\u00f3 el bot\u00f3n antip\u00e1nico y detuvieron a su ex\" class=\"read-more\" href=\"https:\/\/www.hoymercedes.com.ar\/principal\/2022\/04\/13\/activo-el-boton-antipanico-y-detuvieron-a-su-ex\/\" aria-label=\"Leer m\u00e1s sobre Activ\u00f3 el bot\u00f3n antip\u00e1nico y detuvieron a su ex\">Leer m\u00e1s<\/a><\/p>\n","protected":false},"author":1,"featured_media":146726,"comment_status":"closed","ping_status":"open","sticky":false,"template":"","format":"standard","meta":{"_monsterinsights_skip_tracking":false,"_monsterinsights_sitenote_active":false,"_monsterinsights_sitenote_note":"","_monsterinsights_sitenote_category":0,"jetpack_post_was_ever_published":false,"_jetpack_newsletter_access":"","_jetpack_dont_email_post_to_subs":false,"_jetpack_newsletter_tier_id":0,"_jetpack_memberships_contains_paywalled_content":false,"_jetpack_memberships_contains_paid_content":false,"footnotes":"","jetpack_publicize_message":"","jetpack_publicize_feature_enabled":true,"jetpack_social_post_already_shared":true,"jetpack_social_options":{"image_generator_settings":{"template":"highway","default_image_id":0,"font":"","enabled":false},"version":2},"_wpas_customize_per_network":false},"categories":[85],"tags":[],"class_list":["post-146725","post","type-post","status-publish","format-standard","has-post-thumbnail","hentry","category-policial","generate-columns","tablet-grid-50","mobile-grid-100","grid-parent","grid-50"],"jetpack_publicize_connections":[],"jetpack_featured_media_url":"https:\/\/www.hoymercedes.com.ar\/principal\/wp-content\/uploads\/2022\/04\/img-2874.jpg","wps_subtitle":"","jetpack_sharing_enabled":true,"_links":{"self":[{"href":"https:\/\/www.hoymercedes.com.ar\/principal\/wp-json\/wp\/v2\/posts\/146725","targetHints":{"allow":["GET"]}}],"collection":[{"href":"https:\/\/www.hoymercedes.com.ar\/principal\/wp-json\/wp\/v2\/posts"}],"about":[{"href":"https:\/\/www.hoymercedes.com.ar\/principal\/wp-json\/wp\/v2\/types\/post"}],"author":[{"embeddable":true,"href":"https:\/\/www.hoymercedes.com.ar\/principal\/wp-json\/wp\/v2\/users\/1"}],"replies":[{"embeddable":true,"href":"https:\/\/www.hoymercedes.com.ar\/principal\/wp-json\/wp\/v2\/comments?post=146725"}],"version-history":[{"count":0,"href":"https:\/\/www.hoymercedes.com.ar\/principal\/wp-json\/wp\/v2\/posts\/146725\/revisions"}],"wp:featuredmedia":[{"embeddable":true,"href":"https:\/\/www.hoymercedes.com.ar\/principal\/wp-json\/wp\/v2\/media\/146726"}],"wp:attachment":[{"href":"https:\/\/www.hoymercedes.com.ar\/principal\/wp-json\/wp\/v2\/media?parent=146725"}],"wp:term":[{"taxonomy":"category","embeddable":true,"href":"https:\/\/www.hoymercedes.com.ar\/principal\/wp-json\/wp\/v2\/categories?post=146725"},{"taxonomy":"post_tag","embeddable":true,"href":"https:\/\/www.hoymercedes.com.ar\/principal\/wp-json\/wp\/v2\/tags?post=146725"}],"curies":[{"name":"wp","href":"https:\/\/api.w.org\/{rel}","templated":true}]}}