{"id":146780,"date":"2022-04-15T03:33:32","date_gmt":"2022-04-15T06:33:32","guid":{"rendered":"https:\/\/www.hoymercedes.com.ar\/principal\/?p=146780"},"modified":"2022-04-15T03:33:38","modified_gmt":"2022-04-15T06:33:38","slug":"imprudente-produjo-choque-multiple-en-ruta-no5","status":"publish","type":"post","link":"https:\/\/www.hoymercedes.com.ar\/principal\/2022\/04\/15\/imprudente-produjo-choque-multiple-en-ruta-no5\/","title":{"rendered":"Imprudente produjo choque m\u00faltiple en ruta n\u00ba5"},"content":{"rendered":"\n<figure class=\"wp-block-image size-large\"><img loading=\"lazy\" decoding=\"async\" width=\"1024\" height=\"630\" data-attachment-id=\"146781\" data-permalink=\"https:\/\/www.hoymercedes.com.ar\/principal\/2022\/04\/15\/imprudente-produjo-choque-multiple-en-ruta-no5\/siniestrovial-14-04-2022\/#main\" data-orig-file=\"https:\/\/www.hoymercedes.com.ar\/principal\/wp-content\/uploads\/2022\/04\/SiniestroVial-14.04.2022.jpg\" data-orig-size=\"1613,992\" data-comments-opened=\"0\" data-image-meta=\"{&quot;aperture&quot;:&quot;0&quot;,&quot;credit&quot;:&quot;&quot;,&quot;camera&quot;:&quot;&quot;,&quot;caption&quot;:&quot;&quot;,&quot;created_timestamp&quot;:&quot;0&quot;,&quot;copyright&quot;:&quot;&quot;,&quot;focal_length&quot;:&quot;0&quot;,&quot;iso&quot;:&quot;0&quot;,&quot;shutter_speed&quot;:&quot;0&quot;,&quot;title&quot;:&quot;&quot;,&quot;orientation&quot;:&quot;0&quot;}\" data-image-title=\"SiniestroVial-14.04.2022\" data-image-description=\"\" data-image-caption=\"\" data-large-file=\"https:\/\/www.hoymercedes.com.ar\/principal\/wp-content\/uploads\/2022\/04\/SiniestroVial-14.04.2022-1024x630.jpg\" src=\"https:\/\/www.hoymercedes.com.ar\/principal\/wp-content\/uploads\/2022\/04\/SiniestroVial-14.04.2022-1024x630.jpg\" alt=\"\" class=\"wp-image-146781\" srcset=\"https:\/\/www.hoymercedes.com.ar\/principal\/wp-content\/uploads\/2022\/04\/SiniestroVial-14.04.2022-1024x630.jpg 1024w, https:\/\/www.hoymercedes.com.ar\/principal\/wp-content\/uploads\/2022\/04\/SiniestroVial-14.04.2022-630x387.jpg 630w, https:\/\/www.hoymercedes.com.ar\/principal\/wp-content\/uploads\/2022\/04\/SiniestroVial-14.04.2022-150x92.jpg 150w, https:\/\/www.hoymercedes.com.ar\/principal\/wp-content\/uploads\/2022\/04\/SiniestroVial-14.04.2022-1536x945.jpg 1536w, https:\/\/www.hoymercedes.com.ar\/principal\/wp-content\/uploads\/2022\/04\/SiniestroVial-14.04.2022.jpg 1613w\" sizes=\"auto, (max-width: 1024px) 100vw, 1024px\" \/><\/figure>\n\n\n\n<p>Un conductor acompa\u00f1ado de varias personas intent\u00f3 sobrepasar un cami\u00f3n en la ruta nacional n\u00ba5, pero la imprudencia gener\u00f3 un choque m\u00faltiple dado que de frente ven\u00eda otro veh\u00edculo que al frenar para no colisionar termin\u00f3 siendo embestido por el que ven\u00eda detr\u00e1s. No hubo v\u00edctimas fatales. Si atendidos por SAME Suipacha.<\/p>\n\n\n\n<figure class=\"wp-block-image size-large\"><img loading=\"lazy\" decoding=\"async\" width=\"1024\" height=\"683\" data-attachment-id=\"146782\" data-permalink=\"https:\/\/www.hoymercedes.com.ar\/principal\/2022\/04\/15\/imprudente-produjo-choque-multiple-en-ruta-no5\/siniestrovial-14-04-2022-3\/#main\" data-orig-file=\"https:\/\/www.hoymercedes.com.ar\/principal\/wp-content\/uploads\/2022\/04\/SiniestroVial-14.04.2022.3.jpg\" data-orig-size=\"2048,1365\" data-comments-opened=\"0\" data-image-meta=\"{&quot;aperture&quot;:&quot;0&quot;,&quot;credit&quot;:&quot;&quot;,&quot;camera&quot;:&quot;&quot;,&quot;caption&quot;:&quot;&quot;,&quot;created_timestamp&quot;:&quot;0&quot;,&quot;copyright&quot;:&quot;&quot;,&quot;focal_length&quot;:&quot;0&quot;,&quot;iso&quot;:&quot;0&quot;,&quot;shutter_speed&quot;:&quot;0&quot;,&quot;title&quot;:&quot;&quot;,&quot;orientation&quot;:&quot;0&quot;}\" data-image-title=\"SiniestroVial-14.04.2022.3\" data-image-description=\"\" data-image-caption=\"\" data-large-file=\"https:\/\/www.hoymercedes.com.ar\/principal\/wp-content\/uploads\/2022\/04\/SiniestroVial-14.04.2022.3-1024x683.jpg\" src=\"https:\/\/www.hoymercedes.com.ar\/principal\/wp-content\/uploads\/2022\/04\/SiniestroVial-14.04.2022.3-1024x683.jpg\" alt=\"\" class=\"wp-image-146782\" srcset=\"https:\/\/www.hoymercedes.com.ar\/principal\/wp-content\/uploads\/2022\/04\/SiniestroVial-14.04.2022.3-1024x683.jpg 1024w, https:\/\/www.hoymercedes.com.ar\/principal\/wp-content\/uploads\/2022\/04\/SiniestroVial-14.04.2022.3-630x420.jpg 630w, https:\/\/www.hoymercedes.com.ar\/principal\/wp-content\/uploads\/2022\/04\/SiniestroVial-14.04.2022.3-150x100.jpg 150w, https:\/\/www.hoymercedes.com.ar\/principal\/wp-content\/uploads\/2022\/04\/SiniestroVial-14.04.2022.3-1536x1024.jpg 1536w, https:\/\/www.hoymercedes.com.ar\/principal\/wp-content\/uploads\/2022\/04\/SiniestroVial-14.04.2022.3.jpg 2048w\" sizes=\"auto, (max-width: 1024px) 100vw, 1024px\" \/><\/figure>\n\n\n\n<p>El informe completo de Jorge Lasala, desde Suipacha, es el siguiente:<\/p>\n\n\n\n<p>CHOQUE MULTIPLE SOBRE EL ARROYO \u201cLAS SALADAS\u201d<\/p>\n\n\n\n<p>A las 19:30 horas de la tarde de hoy jueves se produjo un choque m\u00faltiple sobre el puente del arroyo \u201cLas Saladas\u201d, kil\u00f3metro 138,300 de la ruta nacional 5, jurisdicci\u00f3n del partido de Suipacha.<\/p>\n\n\n\n<p>En el evento participaron tres autom\u00f3viles y un cami\u00f3n de gran porte, donde a pesar de las caracter\u00edsticas del hecho no se tuvieron que lamentar v\u00edctimas fatales, ni heridos.&nbsp;<\/p>\n\n\n\n<p>El siniestro se produjo cuando el conductor de un autom\u00f3vil Fiat Uno, que circulaba en sentido Chivilcoy- Suipacha, al&nbsp; adelantarse a un cami\u00f3n Mercedes Benz&nbsp; con semirremolque, sobre el puente del arroyo \u201cLas Saladas\u201d, se encuentra con tr\u00e1nsito en sentido contrario , por lo que roza con su lateral derecho con la parte delantera izquierda del cami\u00f3n que estaba sobrepasando , a la vez que un veh\u00edculo que circulaba en sentido contrario&nbsp; , al frenar bruscamente para evitar la colisi\u00f3n con el Fiat Uno , es embestido en su parte trasera por un Volkswagen Vento que circulaba detr\u00e1s.<\/p>\n\n\n\n<p>Asimismo, el Fiat Uno luego de rozar al cami\u00f3n pierde el control, pas\u00e1ndose a la mano contraria donde, impacta con el Volkswagen Vento que lo vuelve a direccionar hacia su mano donde es embestido nuevamente por el cami\u00f3n Mercedes Benz que lo direcciona hacia el guad raid y zona de pr\u00e9stamo.<\/p>\n\n\n\n<p>Finalmente, el veh\u00edculo que freno para evitar la colisi\u00f3n frontal con el Fiat Uno, y fue embestido en la parte trasera no se detuvo en el lugar del sinestro, en tanto el Volkswagen Vento quedo peligrosamente detenido en su mano de circulaci\u00f3n, sobre el puente.<\/p>\n\n\n\n<p>A pesar de las caracter\u00edsticas del siniestro, todos los involucrados resultaron ilesos, destacando que una vez m\u00e1s una maniobra imprudente pudo haber generado una tragedia.<\/p>\n\n\n\n<p>El Fiat Uno era conducido por Jose Iba\u00f1e, de 32 a\u00f1os , quien viajaba acompa\u00f1ado por Franco Balbuena de 23 a\u00f1os, Georgina Chavez de 32 a\u00f1os, Patricia Lobos de 30 a\u00f1os y dos menores , una nena de 8 a\u00f1os y un var\u00f3n de 12, todos residentes en San Miguel , provincia de Buenos Aires y regresaban despu\u00e9s de haber pasado un dia de pesca en Mechita.<\/p>\n\n\n\n<p>El cami\u00f3n Mercedes Benz que remolcaba un semirremolque con un conteiner, transportando una mudanza desde Bah\u00eda Blanca a Misiones, era conducido por Cristian Oscar Diaz Leal, de 35 a\u00f1os domiciliado en Leandro N Alem, Misiones.&nbsp;<\/p>\n\n\n\n<p>En Volkswagen Vento, era conducido por Sergio G. G\u00f3mez de 59 a\u00f1os, quien viajaba acompa\u00f1ado por Nancy Pastorino de 55 a\u00f1os, viajaban desde Capital Federal hacia&nbsp; Bolivar.<\/p>\n\n\n\n<p>Si bien no hubo que lamentar heridos, varios de los ocupantes del Fiat Uno fueron trasladados por ambulancia al Hospital Esteban Iribarne de Suipacha, para efectuar controles de rutina.<\/p>\n\n\n\n<p>Al haberse producido el siniestro sobre el puente el tr\u00e1nsito de la ruta 5 estuvo interrumpido, mientras se realizaban las tareas de pericias y remoci\u00f3n de los veh\u00edculos.<\/p>\n\n\n\n<p>Intervino, Bomberos Voluntarios, Polic\u00eda Comunal, CPR , Ambulancias de SAME de Suipacha , Polic\u00eda Vial Chivilcoy y m\u00f3viles del concesionario Vial Corredores Viales.<\/p>\n","protected":false},"excerpt":{"rendered":"<p>Un conductor acompa\u00f1ado de varias personas intent\u00f3 sobrepasar un cami\u00f3n en la ruta nacional n\u00ba5, pero la imprudencia gener\u00f3 un &#8230; <a title=\"Imprudente produjo choque m\u00faltiple en ruta n\u00ba5\" class=\"read-more\" href=\"https:\/\/www.hoymercedes.com.ar\/principal\/2022\/04\/15\/imprudente-produjo-choque-multiple-en-ruta-no5\/\" aria-label=\"Leer m\u00e1s sobre Imprudente produjo choque m\u00faltiple en ruta n\u00ba5\">Leer m\u00e1s<\/a><\/p>\n","protected":false},"author":1,"featured_media":146781,"comment_status":"closed","ping_status":"open","sticky":false,"template":"","format":"standard","meta":{"_monsterinsights_skip_tracking":false,"_monsterinsights_sitenote_active":false,"_monsterinsights_sitenote_note":"","_monsterinsights_sitenote_category":0,"jetpack_post_was_ever_published":false,"_jetpack_newsletter_access":"","_jetpack_dont_email_post_to_subs":false,"_jetpack_newsletter_tier_id":0,"_jetpack_memberships_contains_paywalled_content":false,"_jetpack_memberships_contains_paid_content":false,"footnotes":"","jetpack_publicize_message":"","jetpack_publicize_feature_enabled":true,"jetpack_social_post_already_shared":true,"jetpack_social_options":{"image_generator_settings":{"template":"highway","default_image_id":0,"font":"","enabled":false},"version":2},"_wpas_customize_per_network":false},"categories":[8],"tags":[538,10395],"class_list":["post-146780","post","type-post","status-publish","format-standard","has-post-thumbnail","hentry","category-sociedad","tag-ruta-5","tag-siniestro-vial","generate-columns","tablet-grid-50","mobile-grid-100","grid-parent","grid-50"],"jetpack_publicize_connections":[],"jetpack_featured_media_url":"https:\/\/www.hoymercedes.com.ar\/principal\/wp-content\/uploads\/2022\/04\/SiniestroVial-14.04.2022.jpg","wps_subtitle":"Peligro en la ruta ","jetpack_sharing_enabled":true,"_links":{"self":[{"href":"https:\/\/www.hoymercedes.com.ar\/principal\/wp-json\/wp\/v2\/posts\/146780","targetHints":{"allow":["GET"]}}],"collection":[{"href":"https:\/\/www.hoymercedes.com.ar\/principal\/wp-json\/wp\/v2\/posts"}],"about":[{"href":"https:\/\/www.hoymercedes.com.ar\/principal\/wp-json\/wp\/v2\/types\/post"}],"author":[{"embeddable":true,"href":"https:\/\/www.hoymercedes.com.ar\/principal\/wp-json\/wp\/v2\/users\/1"}],"replies":[{"embeddable":true,"href":"https:\/\/www.hoymercedes.com.ar\/principal\/wp-json\/wp\/v2\/comments?post=146780"}],"version-history":[{"count":0,"href":"https:\/\/www.hoymercedes.com.ar\/principal\/wp-json\/wp\/v2\/posts\/146780\/revisions"}],"wp:featuredmedia":[{"embeddable":true,"href":"https:\/\/www.hoymercedes.com.ar\/principal\/wp-json\/wp\/v2\/media\/146781"}],"wp:attachment":[{"href":"https:\/\/www.hoymercedes.com.ar\/principal\/wp-json\/wp\/v2\/media?parent=146780"}],"wp:term":[{"taxonomy":"category","embeddable":true,"href":"https:\/\/www.hoymercedes.com.ar\/principal\/wp-json\/wp\/v2\/categories?post=146780"},{"taxonomy":"post_tag","embeddable":true,"href":"https:\/\/www.hoymercedes.com.ar\/principal\/wp-json\/wp\/v2\/tags?post=146780"}],"curies":[{"name":"wp","href":"https:\/\/api.w.org\/{rel}","templated":true}]}}