{"id":146810,"date":"2022-04-15T20:33:14","date_gmt":"2022-04-15T23:33:14","guid":{"rendered":"https:\/\/www.hoymercedes.com.ar\/principal\/?p=146810"},"modified":"2022-04-15T20:33:19","modified_gmt":"2022-04-15T23:33:19","slug":"centros-de-jubilados-recorrieron-el-vivero-biotecnologico","status":"publish","type":"post","link":"https:\/\/www.hoymercedes.com.ar\/principal\/2022\/04\/15\/centros-de-jubilados-recorrieron-el-vivero-biotecnologico\/","title":{"rendered":"Centros de Jubilados recorrieron el vivero biotecnol\u00f3gico"},"content":{"rendered":"\n<p>En un trabajo en conjunto entre el Municipio de Mercedes y PAMI, m\u00e1s de 300 jubilados de la ciudad pudieron visitar y conocer el Vivero Biotecnol\u00f3gico Municipal. Esta iniciativa permite promover la importancia del trabajo que all\u00ed se realiza en beneficio de nuestra localidad, como as\u00ed tambi\u00e9n, acercarlos al cuidado del medio ambiente.\u00a0\u00a0\u00a0\u00a0<\/p>\n\n\n\n<div class=\"wp-block-image\"><figure class=\"aligncenter size-full is-resized\"><img decoding=\"async\" data-attachment-id=\"146811\" data-permalink=\"https:\/\/www.hoymercedes.com.ar\/principal\/2022\/04\/15\/centros-de-jubilados-recorrieron-el-vivero-biotecnologico\/dsc00085\/#main\" data-orig-file=\"https:\/\/www.hoymercedes.com.ar\/principal\/wp-content\/uploads\/2022\/04\/DSC00085.jpg\" data-orig-size=\"922,615\" data-comments-opened=\"0\" data-image-meta=\"{&quot;aperture&quot;:&quot;0&quot;,&quot;credit&quot;:&quot;&quot;,&quot;camera&quot;:&quot;&quot;,&quot;caption&quot;:&quot;&quot;,&quot;created_timestamp&quot;:&quot;0&quot;,&quot;copyright&quot;:&quot;&quot;,&quot;focal_length&quot;:&quot;0&quot;,&quot;iso&quot;:&quot;0&quot;,&quot;shutter_speed&quot;:&quot;0&quot;,&quot;title&quot;:&quot;&quot;,&quot;orientation&quot;:&quot;0&quot;}\" data-image-title=\"DSC00085\" data-image-description=\"\" data-image-caption=\"\" data-large-file=\"https:\/\/www.hoymercedes.com.ar\/principal\/wp-content\/uploads\/2022\/04\/DSC00085.jpg\" src=\"https:\/\/www.hoymercedes.com.ar\/principal\/wp-content\/uploads\/2022\/04\/DSC00085.jpg\" alt=\"\" class=\"wp-image-146811\" width=\"-118\" height=\"-78\" srcset=\"https:\/\/www.hoymercedes.com.ar\/principal\/wp-content\/uploads\/2022\/04\/DSC00085.jpg 922w, https:\/\/www.hoymercedes.com.ar\/principal\/wp-content\/uploads\/2022\/04\/DSC00085-630x420.jpg 630w, https:\/\/www.hoymercedes.com.ar\/principal\/wp-content\/uploads\/2022\/04\/DSC00085-150x100.jpg 150w\" sizes=\"(max-width: 922px) 100vw, 922px\" \/><\/figure><\/div>\n\n\n\n<p>El intendente Juan Ignacio Ustarroz, quien estuvo recorriendo el lugar, felicit\u00f3 \u201ca los y las trabajadoras que est\u00e1n a cargo del Vivero Biotecnol\u00f3gico Municipal, el cual, para nosotros representa un orgullo muy grande, porque por un lado nos da la capacidad de abastecer \u2013pr\u00e1cticamente- a toda la ciudad de flores y plantas\u201d. &nbsp;<\/p>\n\n\n\n<p>En este sentido, el intendente Ustarroz se\u00f1al\u00f3 \u201cesta modalidad de visitas guiadas, donde hoy vinieron centros de jubilados, pero tambi\u00e9n vinieron los chicos del Cetim y otras instituciones, donde se trabaja mucho la educaci\u00f3n ambiental, donde las plantas y flores, corresponden a una cuesti\u00f3n est\u00e9tica, sino, que hacen a una ciudad ambientalmente sustentable\u201d y a\u00f1adi\u00f3 \u201cse ve a las claras el enorme trabajo que se viene haciendo durante todos estos a\u00f1os, donde tenemos m\u00e1s de 27 mil plantas en este vivero\u201d. &nbsp;<\/p>\n\n\n\n<p>\u201cEsto nos permite una multiplicidad de acciones que se pueden llevar adelante, gracias a tener este vivero, y de haber iniciado este proyecto entre lo p\u00fablico y lo privado, mismo que nos da la posibilidad de poder avanzar como ciudad en una perspectiva ambiental\u201d&nbsp;&nbsp;&nbsp;&nbsp;&nbsp;<\/p>\n\n\n\n<p>Luis Ponce, subsecretario de obras p\u00fablicas, cont\u00f3 \u201cestamos una vez m\u00e1s con las visitas guiadas por el vivero, donde en el d\u00eda de hoy terminamos con todos los centros de jubilados de la ciudad\u201d y agradeci\u00f3 \u201ca Santiago Altube, que a trav\u00e9s de PAMI se pudieron convocar a estos centros y as\u00ed mostrarles lo que se trabaja en el d\u00eda a d\u00eda en nuestro Vivero Biotecnol\u00f3gico Municipal\u201d. &nbsp;<\/p>\n\n\n\n<p>La actividad cont\u00f3 con la coordinaci\u00f3n de Santiago Altube, responsable de la Agencia PAMI Mercedes, expres\u00f3 \u201cquiero agradecer a los Centros de Jubilados por la buena predisposici\u00f3n y colaboraci\u00f3n para que los 7 centros, que significaron m\u00e1s de 300 adultos mayores, pudieran venir a este vivero que es maravilloso\u201d y reconoci\u00f3 \u201cel impulso y el apoyo del intendente Ustarroz que le permiten a la ciudad contar con un lugar como este, como as\u00ed tambi\u00e9n, el gran trabajo de las diferentes \u00e1reas del municipio que hace posible que los vecinos puedan disfrutar de jornadas como las que hemos vivido\u201d. &nbsp;<\/p>\n\n\n\n<p>A su vez, desde el \u00e1rea de Espacios Verdes, con el Ing. Dar\u00edo Taramasco, indic\u00f3 \u201cestamos muy contentos con la visita de los Centros de Jubilados, porque para nosotros es una gran oportunidad para poder mostrar el trabajo que se hace a diario \u2013que es mucho- por el cual estamos orgullo del objetivo logrado\u201d y agreg\u00f3 \u201ccomo as\u00ed tambi\u00e9n, recalcar la excusa del vivero en cuanto a la reducci\u00f3n de los costos para el Municipio de Mercedes en cuanto a la producci\u00f3n de diferentes especies, sumando cantidad y calidad\u201d\u00a0\u00a0\u00a0\u00a0\u00a0\u00a0\u00a0\u00a0\u00a0\u00a0<\/p>\n\n\n\n<p>Por Prensa Municipal <\/p>\n","protected":false},"excerpt":{"rendered":"<p>En un trabajo en conjunto entre el Municipio de Mercedes y PAMI, m\u00e1s de 300 jubilados de la ciudad pudieron &#8230; <a title=\"Centros de Jubilados recorrieron el vivero biotecnol\u00f3gico\" class=\"read-more\" href=\"https:\/\/www.hoymercedes.com.ar\/principal\/2022\/04\/15\/centros-de-jubilados-recorrieron-el-vivero-biotecnologico\/\" aria-label=\"Leer m\u00e1s sobre Centros de Jubilados recorrieron el vivero biotecnol\u00f3gico\">Leer m\u00e1s<\/a><\/p>\n","protected":false},"author":1,"featured_media":146811,"comment_status":"closed","ping_status":"open","sticky":false,"template":"","format":"standard","meta":{"_monsterinsights_skip_tracking":false,"_monsterinsights_sitenote_active":false,"_monsterinsights_sitenote_note":"","_monsterinsights_sitenote_category":0,"jetpack_post_was_ever_published":false,"_jetpack_newsletter_access":"","_jetpack_dont_email_post_to_subs":false,"_jetpack_newsletter_tier_id":0,"_jetpack_memberships_contains_paywalled_content":false,"_jetpack_memberships_contains_paid_content":false,"footnotes":"","jetpack_publicize_message":"","jetpack_publicize_feature_enabled":true,"jetpack_social_post_already_shared":true,"jetpack_social_options":{"image_generator_settings":{"template":"highway","default_image_id":0,"font":"","enabled":false},"version":2},"_wpas_customize_per_network":false},"categories":[30],"tags":[244],"class_list":["post-146810","post","type-post","status-publish","format-standard","has-post-thumbnail","hentry","category-municipio","tag-municipio-2","generate-columns","tablet-grid-50","mobile-grid-100","grid-parent","grid-50"],"jetpack_publicize_connections":[],"jetpack_featured_media_url":"https:\/\/www.hoymercedes.com.ar\/principal\/wp-content\/uploads\/2022\/04\/DSC00085.jpg","wps_subtitle":"","jetpack_sharing_enabled":true,"_links":{"self":[{"href":"https:\/\/www.hoymercedes.com.ar\/principal\/wp-json\/wp\/v2\/posts\/146810","targetHints":{"allow":["GET"]}}],"collection":[{"href":"https:\/\/www.hoymercedes.com.ar\/principal\/wp-json\/wp\/v2\/posts"}],"about":[{"href":"https:\/\/www.hoymercedes.com.ar\/principal\/wp-json\/wp\/v2\/types\/post"}],"author":[{"embeddable":true,"href":"https:\/\/www.hoymercedes.com.ar\/principal\/wp-json\/wp\/v2\/users\/1"}],"replies":[{"embeddable":true,"href":"https:\/\/www.hoymercedes.com.ar\/principal\/wp-json\/wp\/v2\/comments?post=146810"}],"version-history":[{"count":0,"href":"https:\/\/www.hoymercedes.com.ar\/principal\/wp-json\/wp\/v2\/posts\/146810\/revisions"}],"wp:featuredmedia":[{"embeddable":true,"href":"https:\/\/www.hoymercedes.com.ar\/principal\/wp-json\/wp\/v2\/media\/146811"}],"wp:attachment":[{"href":"https:\/\/www.hoymercedes.com.ar\/principal\/wp-json\/wp\/v2\/media?parent=146810"}],"wp:term":[{"taxonomy":"category","embeddable":true,"href":"https:\/\/www.hoymercedes.com.ar\/principal\/wp-json\/wp\/v2\/categories?post=146810"},{"taxonomy":"post_tag","embeddable":true,"href":"https:\/\/www.hoymercedes.com.ar\/principal\/wp-json\/wp\/v2\/tags?post=146810"}],"curies":[{"name":"wp","href":"https:\/\/api.w.org\/{rel}","templated":true}]}}