{"id":146869,"date":"2022-04-18T13:00:00","date_gmt":"2022-04-18T16:00:00","guid":{"rendered":"https:\/\/www.hoymercedes.com.ar\/principal\/?p=146869"},"modified":"2022-04-17T21:58:36","modified_gmt":"2022-04-18T00:58:36","slug":"en-zona-rural-logran-recuperar-moto-robada","status":"publish","type":"post","link":"https:\/\/www.hoymercedes.com.ar\/principal\/2022\/04\/18\/en-zona-rural-logran-recuperar-moto-robada\/","title":{"rendered":"En zona rural logran recuperar moto robada"},"content":{"rendered":"\n<div class=\"wp-block-image\"><figure class=\"aligncenter size-full\"><img loading=\"lazy\" decoding=\"async\" width=\"900\" height=\"928\" data-attachment-id=\"146870\" data-permalink=\"https:\/\/www.hoymercedes.com.ar\/principal\/2022\/04\/18\/en-zona-rural-logran-recuperar-moto-robada\/honda150-policiarural\/#main\" data-orig-file=\"https:\/\/www.hoymercedes.com.ar\/principal\/wp-content\/uploads\/2022\/04\/Honda150.PoliciaRural.jpeg\" data-orig-size=\"900,928\" data-comments-opened=\"0\" data-image-meta=\"{&quot;aperture&quot;:&quot;0&quot;,&quot;credit&quot;:&quot;&quot;,&quot;camera&quot;:&quot;&quot;,&quot;caption&quot;:&quot;&quot;,&quot;created_timestamp&quot;:&quot;0&quot;,&quot;copyright&quot;:&quot;&quot;,&quot;focal_length&quot;:&quot;0&quot;,&quot;iso&quot;:&quot;0&quot;,&quot;shutter_speed&quot;:&quot;0&quot;,&quot;title&quot;:&quot;&quot;,&quot;orientation&quot;:&quot;0&quot;}\" data-image-title=\"Honda150.PoliciaRural\" data-image-description=\"\" data-image-caption=\"\" data-large-file=\"https:\/\/www.hoymercedes.com.ar\/principal\/wp-content\/uploads\/2022\/04\/Honda150.PoliciaRural.jpeg\" src=\"https:\/\/www.hoymercedes.com.ar\/principal\/wp-content\/uploads\/2022\/04\/Honda150.PoliciaRural.jpeg\" alt=\"\" class=\"wp-image-146870\" srcset=\"https:\/\/www.hoymercedes.com.ar\/principal\/wp-content\/uploads\/2022\/04\/Honda150.PoliciaRural.jpeg 900w, https:\/\/www.hoymercedes.com.ar\/principal\/wp-content\/uploads\/2022\/04\/Honda150.PoliciaRural-601x620.jpeg 601w, https:\/\/www.hoymercedes.com.ar\/principal\/wp-content\/uploads\/2022\/04\/Honda150.PoliciaRural-145x150.jpeg 145w\" sizes=\"auto, (max-width: 900px) 100vw, 900px\" \/><\/figure><\/div>\n\n\n\n<p>Con m\u00e1s presencia en la zona rural tras incorporar 27 efectivos gestionados por la Secretar\u00eda de Seguridad se avanza en m\u00e1s prevenci\u00f3n y control. D\u00edas atr\u00e1s se logr\u00f3 detectar y recuperar una camioneta robada y ahora una motocicleta Honda XR 150cc.<\/p>\n\n\n\n<p>En Cuartel XV Puente Moyano de la localidad de Mercedes personal de la Patrulla Rural logra detectar una motocicleta conducida por un masculino de 23 a\u00f1os de edad que, al ser interceptada y verificada por la central de datos, detectan que ten\u00eda un pedido de captura activo a instancias de la U.F.I N\u00ba9 de Luj\u00e1n.<\/p>\n\n\n\n<p>Qui\u00e9n conduc\u00eda ahora deber\u00e1 rendir cuentas ante la justicia por movilizarse en un motovehiculo denunciado como robado en enero de 2020.<\/p>\n\n\n\n<p>Ahora interviene en el caso la justicia del Departamento Judicial Mercedes.<\/p>\n","protected":false},"excerpt":{"rendered":"<p>Con m\u00e1s presencia en la zona rural tras incorporar 27 efectivos gestionados por la Secretar\u00eda de Seguridad se avanza en &#8230; <a title=\"En zona rural logran recuperar moto robada\" class=\"read-more\" href=\"https:\/\/www.hoymercedes.com.ar\/principal\/2022\/04\/18\/en-zona-rural-logran-recuperar-moto-robada\/\" aria-label=\"Leer m\u00e1s sobre En zona rural logran recuperar moto robada\">Leer m\u00e1s<\/a><\/p>\n","protected":false},"author":1,"featured_media":146870,"comment_status":"closed","ping_status":"open","sticky":false,"template":"","format":"standard","meta":{"_monsterinsights_skip_tracking":false,"_monsterinsights_sitenote_active":false,"_monsterinsights_sitenote_note":"","_monsterinsights_sitenote_category":0,"jetpack_post_was_ever_published":false,"_jetpack_newsletter_access":"","_jetpack_dont_email_post_to_subs":false,"_jetpack_newsletter_tier_id":0,"_jetpack_memberships_contains_paywalled_content":false,"_jetpack_memberships_contains_paid_content":false,"footnotes":"","jetpack_publicize_message":"","jetpack_publicize_feature_enabled":true,"jetpack_social_post_already_shared":true,"jetpack_social_options":{"image_generator_settings":{"template":"highway","default_image_id":0,"font":"","enabled":false},"version":2},"_wpas_customize_per_network":false},"categories":[85],"tags":[5154,12557],"class_list":["post-146869","post","type-post","status-publish","format-standard","has-post-thumbnail","hentry","category-policial","tag-moto-robada","tag-patrulla-rural","generate-columns","tablet-grid-50","mobile-grid-100","grid-parent","grid-50"],"jetpack_publicize_connections":[],"jetpack_featured_media_url":"https:\/\/www.hoymercedes.com.ar\/principal\/wp-content\/uploads\/2022\/04\/Honda150.PoliciaRural.jpeg","wps_subtitle":"Patrulla Rural","jetpack_sharing_enabled":true,"_links":{"self":[{"href":"https:\/\/www.hoymercedes.com.ar\/principal\/wp-json\/wp\/v2\/posts\/146869","targetHints":{"allow":["GET"]}}],"collection":[{"href":"https:\/\/www.hoymercedes.com.ar\/principal\/wp-json\/wp\/v2\/posts"}],"about":[{"href":"https:\/\/www.hoymercedes.com.ar\/principal\/wp-json\/wp\/v2\/types\/post"}],"author":[{"embeddable":true,"href":"https:\/\/www.hoymercedes.com.ar\/principal\/wp-json\/wp\/v2\/users\/1"}],"replies":[{"embeddable":true,"href":"https:\/\/www.hoymercedes.com.ar\/principal\/wp-json\/wp\/v2\/comments?post=146869"}],"version-history":[{"count":0,"href":"https:\/\/www.hoymercedes.com.ar\/principal\/wp-json\/wp\/v2\/posts\/146869\/revisions"}],"wp:featuredmedia":[{"embeddable":true,"href":"https:\/\/www.hoymercedes.com.ar\/principal\/wp-json\/wp\/v2\/media\/146870"}],"wp:attachment":[{"href":"https:\/\/www.hoymercedes.com.ar\/principal\/wp-json\/wp\/v2\/media?parent=146869"}],"wp:term":[{"taxonomy":"category","embeddable":true,"href":"https:\/\/www.hoymercedes.com.ar\/principal\/wp-json\/wp\/v2\/categories?post=146869"},{"taxonomy":"post_tag","embeddable":true,"href":"https:\/\/www.hoymercedes.com.ar\/principal\/wp-json\/wp\/v2\/tags?post=146869"}],"curies":[{"name":"wp","href":"https:\/\/api.w.org\/{rel}","templated":true}]}}