{"id":146918,"date":"2022-04-19T10:06:00","date_gmt":"2022-04-19T13:06:00","guid":{"rendered":"https:\/\/www.hoymercedes.com.ar\/principal\/?p=146918"},"modified":"2022-04-19T18:11:03","modified_gmt":"2022-04-19T21:11:03","slug":"cetim-visito-el-vivero-en-una-manana-ludica-y-de-contacto-natural","status":"publish","type":"post","link":"https:\/\/www.hoymercedes.com.ar\/principal\/2022\/04\/19\/cetim-visito-el-vivero-en-una-manana-ludica-y-de-contacto-natural\/","title":{"rendered":"CETIM visit\u00f3 el Vivero en una ma\u00f1ana l\u00fadica y de contacto natural\u00a0\u00a0"},"content":{"rendered":"\n<p>El Centro Educativo Terap\u00e9utico Integral (CETIM) de nuestra ciudad que cumple una importante acci\u00f3n socio educativa, sanitaria e inclusiva tuvo una jornada de recreaci\u00f3n, pedag\u00f3gica y familiar en el Vivero Biotecnol\u00f3gico Municipal. Desde hace un tiempo este espacio al aire libre se ha convertido en un ambiente de recepci\u00f3n de vecinos, vecinas, instituciones p\u00fablicas y privadas. \u00a0<\/p>\n\n\n\n<div class=\"wp-block-image\"><figure class=\"aligncenter size-large is-resized\"><img decoding=\"async\" data-attachment-id=\"146919\" data-permalink=\"https:\/\/www.hoymercedes.com.ar\/principal\/2022\/04\/19\/cetim-visito-el-vivero-en-una-manana-ludica-y-de-contacto-natural\/attachment\/950\/#main\" data-orig-file=\"https:\/\/www.hoymercedes.com.ar\/principal\/wp-content\/uploads\/2022\/04\/950.jpeg\" data-orig-size=\"1600,1112\" data-comments-opened=\"0\" data-image-meta=\"{&quot;aperture&quot;:&quot;0&quot;,&quot;credit&quot;:&quot;&quot;,&quot;camera&quot;:&quot;&quot;,&quot;caption&quot;:&quot;&quot;,&quot;created_timestamp&quot;:&quot;0&quot;,&quot;copyright&quot;:&quot;&quot;,&quot;focal_length&quot;:&quot;0&quot;,&quot;iso&quot;:&quot;0&quot;,&quot;shutter_speed&quot;:&quot;0&quot;,&quot;title&quot;:&quot;&quot;,&quot;orientation&quot;:&quot;0&quot;}\" data-image-title=\"950\" data-image-description=\"\" data-image-caption=\"\" data-large-file=\"https:\/\/www.hoymercedes.com.ar\/principal\/wp-content\/uploads\/2022\/04\/950-1024x712.jpeg\" src=\"https:\/\/www.hoymercedes.com.ar\/principal\/wp-content\/uploads\/2022\/04\/950-1024x712.jpeg\" alt=\"\" class=\"wp-image-146919\" width=\"-167\" height=\"-116\" srcset=\"https:\/\/www.hoymercedes.com.ar\/principal\/wp-content\/uploads\/2022\/04\/950-1024x712.jpeg 1024w, https:\/\/www.hoymercedes.com.ar\/principal\/wp-content\/uploads\/2022\/04\/950-630x438.jpeg 630w, https:\/\/www.hoymercedes.com.ar\/principal\/wp-content\/uploads\/2022\/04\/950-150x104.jpeg 150w, https:\/\/www.hoymercedes.com.ar\/principal\/wp-content\/uploads\/2022\/04\/950-1536x1068.jpeg 1536w, https:\/\/www.hoymercedes.com.ar\/principal\/wp-content\/uploads\/2022\/04\/950.jpeg 1600w\" sizes=\"(max-width: 1024px) 100vw, 1024px\" \/><\/figure><\/div>\n\n\n\n<p>\u201cEs una experiencia realmente muy linda\u201d contaron desde la Direcci\u00f3n de Discapacidad y destacaron que \u201cson intervenciones sumamente importantes, nos vinculan con la naturaleza, aprendemos, pasamos un momento muy agradable\u201d. &nbsp;<\/p>\n\n\n\n<p>El \u00e1rea que depende de la secretar\u00eda de salud a cargo del Dr. Pisapia tiene planificadas m\u00e1s intervenciones de este tipo que tienen un gran valor educativo, social y l\u00fadico para las y los ni\u00f1os y las familias. &nbsp;<\/p>\n\n\n\n<p>El vivero depende de la direcci\u00f3n de Espacios Verdes de la Sub secretar\u00eda de servicios p\u00fablicos.<\/p>\n\n\n\n<p>Por Prensa Municipal<\/p>\n","protected":false},"excerpt":{"rendered":"<p>El Centro Educativo Terap\u00e9utico Integral (CETIM) de nuestra ciudad que cumple una importante acci\u00f3n socio educativa, sanitaria e inclusiva tuvo &#8230; <a title=\"CETIM visit\u00f3 el Vivero en una ma\u00f1ana l\u00fadica y de contacto natural\u00a0\u00a0\" class=\"read-more\" href=\"https:\/\/www.hoymercedes.com.ar\/principal\/2022\/04\/19\/cetim-visito-el-vivero-en-una-manana-ludica-y-de-contacto-natural\/\" aria-label=\"Leer m\u00e1s sobre CETIM visit\u00f3 el Vivero en una ma\u00f1ana l\u00fadica y de contacto natural\u00a0\u00a0\">Leer m\u00e1s<\/a><\/p>\n","protected":false},"author":1,"featured_media":146919,"comment_status":"closed","ping_status":"open","sticky":false,"template":"","format":"standard","meta":{"_monsterinsights_skip_tracking":false,"_monsterinsights_sitenote_active":false,"_monsterinsights_sitenote_note":"","_monsterinsights_sitenote_category":0,"jetpack_post_was_ever_published":false,"_jetpack_newsletter_access":"","_jetpack_dont_email_post_to_subs":false,"_jetpack_newsletter_tier_id":0,"_jetpack_memberships_contains_paywalled_content":false,"_jetpack_memberships_contains_paid_content":false,"footnotes":"","jetpack_publicize_message":"","jetpack_publicize_feature_enabled":true,"jetpack_social_post_already_shared":true,"jetpack_social_options":{"image_generator_settings":{"template":"highway","default_image_id":0,"font":"","enabled":false},"version":2},"_wpas_customize_per_network":false},"categories":[8],"tags":[244],"class_list":["post-146918","post","type-post","status-publish","format-standard","has-post-thumbnail","hentry","category-sociedad","tag-municipio-2","generate-columns","tablet-grid-50","mobile-grid-100","grid-parent","grid-50"],"jetpack_publicize_connections":[],"jetpack_featured_media_url":"https:\/\/www.hoymercedes.com.ar\/principal\/wp-content\/uploads\/2022\/04\/950.jpeg","wps_subtitle":"","jetpack_sharing_enabled":true,"_links":{"self":[{"href":"https:\/\/www.hoymercedes.com.ar\/principal\/wp-json\/wp\/v2\/posts\/146918","targetHints":{"allow":["GET"]}}],"collection":[{"href":"https:\/\/www.hoymercedes.com.ar\/principal\/wp-json\/wp\/v2\/posts"}],"about":[{"href":"https:\/\/www.hoymercedes.com.ar\/principal\/wp-json\/wp\/v2\/types\/post"}],"author":[{"embeddable":true,"href":"https:\/\/www.hoymercedes.com.ar\/principal\/wp-json\/wp\/v2\/users\/1"}],"replies":[{"embeddable":true,"href":"https:\/\/www.hoymercedes.com.ar\/principal\/wp-json\/wp\/v2\/comments?post=146918"}],"version-history":[{"count":0,"href":"https:\/\/www.hoymercedes.com.ar\/principal\/wp-json\/wp\/v2\/posts\/146918\/revisions"}],"wp:featuredmedia":[{"embeddable":true,"href":"https:\/\/www.hoymercedes.com.ar\/principal\/wp-json\/wp\/v2\/media\/146919"}],"wp:attachment":[{"href":"https:\/\/www.hoymercedes.com.ar\/principal\/wp-json\/wp\/v2\/media?parent=146918"}],"wp:term":[{"taxonomy":"category","embeddable":true,"href":"https:\/\/www.hoymercedes.com.ar\/principal\/wp-json\/wp\/v2\/categories?post=146918"},{"taxonomy":"post_tag","embeddable":true,"href":"https:\/\/www.hoymercedes.com.ar\/principal\/wp-json\/wp\/v2\/tags?post=146918"}],"curies":[{"name":"wp","href":"https:\/\/api.w.org\/{rel}","templated":true}]}}