{"id":146938,"date":"2022-04-19T20:15:00","date_gmt":"2022-04-19T23:15:00","guid":{"rendered":"https:\/\/www.hoymercedes.com.ar\/principal\/?p=146938"},"modified":"2022-04-19T20:12:20","modified_gmt":"2022-04-19T23:12:20","slug":"relanzan-programa-de-empleo-en-la-celebracion-por-el-dia-del-emprendedor","status":"publish","type":"post","link":"https:\/\/www.hoymercedes.com.ar\/principal\/2022\/04\/19\/relanzan-programa-de-empleo-en-la-celebracion-por-el-dia-del-emprendedor\/","title":{"rendered":"Relanzan programa de empleo en la celebraci\u00f3n por el D\u00eda del Emprendedor"},"content":{"rendered":"\n<p>En el Centro Cultural La Trocha se llev\u00f3 adelante un encuentro en el marco del D\u00eda del Emprendedor, d\u00f3nde, adem\u00e1s, se relanz\u00f3 el programa Nacional Empleo Independiente. Un programa que \u00abbrinda\u00a0apoyo, orientaci\u00f3n y medios para desarrollar emprendimientos\u00a0y acompa\u00f1a a los emprendedores en todo lo que necesitan para ser sus propios jefes y llevar adelante sus negocios\u00bb.<\/p>\n\n\n\n<div class=\"wp-block-image\"><figure class=\"aligncenter size-full is-resized\"><img decoding=\"async\" data-attachment-id=\"146939\" data-permalink=\"https:\/\/www.hoymercedes.com.ar\/principal\/2022\/04\/19\/relanzan-programa-de-empleo-en-la-celebracion-por-el-dia-del-emprendedor\/dsc00569\/#main\" data-orig-file=\"https:\/\/www.hoymercedes.com.ar\/principal\/wp-content\/uploads\/2022\/04\/DSC00569.jpg\" data-orig-size=\"922,615\" data-comments-opened=\"0\" data-image-meta=\"{&quot;aperture&quot;:&quot;0&quot;,&quot;credit&quot;:&quot;&quot;,&quot;camera&quot;:&quot;&quot;,&quot;caption&quot;:&quot;&quot;,&quot;created_timestamp&quot;:&quot;0&quot;,&quot;copyright&quot;:&quot;&quot;,&quot;focal_length&quot;:&quot;0&quot;,&quot;iso&quot;:&quot;0&quot;,&quot;shutter_speed&quot;:&quot;0&quot;,&quot;title&quot;:&quot;&quot;,&quot;orientation&quot;:&quot;0&quot;}\" data-image-title=\"DSC00569\" data-image-description=\"\" data-image-caption=\"\" data-large-file=\"https:\/\/www.hoymercedes.com.ar\/principal\/wp-content\/uploads\/2022\/04\/DSC00569.jpg\" src=\"https:\/\/www.hoymercedes.com.ar\/principal\/wp-content\/uploads\/2022\/04\/DSC00569.jpg\" alt=\"\" class=\"wp-image-146939\" width=\"-160\" height=\"-106\" srcset=\"https:\/\/www.hoymercedes.com.ar\/principal\/wp-content\/uploads\/2022\/04\/DSC00569.jpg 922w, https:\/\/www.hoymercedes.com.ar\/principal\/wp-content\/uploads\/2022\/04\/DSC00569-630x420.jpg 630w, https:\/\/www.hoymercedes.com.ar\/principal\/wp-content\/uploads\/2022\/04\/DSC00569-150x100.jpg 150w\" sizes=\"(max-width: 922px) 100vw, 922px\" \/><\/figure><\/div>\n\n\n\n<p>El 16 de abril se conmemor\u00f3 el D\u00eda del Emprendedor y el Municipio de Mercedes homenaje\u00f3 y agasaj\u00f3 a un grupo de emprendedores beneficiarios de los programas de la Direcci\u00f3n de Producci\u00f3n. En este marco las autoridades locales dieron detalles del programa nacional. <\/p>\n\n\n\n<p>\u00abEs muy importante para la ciudad impulsar, y que el Estado le d\u00e9 una mano, al sector privado, de emprendedores que trabajan de manera independiente, que genera sus propios recursos como as\u00ed tambi\u00e9n para la ciudad que determinan empleos, ya que contratan personas, mueven la econom\u00eda de nuestra ciudad, en un contexto complejo\u201d, expres\u00f3 Ustarroz \u00a0<\/p>\n\n\n\n<p>\u201cVenimos de una pandemia que ha dejado sus resabios negativos en todos los niveles, pero principalmente econ\u00f3micos, por lo que es necesario esto, unidad, tirar todos para el mismo lado, tratar de identificar realmente quienes son las personas que tienen proyectos, vienen produciendo y luch\u00e1ndola. A veces con recursos que aporta el Estado, ya sea Nacional, Provincial o Municipal, ayuda a fortalecer ese emprendimiento\u201d, agreg\u00f3 el Jefe Comunal. \u00a0<\/p>\n\n\n\n<p>Por su parte, Patricio Ballestry, Director de Producci\u00f3n municipal expres\u00f3: \u201cquisimos festejar su d\u00eda y destacar el rol que tienen en la sociedad, en la formaci\u00f3n de ingresos para la ciudad\u201d. \u00abEl Ministerio de Trabajo que impulsa el programa Empleo independiente que relanzamos, que se gestiona desde la Municipalidad de Mercedes, pero los fondos provienen de dicho Ministerio. Se otorgaron dos millones y medio de pesos, desde octubre a la fecha, con lo cual, eso es dinero que se vuelca en la ciudad, para incentivar el c\u00edrculo de consumo, as\u00ed que muy felices\u201d destac\u00f3 el funcionario. <\/p>\n","protected":false},"excerpt":{"rendered":"<p>En el Centro Cultural La Trocha se llev\u00f3 adelante un encuentro en el marco del D\u00eda del Emprendedor, d\u00f3nde, adem\u00e1s, &#8230; <a title=\"Relanzan programa de empleo en la celebraci\u00f3n por el D\u00eda del Emprendedor\" class=\"read-more\" href=\"https:\/\/www.hoymercedes.com.ar\/principal\/2022\/04\/19\/relanzan-programa-de-empleo-en-la-celebracion-por-el-dia-del-emprendedor\/\" aria-label=\"Leer m\u00e1s sobre Relanzan programa de empleo en la celebraci\u00f3n por el D\u00eda del Emprendedor\">Leer m\u00e1s<\/a><\/p>\n","protected":false},"author":1,"featured_media":146939,"comment_status":"closed","ping_status":"open","sticky":false,"template":"","format":"standard","meta":{"_monsterinsights_skip_tracking":false,"_monsterinsights_sitenote_active":false,"_monsterinsights_sitenote_note":"","_monsterinsights_sitenote_category":0,"jetpack_post_was_ever_published":false,"_jetpack_newsletter_access":"","_jetpack_dont_email_post_to_subs":false,"_jetpack_newsletter_tier_id":0,"_jetpack_memberships_contains_paywalled_content":false,"_jetpack_memberships_contains_paid_content":false,"footnotes":"","jetpack_publicize_message":"","jetpack_publicize_feature_enabled":true,"jetpack_social_post_already_shared":true,"jetpack_social_options":{"image_generator_settings":{"template":"highway","default_image_id":0,"font":"","enabled":false},"version":2},"_wpas_customize_per_network":false},"categories":[8],"tags":[244],"class_list":["post-146938","post","type-post","status-publish","format-standard","has-post-thumbnail","hentry","category-sociedad","tag-municipio-2","generate-columns","tablet-grid-50","mobile-grid-100","grid-parent","grid-50"],"jetpack_publicize_connections":[],"jetpack_featured_media_url":"https:\/\/www.hoymercedes.com.ar\/principal\/wp-content\/uploads\/2022\/04\/DSC00569.jpg","wps_subtitle":"","jetpack_sharing_enabled":true,"_links":{"self":[{"href":"https:\/\/www.hoymercedes.com.ar\/principal\/wp-json\/wp\/v2\/posts\/146938","targetHints":{"allow":["GET"]}}],"collection":[{"href":"https:\/\/www.hoymercedes.com.ar\/principal\/wp-json\/wp\/v2\/posts"}],"about":[{"href":"https:\/\/www.hoymercedes.com.ar\/principal\/wp-json\/wp\/v2\/types\/post"}],"author":[{"embeddable":true,"href":"https:\/\/www.hoymercedes.com.ar\/principal\/wp-json\/wp\/v2\/users\/1"}],"replies":[{"embeddable":true,"href":"https:\/\/www.hoymercedes.com.ar\/principal\/wp-json\/wp\/v2\/comments?post=146938"}],"version-history":[{"count":0,"href":"https:\/\/www.hoymercedes.com.ar\/principal\/wp-json\/wp\/v2\/posts\/146938\/revisions"}],"wp:featuredmedia":[{"embeddable":true,"href":"https:\/\/www.hoymercedes.com.ar\/principal\/wp-json\/wp\/v2\/media\/146939"}],"wp:attachment":[{"href":"https:\/\/www.hoymercedes.com.ar\/principal\/wp-json\/wp\/v2\/media?parent=146938"}],"wp:term":[{"taxonomy":"category","embeddable":true,"href":"https:\/\/www.hoymercedes.com.ar\/principal\/wp-json\/wp\/v2\/categories?post=146938"},{"taxonomy":"post_tag","embeddable":true,"href":"https:\/\/www.hoymercedes.com.ar\/principal\/wp-json\/wp\/v2\/tags?post=146938"}],"curies":[{"name":"wp","href":"https:\/\/api.w.org\/{rel}","templated":true}]}}