{"id":147110,"date":"2022-04-24T07:27:00","date_gmt":"2022-04-24T10:27:00","guid":{"rendered":"https:\/\/www.hoymercedes.com.ar\/principal\/?p=147110"},"modified":"2022-04-24T10:53:42","modified_gmt":"2022-04-24T13:53:42","slug":"enargas-y-defensa-del-consumidor-reunidos-con-instituciones-usuarias-de-gas-natural","status":"publish","type":"post","link":"https:\/\/www.hoymercedes.com.ar\/principal\/2022\/04\/24\/enargas-y-defensa-del-consumidor-reunidos-con-instituciones-usuarias-de-gas-natural\/","title":{"rendered":"Enargas y Defensa del Consumidor reunidos con instituciones usuarias de gas natural"},"content":{"rendered":"\n<p>D\u00edas atr\u00e1s, tal lo anunciado, el \u00e1rea de Defensa al Consumidor y Enargas llevaron adelante una jornada para brindar mayor informaci\u00f3n a las instituciones de bien p\u00fablico y ong con el objetivo de explicar los alcances de la Ley Fr\u00eda para ellas. <\/p>\n\n\n\n<p>\u00abDesde nuestra \u00e1rea nos pusimos como objetivo que previo a los meses de mayor consumo de gas las Instituciones de nuestra Ciudad estuvieran informadas de los beneficios que pueden acceder e inscriptas\u00bb destac\u00f3 C\u00f3dega. \u00a0<\/p>\n\n\n\n<p>La reuni\u00f3n cont\u00f3 con la participaci\u00f3n de referentes y representantes, de iglesias, espacios deportivos, ongs, que buscaron obtener la informaci\u00f3n y generaci\u00f3n del tr\u00e1mite necesario. \u00a0<\/p>\n\n\n\n<p>Es importante destacar que Mercedes fue incluida en la Ley de Zona Fr\u00eda, por lo que los usuarios y usuarias de nuestra ciudad reciben una tarifa diferencial, que implica una disminuci\u00f3n del 30% de la factura de gas. Esta legislaci\u00f3n alcanza a 94 municipios bonaerenses. \u00a0<\/p>\n\n\n\n<div class=\"wp-block-image\"><figure class=\"aligncenter size-full is-resized\"><img decoding=\"async\" data-attachment-id=\"147112\" data-permalink=\"https:\/\/www.hoymercedes.com.ar\/principal\/2022\/04\/24\/enargas-y-defensa-del-consumidor-reunidos-con-instituciones-usuarias-de-gas-natural\/dsc00257\/#main\" data-orig-file=\"https:\/\/www.hoymercedes.com.ar\/principal\/wp-content\/uploads\/2022\/04\/DSC00257.jpg\" data-orig-size=\"922,615\" data-comments-opened=\"0\" data-image-meta=\"{&quot;aperture&quot;:&quot;0&quot;,&quot;credit&quot;:&quot;&quot;,&quot;camera&quot;:&quot;&quot;,&quot;caption&quot;:&quot;&quot;,&quot;created_timestamp&quot;:&quot;0&quot;,&quot;copyright&quot;:&quot;&quot;,&quot;focal_length&quot;:&quot;0&quot;,&quot;iso&quot;:&quot;0&quot;,&quot;shutter_speed&quot;:&quot;0&quot;,&quot;title&quot;:&quot;&quot;,&quot;orientation&quot;:&quot;0&quot;}\" data-image-title=\"DSC00257\" data-image-description=\"\" data-image-caption=\"\" data-large-file=\"https:\/\/www.hoymercedes.com.ar\/principal\/wp-content\/uploads\/2022\/04\/DSC00257.jpg\" src=\"https:\/\/www.hoymercedes.com.ar\/principal\/wp-content\/uploads\/2022\/04\/DSC00257.jpg\" alt=\"\" class=\"wp-image-147112\" width=\"-185\" height=\"-123\" srcset=\"https:\/\/www.hoymercedes.com.ar\/principal\/wp-content\/uploads\/2022\/04\/DSC00257.jpg 922w, https:\/\/www.hoymercedes.com.ar\/principal\/wp-content\/uploads\/2022\/04\/DSC00257-630x420.jpg 630w, https:\/\/www.hoymercedes.com.ar\/principal\/wp-content\/uploads\/2022\/04\/DSC00257-150x100.jpg 150w\" sizes=\"(max-width: 922px) 100vw, 922px\" \/><\/figure><\/div>\n","protected":false},"excerpt":{"rendered":"<p>D\u00edas atr\u00e1s, tal lo anunciado, el \u00e1rea de Defensa al Consumidor y Enargas llevaron adelante una jornada para brindar mayor &#8230; <a title=\"Enargas y Defensa del Consumidor reunidos con instituciones usuarias de gas natural\" class=\"read-more\" href=\"https:\/\/www.hoymercedes.com.ar\/principal\/2022\/04\/24\/enargas-y-defensa-del-consumidor-reunidos-con-instituciones-usuarias-de-gas-natural\/\" aria-label=\"Leer m\u00e1s sobre Enargas y Defensa del Consumidor reunidos con instituciones usuarias de gas natural\">Leer m\u00e1s<\/a><\/p>\n","protected":false},"author":1,"featured_media":147112,"comment_status":"closed","ping_status":"open","sticky":false,"template":"","format":"standard","meta":{"_monsterinsights_skip_tracking":false,"_monsterinsights_sitenote_active":false,"_monsterinsights_sitenote_note":"","_monsterinsights_sitenote_category":0,"jetpack_post_was_ever_published":false,"_jetpack_newsletter_access":"","_jetpack_dont_email_post_to_subs":false,"_jetpack_newsletter_tier_id":0,"_jetpack_memberships_contains_paywalled_content":false,"_jetpack_memberships_contains_paid_content":false,"footnotes":"","jetpack_publicize_message":"","jetpack_publicize_feature_enabled":true,"jetpack_social_post_already_shared":true,"jetpack_social_options":{"image_generator_settings":{"template":"highway","default_image_id":0,"font":"","enabled":false},"version":2},"_wpas_customize_per_network":false},"categories":[8],"tags":[244],"class_list":["post-147110","post","type-post","status-publish","format-standard","has-post-thumbnail","hentry","category-sociedad","tag-municipio-2","generate-columns","tablet-grid-50","mobile-grid-100","grid-parent","grid-50"],"jetpack_publicize_connections":[],"jetpack_featured_media_url":"https:\/\/www.hoymercedes.com.ar\/principal\/wp-content\/uploads\/2022\/04\/DSC00257.jpg","wps_subtitle":"","jetpack_sharing_enabled":true,"_links":{"self":[{"href":"https:\/\/www.hoymercedes.com.ar\/principal\/wp-json\/wp\/v2\/posts\/147110","targetHints":{"allow":["GET"]}}],"collection":[{"href":"https:\/\/www.hoymercedes.com.ar\/principal\/wp-json\/wp\/v2\/posts"}],"about":[{"href":"https:\/\/www.hoymercedes.com.ar\/principal\/wp-json\/wp\/v2\/types\/post"}],"author":[{"embeddable":true,"href":"https:\/\/www.hoymercedes.com.ar\/principal\/wp-json\/wp\/v2\/users\/1"}],"replies":[{"embeddable":true,"href":"https:\/\/www.hoymercedes.com.ar\/principal\/wp-json\/wp\/v2\/comments?post=147110"}],"version-history":[{"count":0,"href":"https:\/\/www.hoymercedes.com.ar\/principal\/wp-json\/wp\/v2\/posts\/147110\/revisions"}],"wp:featuredmedia":[{"embeddable":true,"href":"https:\/\/www.hoymercedes.com.ar\/principal\/wp-json\/wp\/v2\/media\/147112"}],"wp:attachment":[{"href":"https:\/\/www.hoymercedes.com.ar\/principal\/wp-json\/wp\/v2\/media?parent=147110"}],"wp:term":[{"taxonomy":"category","embeddable":true,"href":"https:\/\/www.hoymercedes.com.ar\/principal\/wp-json\/wp\/v2\/categories?post=147110"},{"taxonomy":"post_tag","embeddable":true,"href":"https:\/\/www.hoymercedes.com.ar\/principal\/wp-json\/wp\/v2\/tags?post=147110"}],"curies":[{"name":"wp","href":"https:\/\/api.w.org\/{rel}","templated":true}]}}