{"id":147333,"date":"2022-04-29T09:30:00","date_gmt":"2022-04-29T12:30:00","guid":{"rendered":"https:\/\/www.hoymercedes.com.ar\/principal\/?p=147333"},"modified":"2022-04-29T09:25:20","modified_gmt":"2022-04-29T12:25:20","slug":"relanzaron-la-mesa-local-de-discapacidad-con-autoridades-comunales","status":"publish","type":"post","link":"https:\/\/www.hoymercedes.com.ar\/principal\/2022\/04\/29\/relanzaron-la-mesa-local-de-discapacidad-con-autoridades-comunales\/","title":{"rendered":"Relanzaron la Mesa Local de Discapacidad con autoridades comunales"},"content":{"rendered":"\n<p>El Municipio de Mercedes, a trav\u00e9s del \u00e1rea de discapacidad, junto a autoridades de la Comuna y el Concejo Deliberativo, representantes de instituciones y vecinos, relanz\u00f3 la Mesa de Discapacidad Mercedes. Esta herramienta, es una pol\u00edtica p\u00fablica m\u00e1s que permite que la comunidad pueda trabajar de manera participativa y articulada en busca de una ciudad m\u00e1s inclusiva. Tambi\u00e9n estuvo presente la Diputada Provincial Mariana Larroque. \u00a0<\/p>\n\n\n\n<figure class=\"wp-block-image size-large\"><img loading=\"lazy\" decoding=\"async\" width=\"1024\" height=\"469\" data-attachment-id=\"147334\" data-permalink=\"https:\/\/www.hoymercedes.com.ar\/principal\/2022\/04\/29\/mercedes-seguira-teniendo-representacion-en-la-federacion-de-periodistas-deportivos\/dsc_0715\/#main\" data-orig-file=\"https:\/\/www.hoymercedes.com.ar\/principal\/wp-content\/uploads\/2022\/04\/DSC_0715.jpg\" data-orig-size=\"1342,615\" data-comments-opened=\"0\" data-image-meta=\"{&quot;aperture&quot;:&quot;0&quot;,&quot;credit&quot;:&quot;&quot;,&quot;camera&quot;:&quot;&quot;,&quot;caption&quot;:&quot;&quot;,&quot;created_timestamp&quot;:&quot;0&quot;,&quot;copyright&quot;:&quot;&quot;,&quot;focal_length&quot;:&quot;0&quot;,&quot;iso&quot;:&quot;0&quot;,&quot;shutter_speed&quot;:&quot;0&quot;,&quot;title&quot;:&quot;&quot;,&quot;orientation&quot;:&quot;0&quot;}\" data-image-title=\"DSC_0715\" data-image-description=\"\" data-image-caption=\"\" data-large-file=\"https:\/\/www.hoymercedes.com.ar\/principal\/wp-content\/uploads\/2022\/04\/DSC_0715-1024x469.jpg\" src=\"https:\/\/www.hoymercedes.com.ar\/principal\/wp-content\/uploads\/2022\/04\/DSC_0715-1024x469.jpg\" alt=\"\" class=\"wp-image-147334\" srcset=\"https:\/\/www.hoymercedes.com.ar\/principal\/wp-content\/uploads\/2022\/04\/DSC_0715-1024x469.jpg 1024w, https:\/\/www.hoymercedes.com.ar\/principal\/wp-content\/uploads\/2022\/04\/DSC_0715-630x289.jpg 630w, https:\/\/www.hoymercedes.com.ar\/principal\/wp-content\/uploads\/2022\/04\/DSC_0715-150x69.jpg 150w, https:\/\/www.hoymercedes.com.ar\/principal\/wp-content\/uploads\/2022\/04\/DSC_0715.jpg 1342w\" sizes=\"auto, (max-width: 1024px) 100vw, 1024px\" \/><\/figure>\n\n\n\n<p>El intendente Juan Ignacio Ustarroz expres\u00f3 \u201cesta ha sido una gran jornada, donde lo que hemos hecho es formalizar lo que ya se viene ocurriendo. Desde el primer d\u00eda de gesti\u00f3n se viene trabajando con todos los actores e instituciones, labor que ha ido creciendo, donde existe mucha unidad y una agenda en com\u00fan en cuanto a temas de discapacidad\u201d. &nbsp;<\/p>\n\n\n\n<p>En este sentido, Ustarroz se\u00f1al\u00f3 \u201ctodo ese trabajo es muy bueno, pero tambi\u00e9n lo es, que todo lo hecho se pueda institucionalizar porque cuando uno da ese paso hacia la formalizaci\u00f3n, despu\u00e9s tiene m\u00e1s capacidad de hacer una evaluaci\u00f3n y ver qu\u00e9 cosas hay que mejorar\u201d y a\u00f1adi\u00f3 \u201cen lo personal quiero agradecer mucho a cada una de las instituciones por el compromiso constante, por esta voluntad y vocaci\u00f3n de trabajar en conjunto, como as\u00ed tambi\u00e9n, el acompa\u00f1amiento del Estado Provincial como Nacional y de toda la comunidad\u201d. \u00a0<\/p>\n\n\n\n<p>\u201cUn Estado y comunidad que incluye, nos hace mejores como personas, como instituciones, donde la articulaci\u00f3n y unidad nos da la potencia para hacer\u201d asegur\u00f3 el intendente Ustarroz y apunt\u00f3 \u201cno hay ning\u00fan sector s\u00f3lo, que desde un \u00e1rea espec\u00edfica pueda emprender una transformaci\u00f3n tan grande como lo es lo cultural, m\u00e1s all\u00e1 de la infraestructura y simb\u00f3lico, por eso esta unidad es tan importante\u201d.\u00a0\u00a0\u00a0\u00a0\u00a0\u00a0\u00a0\u00a0<\/p>\n\n\n\n<p>Del relanzamiento de la mesa Institucional de Discapacidad y del Equipo de Acompa\u00f1amiento a la Trayectorias para personas con discapacidad en Mercedes en el centro de Inclusi\u00f3n Social &#8211; Casa Encuentro.tambi\u00e9n participaron la Presidente y Vicepresdiente 1\u00b0 del Concejo Deliberante de Mercedes, Evangelina Cabral y Andrea Bozzini, respectivamente, y la Concejal D\u00e9bora Lacasa.<\/p>\n\n\n\n<p>Fuente: Prensa Municipal<\/p>\n","protected":false},"excerpt":{"rendered":"<p>El Municipio de Mercedes, a trav\u00e9s del \u00e1rea de discapacidad, junto a autoridades de la Comuna y el Concejo Deliberativo, &#8230; <a title=\"Relanzaron la Mesa Local de Discapacidad con autoridades comunales\" class=\"read-more\" href=\"https:\/\/www.hoymercedes.com.ar\/principal\/2022\/04\/29\/relanzaron-la-mesa-local-de-discapacidad-con-autoridades-comunales\/\" aria-label=\"Leer m\u00e1s sobre Relanzaron la Mesa Local de Discapacidad con autoridades comunales\">Leer m\u00e1s<\/a><\/p>\n","protected":false},"author":1,"featured_media":147334,"comment_status":"closed","ping_status":"open","sticky":false,"template":"","format":"standard","meta":{"_monsterinsights_skip_tracking":false,"_monsterinsights_sitenote_active":false,"_monsterinsights_sitenote_note":"","_monsterinsights_sitenote_category":0,"jetpack_post_was_ever_published":false,"_jetpack_newsletter_access":"","_jetpack_dont_email_post_to_subs":false,"_jetpack_newsletter_tier_id":0,"_jetpack_memberships_contains_paywalled_content":false,"_jetpack_memberships_contains_paid_content":false,"footnotes":"","jetpack_publicize_message":"","jetpack_publicize_feature_enabled":true,"jetpack_social_post_already_shared":true,"jetpack_social_options":{"image_generator_settings":{"template":"highway","default_image_id":0,"font":"","enabled":false},"version":2},"_wpas_customize_per_network":false},"categories":[30],"tags":[244],"class_list":["post-147333","post","type-post","status-publish","format-standard","has-post-thumbnail","hentry","category-municipio","tag-municipio-2","generate-columns","tablet-grid-50","mobile-grid-100","grid-parent","grid-50"],"jetpack_publicize_connections":[],"jetpack_featured_media_url":"https:\/\/www.hoymercedes.com.ar\/principal\/wp-content\/uploads\/2022\/04\/DSC_0715.jpg","wps_subtitle":"","jetpack_sharing_enabled":true,"_links":{"self":[{"href":"https:\/\/www.hoymercedes.com.ar\/principal\/wp-json\/wp\/v2\/posts\/147333","targetHints":{"allow":["GET"]}}],"collection":[{"href":"https:\/\/www.hoymercedes.com.ar\/principal\/wp-json\/wp\/v2\/posts"}],"about":[{"href":"https:\/\/www.hoymercedes.com.ar\/principal\/wp-json\/wp\/v2\/types\/post"}],"author":[{"embeddable":true,"href":"https:\/\/www.hoymercedes.com.ar\/principal\/wp-json\/wp\/v2\/users\/1"}],"replies":[{"embeddable":true,"href":"https:\/\/www.hoymercedes.com.ar\/principal\/wp-json\/wp\/v2\/comments?post=147333"}],"version-history":[{"count":0,"href":"https:\/\/www.hoymercedes.com.ar\/principal\/wp-json\/wp\/v2\/posts\/147333\/revisions"}],"wp:featuredmedia":[{"embeddable":true,"href":"https:\/\/www.hoymercedes.com.ar\/principal\/wp-json\/wp\/v2\/media\/147334"}],"wp:attachment":[{"href":"https:\/\/www.hoymercedes.com.ar\/principal\/wp-json\/wp\/v2\/media?parent=147333"}],"wp:term":[{"taxonomy":"category","embeddable":true,"href":"https:\/\/www.hoymercedes.com.ar\/principal\/wp-json\/wp\/v2\/categories?post=147333"},{"taxonomy":"post_tag","embeddable":true,"href":"https:\/\/www.hoymercedes.com.ar\/principal\/wp-json\/wp\/v2\/tags?post=147333"}],"curies":[{"name":"wp","href":"https:\/\/api.w.org\/{rel}","templated":true}]}}