{"id":147448,"date":"2022-05-02T13:43:00","date_gmt":"2022-05-02T16:43:00","guid":{"rendered":"https:\/\/www.hoymercedes.com.ar\/principal\/?p=147448"},"modified":"2022-05-02T16:54:34","modified_gmt":"2022-05-02T19:54:34","slug":"ajedrez-simultanea-de-ajedrez-en-san-andres-de-giles","status":"publish","type":"post","link":"https:\/\/www.hoymercedes.com.ar\/principal\/2022\/05\/02\/ajedrez-simultanea-de-ajedrez-en-san-andres-de-giles\/","title":{"rendered":"Ajedrez: Simult\u00e1nea de ajedrez en San Andr\u00e9s de Giles\u00a0"},"content":{"rendered":"\n<p><strong><em>Alan Pichot actual n\u00famero 2 de Argentina y top 100 del mundo dict\u00f3 una sesi\u00f3n de partidas simult\u00e1neas \u2022 El batacazo de la tarde, lo brind\u00f3 el experimentado jugador de nuestra ciudad, Alejandro Altieri, quien fue el \u00fanico que finaliz\u00f3 su partida en tablas.\u00a0<\/em><\/strong><\/p>\n\n\n\n<div class=\"wp-block-image\"><figure class=\"aligncenter size-full\"><img loading=\"lazy\" decoding=\"async\" width=\"720\" height=\"480\" data-attachment-id=\"147449\" data-permalink=\"https:\/\/www.hoymercedes.com.ar\/principal\/2022\/05\/02\/ajedrez-simultanea-de-ajedrez-en-san-andres-de-giles\/dajedrez-252022-2\/#main\" data-orig-file=\"https:\/\/www.hoymercedes.com.ar\/principal\/wp-content\/uploads\/2022\/05\/dajedrez-252022-2.jpeg\" data-orig-size=\"720,480\" data-comments-opened=\"0\" data-image-meta=\"{&quot;aperture&quot;:&quot;0&quot;,&quot;credit&quot;:&quot;&quot;,&quot;camera&quot;:&quot;&quot;,&quot;caption&quot;:&quot;&quot;,&quot;created_timestamp&quot;:&quot;0&quot;,&quot;copyright&quot;:&quot;&quot;,&quot;focal_length&quot;:&quot;0&quot;,&quot;iso&quot;:&quot;0&quot;,&quot;shutter_speed&quot;:&quot;0&quot;,&quot;title&quot;:&quot;&quot;,&quot;orientation&quot;:&quot;0&quot;}\" data-image-title=\"dajedrez 252022 2\" data-image-description=\"\" data-image-caption=\"\" data-large-file=\"https:\/\/www.hoymercedes.com.ar\/principal\/wp-content\/uploads\/2022\/05\/dajedrez-252022-2.jpeg\" src=\"https:\/\/www.hoymercedes.com.ar\/principal\/wp-content\/uploads\/2022\/05\/dajedrez-252022-2.jpeg\" alt=\"\" class=\"wp-image-147449\" srcset=\"https:\/\/www.hoymercedes.com.ar\/principal\/wp-content\/uploads\/2022\/05\/dajedrez-252022-2.jpeg 720w, https:\/\/www.hoymercedes.com.ar\/principal\/wp-content\/uploads\/2022\/05\/dajedrez-252022-2-630x420.jpeg 630w, https:\/\/www.hoymercedes.com.ar\/principal\/wp-content\/uploads\/2022\/05\/dajedrez-252022-2-150x100.jpeg 150w\" sizes=\"auto, (max-width: 720px) 100vw, 720px\" \/><\/figure><\/div>\n\n\n\n<p>El pasado s\u00e1bado se llev\u00f3 a cabo en el Club Social y Deportivo El Front\u00f3n de la vecina ciudad de San Andr\u00e9s de Giles una sesi\u00f3n de partidas simultaneas dictada por GM (Gran Maestro) Alan Pichot actual n\u00famero 2 de Argentina y top 100 del mundo.&nbsp;<\/p>\n\n\n\n<p>Dicho joven maestro de 23 a\u00f1os proveniente de CABA,&nbsp; jugo durante 4 horas en diferentes tableros con 30 participantes oriundos de La Plata, Salto, Carmen de Areco, San Andr\u00e9s de Giles, General Rodr\u00edguez, Lujan, Mercedes etc. En lo que fue una aut\u00e9ntica fiesta de ajedrez.&nbsp;<\/p>\n\n\n\n<p>El evento cont\u00f3 con la organizaci\u00f3n de los profesores de la escuela de ajedrez mentes activas, Jos\u00e9 Pellati, y, Sebasti\u00e1n Rocha,&nbsp; del mencionado municipio, en conjunto, con los dirigentes de la instituci\u00f3n, a la cual hemos hecho referencia.&nbsp;<\/p>\n\n\n\n<p>Los ajedrecistas mercedinos que asistieron a la jornada fueron: Pablo Truzzi, Emanuel Gomez Padula, Alejandro Altieri, y Francisco Viola.&nbsp;<\/p>\n\n\n\n<p>El batacazo de la tarde, lo brind\u00f3 el experimentado jugador de nuestra ciudad, Alejandro Altieri, quien fue el \u00fanico que finaliz\u00f3 su partida en tablas, forzando y obteniendo, un valios\u00edsimo medio punto frente al GM Alan Pichot (quien gan\u00f3 los 29 juegos restantes)\u00a0 en la \u00faltima partida del certamen.\u00a0<\/p>\n\n\n\n<p>Colaboraci\u00f3n: Mariano Oyarz\u00fa<\/p>\n","protected":false},"excerpt":{"rendered":"<p>Alan Pichot actual n\u00famero 2 de Argentina y top 100 del mundo dict\u00f3 una sesi\u00f3n de partidas simult\u00e1neas \u2022 El &#8230; <a title=\"Ajedrez: Simult\u00e1nea de ajedrez en San Andr\u00e9s de Giles\u00a0\" class=\"read-more\" href=\"https:\/\/www.hoymercedes.com.ar\/principal\/2022\/05\/02\/ajedrez-simultanea-de-ajedrez-en-san-andres-de-giles\/\" aria-label=\"Leer m\u00e1s sobre Ajedrez: Simult\u00e1nea de ajedrez en San Andr\u00e9s de Giles\u00a0\">Leer m\u00e1s<\/a><\/p>\n","protected":false},"author":1,"featured_media":147449,"comment_status":"closed","ping_status":"open","sticky":false,"template":"","format":"standard","meta":{"_monsterinsights_skip_tracking":false,"_monsterinsights_sitenote_active":false,"_monsterinsights_sitenote_note":"","_monsterinsights_sitenote_category":0,"jetpack_post_was_ever_published":false,"_jetpack_newsletter_access":"","_jetpack_dont_email_post_to_subs":false,"_jetpack_newsletter_tier_id":0,"_jetpack_memberships_contains_paywalled_content":false,"_jetpack_memberships_contains_paid_content":false,"footnotes":"","jetpack_publicize_message":"","jetpack_publicize_feature_enabled":true,"jetpack_social_post_already_shared":true,"jetpack_social_options":{"image_generator_settings":{"template":"highway","default_image_id":0,"font":"","enabled":false},"version":2},"_wpas_customize_per_network":false},"categories":[21],"tags":[204],"class_list":["post-147448","post","type-post","status-publish","format-standard","has-post-thumbnail","hentry","category-deportes","tag-deportes-2","generate-columns","tablet-grid-50","mobile-grid-100","grid-parent","grid-50"],"jetpack_publicize_connections":[],"jetpack_featured_media_url":"https:\/\/www.hoymercedes.com.ar\/principal\/wp-content\/uploads\/2022\/05\/dajedrez-252022-2.jpeg","wps_subtitle":"","jetpack_sharing_enabled":true,"_links":{"self":[{"href":"https:\/\/www.hoymercedes.com.ar\/principal\/wp-json\/wp\/v2\/posts\/147448","targetHints":{"allow":["GET"]}}],"collection":[{"href":"https:\/\/www.hoymercedes.com.ar\/principal\/wp-json\/wp\/v2\/posts"}],"about":[{"href":"https:\/\/www.hoymercedes.com.ar\/principal\/wp-json\/wp\/v2\/types\/post"}],"author":[{"embeddable":true,"href":"https:\/\/www.hoymercedes.com.ar\/principal\/wp-json\/wp\/v2\/users\/1"}],"replies":[{"embeddable":true,"href":"https:\/\/www.hoymercedes.com.ar\/principal\/wp-json\/wp\/v2\/comments?post=147448"}],"version-history":[{"count":0,"href":"https:\/\/www.hoymercedes.com.ar\/principal\/wp-json\/wp\/v2\/posts\/147448\/revisions"}],"wp:featuredmedia":[{"embeddable":true,"href":"https:\/\/www.hoymercedes.com.ar\/principal\/wp-json\/wp\/v2\/media\/147449"}],"wp:attachment":[{"href":"https:\/\/www.hoymercedes.com.ar\/principal\/wp-json\/wp\/v2\/media?parent=147448"}],"wp:term":[{"taxonomy":"category","embeddable":true,"href":"https:\/\/www.hoymercedes.com.ar\/principal\/wp-json\/wp\/v2\/categories?post=147448"},{"taxonomy":"post_tag","embeddable":true,"href":"https:\/\/www.hoymercedes.com.ar\/principal\/wp-json\/wp\/v2\/tags?post=147448"}],"curies":[{"name":"wp","href":"https:\/\/api.w.org\/{rel}","templated":true}]}}