{"id":147461,"date":"2022-05-02T21:23:43","date_gmt":"2022-05-03T00:23:43","guid":{"rendered":"https:\/\/www.hoymercedes.com.ar\/principal\/?p=147461"},"modified":"2022-05-02T21:24:04","modified_gmt":"2022-05-03T00:24:04","slug":"wado-de-pedro-envio-un-mensaje-a-los-chicos-y-chicas-que-sufren-bullying-que-el-silencio-no-nos-gane","status":"publish","type":"post","link":"https:\/\/www.hoymercedes.com.ar\/principal\/2022\/05\/02\/wado-de-pedro-envio-un-mensaje-a-los-chicos-y-chicas-que-sufren-bullying-que-el-silencio-no-nos-gane\/","title":{"rendered":"Wado de Pedro envi\u00f3 un mensaje a los chicos y chicas que sufren bullying: \u00abque el silencio no nos gane\u00bb"},"content":{"rendered":"\n<figure class=\"wp-block-image size-large\"><img loading=\"lazy\" decoding=\"async\" width=\"1024\" height=\"683\" data-attachment-id=\"147462\" data-permalink=\"https:\/\/www.hoymercedes.com.ar\/principal\/2022\/05\/02\/wado-de-pedro-envio-un-mensaje-a-los-chicos-y-chicas-que-sufren-bullying-que-el-silencio-no-nos-gane\/unnamed-6\/#main\" data-orig-file=\"https:\/\/www.hoymercedes.com.ar\/principal\/wp-content\/uploads\/2022\/05\/unnamed.jpg\" data-orig-size=\"1500,1000\" data-comments-opened=\"0\" data-image-meta=\"{&quot;aperture&quot;:&quot;0&quot;,&quot;credit&quot;:&quot;&quot;,&quot;camera&quot;:&quot;&quot;,&quot;caption&quot;:&quot;&quot;,&quot;created_timestamp&quot;:&quot;0&quot;,&quot;copyright&quot;:&quot;&quot;,&quot;focal_length&quot;:&quot;0&quot;,&quot;iso&quot;:&quot;0&quot;,&quot;shutter_speed&quot;:&quot;0&quot;,&quot;title&quot;:&quot;&quot;,&quot;orientation&quot;:&quot;0&quot;}\" data-image-title=\"unnamed\" data-image-description=\"\" data-image-caption=\"\" data-large-file=\"https:\/\/www.hoymercedes.com.ar\/principal\/wp-content\/uploads\/2022\/05\/unnamed-1024x683.jpg\" src=\"https:\/\/www.hoymercedes.com.ar\/principal\/wp-content\/uploads\/2022\/05\/unnamed-1024x683.jpg\" alt=\"Wado de pedro\" class=\"wp-image-147462\" srcset=\"https:\/\/www.hoymercedes.com.ar\/principal\/wp-content\/uploads\/2022\/05\/unnamed-1024x683.jpg 1024w, https:\/\/www.hoymercedes.com.ar\/principal\/wp-content\/uploads\/2022\/05\/unnamed-630x420.jpg 630w, https:\/\/www.hoymercedes.com.ar\/principal\/wp-content\/uploads\/2022\/05\/unnamed-150x100.jpg 150w, https:\/\/www.hoymercedes.com.ar\/principal\/wp-content\/uploads\/2022\/05\/unnamed.jpg 1500w\" sizes=\"auto, (max-width: 1024px) 100vw, 1024px\" \/><\/figure>\n\n\n\n<p>El ministro del Interior, Wado de Pedro, pidi\u00f3 a los chicos y chicas que son v\u00edctimas de bullying, \u00abromper el silencio\u00bb, a trav\u00e9s de un mensaje para concientizar por el D\u00eda Internacional contra el Acoso Escolar, en el que adem\u00e1s dijo que es \u00abun problema que puede tener consecuencias graves\u00bb.<\/p>\n\n\n\n<p>\u00abAlgunos saben que viv\u00ed experiencias con esta situaci\u00f3n. Tuve la suerte de tener en el colegio compa\u00f1eros que fueron muy emp\u00e1ticos, pero es cierto que esto no es un chiste, sino una problem\u00e1tica que genera consecuencias graves en la poblaci\u00f3n escolar, los clubes y otros \u00e1mbitos\u00bb, expres\u00f3 el titular de Interior en un video publicado en sus redes y dedicado a los chicos y chicas en edad escolar.<\/p>\n\n\n\n<p>Wado de Pedro expres\u00f3 adem\u00e1s que el bullying \u00abes algo muy serio\u00bb, y a\u00f1adi\u00f3: \u00abpor eso quiero darles este mensaje, porque tenemos que construir una sociedad mejor y tenemos que romper el silencio. Si sos alguien que est\u00e1 sufriendo acoso, ten\u00e9s que hablar con tu pap\u00e1, con tu mam\u00e1, porque es la \u00fanica forma que entre todos y todas podamos contribuir a ser una sociedad m\u00e1s justa y m\u00e1s emp\u00e1tica\u00bb.<\/p>\n\n\n\n<p>En ese marco, el Ministro pidi\u00f3 no subestimar \u00abun problema que puede tener consecuencias graves\u00bb. Y cerr\u00f3 con una publicaci\u00f3n recordando su historia personal: \u00abse que es dif\u00edcil Yo lo viv\u00ed. No son solo chistes. Que el silencio no gane\u00bb.<\/p>\n","protected":false},"excerpt":{"rendered":"<p>El ministro del Interior, Wado de Pedro, pidi\u00f3 a los chicos y chicas que son v\u00edctimas de bullying, \u00abromper el &#8230; <a title=\"Wado de Pedro envi\u00f3 un mensaje a los chicos y chicas que sufren bullying: \u00abque el silencio no nos gane\u00bb\" class=\"read-more\" href=\"https:\/\/www.hoymercedes.com.ar\/principal\/2022\/05\/02\/wado-de-pedro-envio-un-mensaje-a-los-chicos-y-chicas-que-sufren-bullying-que-el-silencio-no-nos-gane\/\" aria-label=\"Leer m\u00e1s sobre Wado de Pedro envi\u00f3 un mensaje a los chicos y chicas que sufren bullying: \u00abque el silencio no nos gane\u00bb\">Leer m\u00e1s<\/a><\/p>\n","protected":false},"author":1,"featured_media":147462,"comment_status":"closed","ping_status":"open","sticky":false,"template":"","format":"standard","meta":{"_monsterinsights_skip_tracking":false,"_monsterinsights_sitenote_active":false,"_monsterinsights_sitenote_note":"","_monsterinsights_sitenote_category":0,"jetpack_post_was_ever_published":false,"_jetpack_newsletter_access":"","_jetpack_dont_email_post_to_subs":false,"_jetpack_newsletter_tier_id":0,"_jetpack_memberships_contains_paywalled_content":false,"_jetpack_memberships_contains_paid_content":false,"footnotes":"","jetpack_publicize_message":"","jetpack_publicize_feature_enabled":true,"jetpack_social_post_already_shared":true,"jetpack_social_options":{"image_generator_settings":{"template":"highway","default_image_id":0,"font":"","enabled":false},"version":2},"_wpas_customize_per_network":false},"categories":[8],"tags":[281],"class_list":["post-147461","post","type-post","status-publish","format-standard","has-post-thumbnail","hentry","category-sociedad","tag-wado-de-pedro","generate-columns","tablet-grid-50","mobile-grid-100","grid-parent","grid-50"],"jetpack_publicize_connections":[],"jetpack_featured_media_url":"https:\/\/www.hoymercedes.com.ar\/principal\/wp-content\/uploads\/2022\/05\/unnamed.jpg","wps_subtitle":"Sociedad e injusticias","jetpack_sharing_enabled":true,"_links":{"self":[{"href":"https:\/\/www.hoymercedes.com.ar\/principal\/wp-json\/wp\/v2\/posts\/147461","targetHints":{"allow":["GET"]}}],"collection":[{"href":"https:\/\/www.hoymercedes.com.ar\/principal\/wp-json\/wp\/v2\/posts"}],"about":[{"href":"https:\/\/www.hoymercedes.com.ar\/principal\/wp-json\/wp\/v2\/types\/post"}],"author":[{"embeddable":true,"href":"https:\/\/www.hoymercedes.com.ar\/principal\/wp-json\/wp\/v2\/users\/1"}],"replies":[{"embeddable":true,"href":"https:\/\/www.hoymercedes.com.ar\/principal\/wp-json\/wp\/v2\/comments?post=147461"}],"version-history":[{"count":0,"href":"https:\/\/www.hoymercedes.com.ar\/principal\/wp-json\/wp\/v2\/posts\/147461\/revisions"}],"wp:featuredmedia":[{"embeddable":true,"href":"https:\/\/www.hoymercedes.com.ar\/principal\/wp-json\/wp\/v2\/media\/147462"}],"wp:attachment":[{"href":"https:\/\/www.hoymercedes.com.ar\/principal\/wp-json\/wp\/v2\/media?parent=147461"}],"wp:term":[{"taxonomy":"category","embeddable":true,"href":"https:\/\/www.hoymercedes.com.ar\/principal\/wp-json\/wp\/v2\/categories?post=147461"},{"taxonomy":"post_tag","embeddable":true,"href":"https:\/\/www.hoymercedes.com.ar\/principal\/wp-json\/wp\/v2\/tags?post=147461"}],"curies":[{"name":"wp","href":"https:\/\/api.w.org\/{rel}","templated":true}]}}