{"id":147498,"date":"2022-05-03T15:27:00","date_gmt":"2022-05-03T18:27:00","guid":{"rendered":"https:\/\/www.hoymercedes.com.ar\/principal\/?p=147498"},"modified":"2022-05-03T19:44:18","modified_gmt":"2022-05-03T22:44:18","slug":"mechas-solidarias-se-expande-y-armo-taller-en-el-penal-de-san-martin","status":"publish","type":"post","link":"https:\/\/www.hoymercedes.com.ar\/principal\/2022\/05\/03\/mechas-solidarias-se-expande-y-armo-taller-en-el-penal-de-san-martin\/","title":{"rendered":"Mechas Solidarias se expande y arm\u00f3 taller en el penal de San Mart\u00edn"},"content":{"rendered":"\n<p>El programa Municipal \u201cMechas solidarias\u201d desarrolla en el Penal N\u00b047 de San Mart\u00edn, un taller para 10 mujeres. <\/p>\n\n\n\n<p>Sol P\u00e9rez, estilista de la ciudad y parte de este solidario programa cont\u00f3 \u201cuna interna que estaba en la Unidad N\u00b05 de nuestra ciudad, pudo ver que desde el programa y junto a otras internas est\u00e1bamos confeccionando pelucas, se interes\u00f3, pero cuando quiso inscribirse la trasladaron al Penal de San Mart\u00edn, donde ella le coment\u00f3 a los directivos, a quienes les encant\u00f3 la idea y se contactaron con nosotras y fuimos para all\u00e1\u201d.\u00a0\u00a0<\/p>\n\n\n\n<div class=\"wp-block-image\"><figure class=\"aligncenter size-full\"><img loading=\"lazy\" decoding=\"async\" width=\"768\" height=\"768\" data-attachment-id=\"147499\" data-permalink=\"https:\/\/www.hoymercedes.com.ar\/principal\/2022\/05\/03\/mechas-solidarias-se-expande-y-armo-taller-en-el-penal-de-san-martin\/mechas-solidarias-en-san-martin\/#main\" data-orig-file=\"https:\/\/www.hoymercedes.com.ar\/principal\/wp-content\/uploads\/2022\/05\/Mechas-Solidarias-en-San-Martin.jpg\" data-orig-size=\"768,768\" data-comments-opened=\"0\" data-image-meta=\"{&quot;aperture&quot;:&quot;0&quot;,&quot;credit&quot;:&quot;&quot;,&quot;camera&quot;:&quot;&quot;,&quot;caption&quot;:&quot;&quot;,&quot;created_timestamp&quot;:&quot;0&quot;,&quot;copyright&quot;:&quot;&quot;,&quot;focal_length&quot;:&quot;0&quot;,&quot;iso&quot;:&quot;0&quot;,&quot;shutter_speed&quot;:&quot;0&quot;,&quot;title&quot;:&quot;&quot;,&quot;orientation&quot;:&quot;0&quot;}\" data-image-title=\"Mechas Solidarias en San Mart\u00edn\" data-image-description=\"\" data-image-caption=\"\" data-large-file=\"https:\/\/www.hoymercedes.com.ar\/principal\/wp-content\/uploads\/2022\/05\/Mechas-Solidarias-en-San-Martin.jpg\" src=\"https:\/\/www.hoymercedes.com.ar\/principal\/wp-content\/uploads\/2022\/05\/Mechas-Solidarias-en-San-Martin.jpg\" alt=\"\" class=\"wp-image-147499\" srcset=\"https:\/\/www.hoymercedes.com.ar\/principal\/wp-content\/uploads\/2022\/05\/Mechas-Solidarias-en-San-Martin.jpg 768w, https:\/\/www.hoymercedes.com.ar\/principal\/wp-content\/uploads\/2022\/05\/Mechas-Solidarias-en-San-Martin-620x620.jpg 620w, https:\/\/www.hoymercedes.com.ar\/principal\/wp-content\/uploads\/2022\/05\/Mechas-Solidarias-en-San-Martin-150x150.jpg 150w\" sizes=\"auto, (max-width: 768px) 100vw, 768px\" \/><\/figure><\/div>\n\n\n\n<p>\u201cJunto a Maribel Rodr\u00edguez pudimos informar y dar detalles de la confecci\u00f3n, les acomodamos las m\u00e1quinas, donde ese mismo d\u00eda pudieron terminar una peluca\u201d destac\u00f3 P\u00e9rez y a\u00f1adi\u00f3 \u201cfue un taller con 10 chicas, un n\u00famero importante, la verdad que estamos muy felices\u201d.<\/p>\n\n\n\n<p>En este sentido, se\u00f1al\u00f3 \u201cla idea es poder ir una vez al mes a capacitarlas, ser tambi\u00e9n una forma de contenci\u00f3n y seguir trabajando\u201d y agreg\u00f3 \u201cya hace 5 a\u00f1os que estamos y siempre estamos pensando en m\u00e1s, esta nueva acci\u00f3n a m\u00ed me encanta, poder ense\u00f1ar otros valores a la gente que est\u00e1 ah\u00ed, y hacerles ver que ayudar est\u00e1 bueno, que te gratifica el alma y donde tratamos de dejar una ense\u00f1anza\u201d.<\/p>\n\n\n\n<p>\u201cHemos armado un grupo hermoso, que trabaja pensando en los dem\u00e1s, realmente estoy muy contenta\u201d afirm\u00f3 P\u00e9rez y agreg\u00f3 \u201cnosotros andamos pelucas a muchos puntos de nuestro pa\u00eds, como as\u00ed tambi\u00e9n a Chile, donde el objetivo es que cada lugar tenga su grupo que confecciones sus pelucas solidarias\u201d.<\/p>\n\n\n\n<p>Asimismo, Sol P\u00e9rez inform\u00f3 \u201cMechas Solidarias se encuentra de lunes a viernes de 8:00 a 12:00 en el Unzu\u00e9 sino pueden acercarse a mi sal\u00f3n de martes a s\u00e1bados de 10:00 a 19:00 (calle 18, 31 y 33)\u201d.\u00a0\u00a0 \u00a0\u00a0\u00a0\u00a0\u00a0<\/p>\n\n\n\n<p>Mechas Solidarias es un programa de confecci\u00f3n de pelucas y apoyo a personas que por distintos temas de salud pierden el pelo, generando un fuerte impacto emocional, psicol\u00f3gico y social, pero que una peluca ayuda a reducir. El valor de las mismas es muy elevado, por eso esta confecci\u00f3n, adem\u00e1s, tiene un fuerte impacto econ\u00f3mico para las familias.<\/p>\n\n\n\n<p>Fuente: Prensa Municipal<\/p>\n","protected":false},"excerpt":{"rendered":"<p>El programa Municipal \u201cMechas solidarias\u201d desarrolla en el Penal N\u00b047 de San Mart\u00edn, un taller para 10 mujeres. Sol P\u00e9rez, &#8230; <a title=\"Mechas Solidarias se expande y arm\u00f3 taller en el penal de San Mart\u00edn\" class=\"read-more\" href=\"https:\/\/www.hoymercedes.com.ar\/principal\/2022\/05\/03\/mechas-solidarias-se-expande-y-armo-taller-en-el-penal-de-san-martin\/\" aria-label=\"Leer m\u00e1s sobre Mechas Solidarias se expande y arm\u00f3 taller en el penal de San Mart\u00edn\">Leer m\u00e1s<\/a><\/p>\n","protected":false},"author":1,"featured_media":147499,"comment_status":"closed","ping_status":"open","sticky":false,"template":"","format":"standard","meta":{"_monsterinsights_skip_tracking":false,"_monsterinsights_sitenote_active":false,"_monsterinsights_sitenote_note":"","_monsterinsights_sitenote_category":0,"jetpack_post_was_ever_published":false,"_jetpack_newsletter_access":"","_jetpack_dont_email_post_to_subs":false,"_jetpack_newsletter_tier_id":0,"_jetpack_memberships_contains_paywalled_content":false,"_jetpack_memberships_contains_paid_content":false,"footnotes":"","jetpack_publicize_message":"","jetpack_publicize_feature_enabled":true,"jetpack_social_post_already_shared":true,"jetpack_social_options":{"image_generator_settings":{"template":"highway","default_image_id":0,"font":"","enabled":false},"version":2},"_wpas_customize_per_network":false},"categories":[8],"tags":[244],"class_list":["post-147498","post","type-post","status-publish","format-standard","has-post-thumbnail","hentry","category-sociedad","tag-municipio-2","generate-columns","tablet-grid-50","mobile-grid-100","grid-parent","grid-50"],"jetpack_publicize_connections":[],"jetpack_featured_media_url":"https:\/\/www.hoymercedes.com.ar\/principal\/wp-content\/uploads\/2022\/05\/Mechas-Solidarias-en-San-Martin.jpg","wps_subtitle":"","jetpack_sharing_enabled":true,"_links":{"self":[{"href":"https:\/\/www.hoymercedes.com.ar\/principal\/wp-json\/wp\/v2\/posts\/147498","targetHints":{"allow":["GET"]}}],"collection":[{"href":"https:\/\/www.hoymercedes.com.ar\/principal\/wp-json\/wp\/v2\/posts"}],"about":[{"href":"https:\/\/www.hoymercedes.com.ar\/principal\/wp-json\/wp\/v2\/types\/post"}],"author":[{"embeddable":true,"href":"https:\/\/www.hoymercedes.com.ar\/principal\/wp-json\/wp\/v2\/users\/1"}],"replies":[{"embeddable":true,"href":"https:\/\/www.hoymercedes.com.ar\/principal\/wp-json\/wp\/v2\/comments?post=147498"}],"version-history":[{"count":0,"href":"https:\/\/www.hoymercedes.com.ar\/principal\/wp-json\/wp\/v2\/posts\/147498\/revisions"}],"wp:featuredmedia":[{"embeddable":true,"href":"https:\/\/www.hoymercedes.com.ar\/principal\/wp-json\/wp\/v2\/media\/147499"}],"wp:attachment":[{"href":"https:\/\/www.hoymercedes.com.ar\/principal\/wp-json\/wp\/v2\/media?parent=147498"}],"wp:term":[{"taxonomy":"category","embeddable":true,"href":"https:\/\/www.hoymercedes.com.ar\/principal\/wp-json\/wp\/v2\/categories?post=147498"},{"taxonomy":"post_tag","embeddable":true,"href":"https:\/\/www.hoymercedes.com.ar\/principal\/wp-json\/wp\/v2\/tags?post=147498"}],"curies":[{"name":"wp","href":"https:\/\/api.w.org\/{rel}","templated":true}]}}