{"id":147514,"date":"2022-05-03T21:22:07","date_gmt":"2022-05-04T00:22:07","guid":{"rendered":"https:\/\/www.hoymercedes.com.ar\/principal\/?p=147514"},"modified":"2022-05-03T21:59:38","modified_gmt":"2022-05-04T00:59:38","slug":"camioneta-choca-autos-e-impacta-en-vivienda-a-metros-de-la-40-y-1","status":"publish","type":"post","link":"https:\/\/www.hoymercedes.com.ar\/principal\/2022\/05\/03\/camioneta-choca-autos-e-impacta-en-vivienda-a-metros-de-la-40-y-1\/","title":{"rendered":"Camioneta choca autos e impacta en vivienda a metros de la 40 y 1"},"content":{"rendered":"\n<p>Pasada el mediod\u00eda de este martes, un hombre mayor de edad que se habr\u00eda descompensado mientras manejaba una camioneta Ford perdi\u00f3 el control del veh\u00edculo. <\/p>\n\n\n\n<p>Lamentablemente, la camioneta impact\u00f3 con otros veh\u00edculos sobre avenida 40, frente al Colegio Santa Mar\u00eda, cruz\u00f3 el boulevard chocando una columna de luz, pas\u00f3 por la plaza de la salud y termin\u00f3 impactando en una vivienda ubicada detr\u00e1s de la plaza. <\/p>\n\n\n\n<div class=\"wp-block-image is-style-default\"><figure class=\"aligncenter size-full\"><img loading=\"lazy\" decoding=\"async\" width=\"800\" height=\"450\" data-attachment-id=\"147515\" data-permalink=\"https:\/\/www.hoymercedes.com.ar\/principal\/2022\/05\/03\/camioneta-choca-autos-e-impacta-en-vivienda-a-metros-de-la-40-y-1\/whatsapp-image-2022-05-03-at-3-57-40-pm-1\/#main\" data-orig-file=\"https:\/\/www.hoymercedes.com.ar\/principal\/wp-content\/uploads\/2022\/05\/WhatsApp-Image-2022-05-03-at-3.57.40-PM-1.jpeg\" data-orig-size=\"800,450\" data-comments-opened=\"0\" data-image-meta=\"{&quot;aperture&quot;:&quot;0&quot;,&quot;credit&quot;:&quot;&quot;,&quot;camera&quot;:&quot;&quot;,&quot;caption&quot;:&quot;&quot;,&quot;created_timestamp&quot;:&quot;0&quot;,&quot;copyright&quot;:&quot;&quot;,&quot;focal_length&quot;:&quot;0&quot;,&quot;iso&quot;:&quot;0&quot;,&quot;shutter_speed&quot;:&quot;0&quot;,&quot;title&quot;:&quot;&quot;,&quot;orientation&quot;:&quot;0&quot;}\" data-image-title=\"WhatsApp Image 2022-05-03 at 3.57.40 PM (1)\" data-image-description=\"\" data-image-caption=\"\" data-large-file=\"https:\/\/www.hoymercedes.com.ar\/principal\/wp-content\/uploads\/2022\/05\/WhatsApp-Image-2022-05-03-at-3.57.40-PM-1.jpeg\" src=\"https:\/\/www.hoymercedes.com.ar\/principal\/wp-content\/uploads\/2022\/05\/WhatsApp-Image-2022-05-03-at-3.57.40-PM-1.jpeg\" alt=\"\" class=\"wp-image-147515\" srcset=\"https:\/\/www.hoymercedes.com.ar\/principal\/wp-content\/uploads\/2022\/05\/WhatsApp-Image-2022-05-03-at-3.57.40-PM-1.jpeg 800w, https:\/\/www.hoymercedes.com.ar\/principal\/wp-content\/uploads\/2022\/05\/WhatsApp-Image-2022-05-03-at-3.57.40-PM-1-630x354.jpeg 630w, https:\/\/www.hoymercedes.com.ar\/principal\/wp-content\/uploads\/2022\/05\/WhatsApp-Image-2022-05-03-at-3.57.40-PM-1-150x84.jpeg 150w\" sizes=\"auto, (max-width: 800px) 100vw, 800px\" \/><\/figure><\/div>\n\n\n\n<p>Se supo que el hombre fue atendido por la ambulancia de SAME, no tuvo lesiones de gravedad, pero habr\u00eda tenido un episodio de epilepsia por lo cual se habr\u00eda producido el siniestro vial. <\/p>\n\n\n\n<figure class=\"wp-block-gallery has-nested-images columns-default is-cropped wp-block-gallery-1 is-layout-flex wp-block-gallery-is-layout-flex\">\n<figure class=\"wp-block-image size-large\"><img loading=\"lazy\" decoding=\"async\" width=\"800\" height=\"600\" data-attachment-id=\"147517\" data-permalink=\"https:\/\/www.hoymercedes.com.ar\/principal\/2022\/05\/03\/camioneta-choca-autos-e-impacta-en-vivienda-a-metros-de-la-40-y-1\/whatsapp-image-2022-05-03-at-3-57-40-pm\/#main\" data-orig-file=\"https:\/\/www.hoymercedes.com.ar\/principal\/wp-content\/uploads\/2022\/05\/WhatsApp-Image-2022-05-03-at-3.57.40-PM.jpeg\" data-orig-size=\"800,600\" data-comments-opened=\"0\" data-image-meta=\"{&quot;aperture&quot;:&quot;0&quot;,&quot;credit&quot;:&quot;&quot;,&quot;camera&quot;:&quot;&quot;,&quot;caption&quot;:&quot;&quot;,&quot;created_timestamp&quot;:&quot;0&quot;,&quot;copyright&quot;:&quot;&quot;,&quot;focal_length&quot;:&quot;0&quot;,&quot;iso&quot;:&quot;0&quot;,&quot;shutter_speed&quot;:&quot;0&quot;,&quot;title&quot;:&quot;&quot;,&quot;orientation&quot;:&quot;0&quot;}\" data-image-title=\"WhatsApp Image 2022-05-03 at 3.57.40 PM\" data-image-description=\"\" data-image-caption=\"\" data-large-file=\"https:\/\/www.hoymercedes.com.ar\/principal\/wp-content\/uploads\/2022\/05\/WhatsApp-Image-2022-05-03-at-3.57.40-PM.jpeg\" data-id=\"147517\" src=\"https:\/\/www.hoymercedes.com.ar\/principal\/wp-content\/uploads\/2022\/05\/WhatsApp-Image-2022-05-03-at-3.57.40-PM.jpeg\" alt=\"\" class=\"wp-image-147517\" srcset=\"https:\/\/www.hoymercedes.com.ar\/principal\/wp-content\/uploads\/2022\/05\/WhatsApp-Image-2022-05-03-at-3.57.40-PM.jpeg 800w, https:\/\/www.hoymercedes.com.ar\/principal\/wp-content\/uploads\/2022\/05\/WhatsApp-Image-2022-05-03-at-3.57.40-PM-630x473.jpeg 630w, https:\/\/www.hoymercedes.com.ar\/principal\/wp-content\/uploads\/2022\/05\/WhatsApp-Image-2022-05-03-at-3.57.40-PM-150x113.jpeg 150w\" sizes=\"auto, (max-width: 800px) 100vw, 800px\" \/><\/figure>\n\n\n\n<figure class=\"wp-block-image size-large\"><img loading=\"lazy\" decoding=\"async\" width=\"800\" height=\"600\" data-attachment-id=\"147516\" data-permalink=\"https:\/\/www.hoymercedes.com.ar\/principal\/2022\/05\/03\/camioneta-choca-autos-e-impacta-en-vivienda-a-metros-de-la-40-y-1\/whatsapp-image-2022-05-03-at-3-57-41-pm\/#main\" data-orig-file=\"https:\/\/www.hoymercedes.com.ar\/principal\/wp-content\/uploads\/2022\/05\/WhatsApp-Image-2022-05-03-at-3.57.41-PM.jpeg\" data-orig-size=\"800,600\" data-comments-opened=\"0\" data-image-meta=\"{&quot;aperture&quot;:&quot;0&quot;,&quot;credit&quot;:&quot;&quot;,&quot;camera&quot;:&quot;&quot;,&quot;caption&quot;:&quot;&quot;,&quot;created_timestamp&quot;:&quot;0&quot;,&quot;copyright&quot;:&quot;&quot;,&quot;focal_length&quot;:&quot;0&quot;,&quot;iso&quot;:&quot;0&quot;,&quot;shutter_speed&quot;:&quot;0&quot;,&quot;title&quot;:&quot;&quot;,&quot;orientation&quot;:&quot;0&quot;}\" data-image-title=\"WhatsApp Image 2022-05-03 at 3.57.41 PM\" data-image-description=\"\" data-image-caption=\"\" data-large-file=\"https:\/\/www.hoymercedes.com.ar\/principal\/wp-content\/uploads\/2022\/05\/WhatsApp-Image-2022-05-03-at-3.57.41-PM.jpeg\" data-id=\"147516\" src=\"https:\/\/www.hoymercedes.com.ar\/principal\/wp-content\/uploads\/2022\/05\/WhatsApp-Image-2022-05-03-at-3.57.41-PM.jpeg\" alt=\"\" class=\"wp-image-147516\" srcset=\"https:\/\/www.hoymercedes.com.ar\/principal\/wp-content\/uploads\/2022\/05\/WhatsApp-Image-2022-05-03-at-3.57.41-PM.jpeg 800w, https:\/\/www.hoymercedes.com.ar\/principal\/wp-content\/uploads\/2022\/05\/WhatsApp-Image-2022-05-03-at-3.57.41-PM-630x473.jpeg 630w, https:\/\/www.hoymercedes.com.ar\/principal\/wp-content\/uploads\/2022\/05\/WhatsApp-Image-2022-05-03-at-3.57.41-PM-150x113.jpeg 150w\" sizes=\"auto, (max-width: 800px) 100vw, 800px\" \/><\/figure>\n<\/figure>\n","protected":false},"excerpt":{"rendered":"<p>Pasada el mediod\u00eda de este martes, un hombre mayor de edad que se habr\u00eda descompensado mientras manejaba una camioneta Ford &#8230; <a title=\"Camioneta choca autos e impacta en vivienda a metros de la 40 y 1\" class=\"read-more\" href=\"https:\/\/www.hoymercedes.com.ar\/principal\/2022\/05\/03\/camioneta-choca-autos-e-impacta-en-vivienda-a-metros-de-la-40-y-1\/\" aria-label=\"Leer m\u00e1s sobre Camioneta choca autos e impacta en vivienda a metros de la 40 y 1\">Leer m\u00e1s<\/a><\/p>\n","protected":false},"author":1,"featured_media":147516,"comment_status":"closed","ping_status":"open","sticky":false,"template":"","format":"standard","meta":{"_monsterinsights_skip_tracking":false,"_monsterinsights_sitenote_active":false,"_monsterinsights_sitenote_note":"","_monsterinsights_sitenote_category":0,"jetpack_post_was_ever_published":false,"_jetpack_newsletter_access":"","_jetpack_dont_email_post_to_subs":false,"_jetpack_newsletter_tier_id":0,"_jetpack_memberships_contains_paywalled_content":false,"_jetpack_memberships_contains_paid_content":false,"footnotes":"","jetpack_publicize_message":"","jetpack_publicize_feature_enabled":true,"jetpack_social_post_already_shared":true,"jetpack_social_options":{"image_generator_settings":{"template":"highway","default_image_id":0,"font":"","enabled":false},"version":2},"_wpas_customize_per_network":false},"categories":[85],"tags":[],"class_list":["post-147514","post","type-post","status-publish","format-standard","has-post-thumbnail","hentry","category-policial","generate-columns","tablet-grid-50","mobile-grid-100","grid-parent","grid-50"],"jetpack_publicize_connections":[],"jetpack_featured_media_url":"https:\/\/www.hoymercedes.com.ar\/principal\/wp-content\/uploads\/2022\/05\/WhatsApp-Image-2022-05-03-at-3.57.41-PM.jpeg","wps_subtitle":"","jetpack_sharing_enabled":true,"_links":{"self":[{"href":"https:\/\/www.hoymercedes.com.ar\/principal\/wp-json\/wp\/v2\/posts\/147514","targetHints":{"allow":["GET"]}}],"collection":[{"href":"https:\/\/www.hoymercedes.com.ar\/principal\/wp-json\/wp\/v2\/posts"}],"about":[{"href":"https:\/\/www.hoymercedes.com.ar\/principal\/wp-json\/wp\/v2\/types\/post"}],"author":[{"embeddable":true,"href":"https:\/\/www.hoymercedes.com.ar\/principal\/wp-json\/wp\/v2\/users\/1"}],"replies":[{"embeddable":true,"href":"https:\/\/www.hoymercedes.com.ar\/principal\/wp-json\/wp\/v2\/comments?post=147514"}],"version-history":[{"count":0,"href":"https:\/\/www.hoymercedes.com.ar\/principal\/wp-json\/wp\/v2\/posts\/147514\/revisions"}],"wp:featuredmedia":[{"embeddable":true,"href":"https:\/\/www.hoymercedes.com.ar\/principal\/wp-json\/wp\/v2\/media\/147516"}],"wp:attachment":[{"href":"https:\/\/www.hoymercedes.com.ar\/principal\/wp-json\/wp\/v2\/media?parent=147514"}],"wp:term":[{"taxonomy":"category","embeddable":true,"href":"https:\/\/www.hoymercedes.com.ar\/principal\/wp-json\/wp\/v2\/categories?post=147514"},{"taxonomy":"post_tag","embeddable":true,"href":"https:\/\/www.hoymercedes.com.ar\/principal\/wp-json\/wp\/v2\/tags?post=147514"}],"curies":[{"name":"wp","href":"https:\/\/api.w.org\/{rel}","templated":true}]}}