{"id":147654,"date":"2022-05-06T22:28:00","date_gmt":"2022-05-07T01:28:00","guid":{"rendered":"https:\/\/www.hoymercedes.com.ar\/principal\/?p=147654"},"modified":"2022-05-07T10:37:31","modified_gmt":"2022-05-07T13:37:31","slug":"trabajan-en-los-baches-de-gowland-y-agote","status":"publish","type":"post","link":"https:\/\/www.hoymercedes.com.ar\/principal\/2022\/05\/06\/trabajan-en-los-baches-de-gowland-y-agote\/","title":{"rendered":"Trabajan en los baches de Gowland y Agote"},"content":{"rendered":"\n<p>El Municipio de Mercedes contin\u00faa con el Plan Integral de Bacheo en la ciudad, en esta oportunidad la maquinaria municipal se encuentra en la zona de Gowland y Agote. All\u00ed, estuvo el intendente Juan Ignacio Ustarroz recorriendo las obras que mejoran la transpirabilidad y seguridad vial de los vecinos. \u00a0<\/p>\n\n\n\n<figure class=\"wp-block-image size-full\"><img loading=\"lazy\" decoding=\"async\" width=\"922\" height=\"615\" data-attachment-id=\"147655\" data-permalink=\"https:\/\/www.hoymercedes.com.ar\/principal\/2022\/05\/06\/trabajan-en-los-baches-de-gowland-y-agote\/dsc01331\/#main\" data-orig-file=\"https:\/\/www.hoymercedes.com.ar\/principal\/wp-content\/uploads\/2022\/05\/DSC01331.jpg\" data-orig-size=\"922,615\" data-comments-opened=\"0\" data-image-meta=\"{&quot;aperture&quot;:&quot;0&quot;,&quot;credit&quot;:&quot;&quot;,&quot;camera&quot;:&quot;&quot;,&quot;caption&quot;:&quot;&quot;,&quot;created_timestamp&quot;:&quot;0&quot;,&quot;copyright&quot;:&quot;&quot;,&quot;focal_length&quot;:&quot;0&quot;,&quot;iso&quot;:&quot;0&quot;,&quot;shutter_speed&quot;:&quot;0&quot;,&quot;title&quot;:&quot;&quot;,&quot;orientation&quot;:&quot;0&quot;}\" data-image-title=\"DSC01331\" data-image-description=\"\" data-image-caption=\"\" data-large-file=\"https:\/\/www.hoymercedes.com.ar\/principal\/wp-content\/uploads\/2022\/05\/DSC01331.jpg\" src=\"https:\/\/www.hoymercedes.com.ar\/principal\/wp-content\/uploads\/2022\/05\/DSC01331.jpg\" alt=\"\" class=\"wp-image-147655\" srcset=\"https:\/\/www.hoymercedes.com.ar\/principal\/wp-content\/uploads\/2022\/05\/DSC01331.jpg 922w, https:\/\/www.hoymercedes.com.ar\/principal\/wp-content\/uploads\/2022\/05\/DSC01331-630x420.jpg 630w, https:\/\/www.hoymercedes.com.ar\/principal\/wp-content\/uploads\/2022\/05\/DSC01331-150x100.jpg 150w\" sizes=\"auto, (max-width: 922px) 100vw, 922px\" \/><\/figure>\n\n\n\n<p>En primer lugar, el intendente Ustarroz felicit\u00f3 \u201ca cada uno de los nuevos integrantes de esta nueva cuadrilla que ya trabaja en esta zona, en todo lo que es el tema de bacheo, veredas y distintas obras\u201d y agreg\u00f3 \u201ccreo que lo m\u00e1s importante es hacer crecer la delegaci\u00f3n de esta zona. Nosotros cuando tomamos conformar la delegaci\u00f3n de Gowland, tiene que ver con descentralizar recursos, con poder llegar m\u00e1s r\u00e1pida y eficientemente a los reclamos de los vecinos\u201d. &nbsp;<\/p>\n\n\n\n<p>En este sentido, Ustarroz indic\u00f3 \u201cpor suerte esta delegaci\u00f3n crece, hoy con una nueva cuadrilla que lo que va a hacer es bacheo, tiene mucho trabajo, como as\u00ed tambi\u00e9n el mantenimiento con todo lo que tiene que ver con la pavimentaci\u00f3n en toda esta zona\u201d y destac\u00f3 \u201cesta es una zona que ha crecido mucho, que tiene una comunidad muy unida, que se organiza muy bien y para nosotros es muy importante, siempre, la presencia del estado a trav\u00e9s de acciones concretas que tiendan a mejorar la calidad de vida de la gente\u201d. \u00a0<\/p>\n\n\n\n<p>\u201cEstos trabajos los hacemos con recursos propios, por lo que no tenemos que contratar una empresa, sino que se hacen a trav\u00e9s de una cuadrilla municipal, cuyos integrantes son vecinos de la zona\u201d remarc\u00f3 el intendente Ustarroz. &nbsp;<\/p>\n\n\n\n<p>Uno de los trabajadores que lleva adelante estos trabajos, cont\u00f3 \u201cesta cuadrilla se viene capacitando hace m\u00e1s o menos un a\u00f1o, y ahora ante algunos reclamos de los vecinos por bacheo es que arrancamos a trabajar\u201d y apunt\u00f3 \u201cHace 15 d\u00edas se arrancaron con estos trabajos, estamos agradecidos a los vecinos por la paciencia, a la Municipalidad de Mercedes y a la secretar\u00eda de Servicios P\u00fablicos por estar siempre atentos a los reclamos y necesidades y por aportar las herramientas y capacitaciones necesarias para poder llevar adelante estas labores\u201d. &nbsp;<\/p>\n\n\n\n<p>Por su parte los vecinos manifestaron \u201cnunca cre\u00edmos que esto pod\u00eda avanzar de la manera que est\u00e1 avanzando, no solamente por estos trabajos de bacheo, sino por todo lo que se est\u00e1 haciendo \u00faltimamente en la zona rural, arreglos de caminos, caminos nuevos, empedrado, desmalezamiento, muchas cosas\u201d y a\u00f1adi\u00f3 \u201cesto es gracias al gran trabajo del Municipio de Mercedes, al \u00e1rea de obras p\u00fablicas, a la delegaci\u00f3n y a los vecinos que apoyan los m\u00faltiples avances que hay tanto en Gowland como en Agote\u201d.\u00a0\u00a0\u00a0<\/p>\n\n\n\n<p>Por Prensa Municipal<\/p>\n","protected":false},"excerpt":{"rendered":"<p>El Municipio de Mercedes contin\u00faa con el Plan Integral de Bacheo en la ciudad, en esta oportunidad la maquinaria municipal &#8230; <a title=\"Trabajan en los baches de Gowland y Agote\" class=\"read-more\" href=\"https:\/\/www.hoymercedes.com.ar\/principal\/2022\/05\/06\/trabajan-en-los-baches-de-gowland-y-agote\/\" aria-label=\"Leer m\u00e1s sobre Trabajan en los baches de Gowland y Agote\">Leer m\u00e1s<\/a><\/p>\n","protected":false},"author":1,"featured_media":147655,"comment_status":"closed","ping_status":"open","sticky":false,"template":"","format":"standard","meta":{"_monsterinsights_skip_tracking":false,"_monsterinsights_sitenote_active":false,"_monsterinsights_sitenote_note":"","_monsterinsights_sitenote_category":0,"jetpack_post_was_ever_published":false,"_jetpack_newsletter_access":"","_jetpack_dont_email_post_to_subs":false,"_jetpack_newsletter_tier_id":0,"_jetpack_memberships_contains_paywalled_content":false,"_jetpack_memberships_contains_paid_content":false,"footnotes":"","jetpack_publicize_message":"","jetpack_publicize_feature_enabled":true,"jetpack_social_post_already_shared":true,"jetpack_social_options":{"image_generator_settings":{"template":"highway","default_image_id":0,"font":"","enabled":false},"version":2},"_wpas_customize_per_network":false},"categories":[30],"tags":[244],"class_list":["post-147654","post","type-post","status-publish","format-standard","has-post-thumbnail","hentry","category-municipio","tag-municipio-2","generate-columns","tablet-grid-50","mobile-grid-100","grid-parent","grid-50"],"jetpack_publicize_connections":[],"jetpack_featured_media_url":"https:\/\/www.hoymercedes.com.ar\/principal\/wp-content\/uploads\/2022\/05\/DSC01331.jpg","wps_subtitle":"","jetpack_sharing_enabled":true,"_links":{"self":[{"href":"https:\/\/www.hoymercedes.com.ar\/principal\/wp-json\/wp\/v2\/posts\/147654","targetHints":{"allow":["GET"]}}],"collection":[{"href":"https:\/\/www.hoymercedes.com.ar\/principal\/wp-json\/wp\/v2\/posts"}],"about":[{"href":"https:\/\/www.hoymercedes.com.ar\/principal\/wp-json\/wp\/v2\/types\/post"}],"author":[{"embeddable":true,"href":"https:\/\/www.hoymercedes.com.ar\/principal\/wp-json\/wp\/v2\/users\/1"}],"replies":[{"embeddable":true,"href":"https:\/\/www.hoymercedes.com.ar\/principal\/wp-json\/wp\/v2\/comments?post=147654"}],"version-history":[{"count":0,"href":"https:\/\/www.hoymercedes.com.ar\/principal\/wp-json\/wp\/v2\/posts\/147654\/revisions"}],"wp:featuredmedia":[{"embeddable":true,"href":"https:\/\/www.hoymercedes.com.ar\/principal\/wp-json\/wp\/v2\/media\/147655"}],"wp:attachment":[{"href":"https:\/\/www.hoymercedes.com.ar\/principal\/wp-json\/wp\/v2\/media?parent=147654"}],"wp:term":[{"taxonomy":"category","embeddable":true,"href":"https:\/\/www.hoymercedes.com.ar\/principal\/wp-json\/wp\/v2\/categories?post=147654"},{"taxonomy":"post_tag","embeddable":true,"href":"https:\/\/www.hoymercedes.com.ar\/principal\/wp-json\/wp\/v2\/tags?post=147654"}],"curies":[{"name":"wp","href":"https:\/\/api.w.org\/{rel}","templated":true}]}}