{"id":147664,"date":"2022-05-07T16:28:00","date_gmt":"2022-05-07T19:28:00","guid":{"rendered":"https:\/\/www.hoymercedes.com.ar\/principal\/?p=147664"},"modified":"2022-05-07T12:50:11","modified_gmt":"2022-05-07T15:50:11","slug":"produccion-municipal-continua-con-el-censo-productivo","status":"publish","type":"post","link":"https:\/\/www.hoymercedes.com.ar\/principal\/2022\/05\/07\/produccion-municipal-continua-con-el-censo-productivo\/","title":{"rendered":"Producci\u00f3n Municipal contin\u00faa con el Censo Productivo"},"content":{"rendered":"\n<p>Desde la Direcci\u00f3n de Producci\u00f3n del Municipio contin\u00faan con el censo productivo que brindar\u00e1 informaci\u00f3n sobre los sectores industriales, culturales, tur\u00edsticos, emprendedores, artesanos y de las m\u00faltiples unidades productivas del partido de Mercedes. <\/p>\n\n\n\n<div class=\"wp-block-image\"><figure class=\"aligncenter size-full\"><img loading=\"lazy\" decoding=\"async\" width=\"922\" height=\"615\" data-attachment-id=\"147670\" data-permalink=\"https:\/\/www.hoymercedes.com.ar\/principal\/2022\/05\/07\/produccion-municipal-continua-con-el-censo-productivo\/dsc_0057\/#main\" data-orig-file=\"https:\/\/www.hoymercedes.com.ar\/principal\/wp-content\/uploads\/2022\/05\/DSC_0057.jpg\" data-orig-size=\"922,615\" data-comments-opened=\"0\" data-image-meta=\"{&quot;aperture&quot;:&quot;0&quot;,&quot;credit&quot;:&quot;&quot;,&quot;camera&quot;:&quot;&quot;,&quot;caption&quot;:&quot;&quot;,&quot;created_timestamp&quot;:&quot;0&quot;,&quot;copyright&quot;:&quot;&quot;,&quot;focal_length&quot;:&quot;0&quot;,&quot;iso&quot;:&quot;0&quot;,&quot;shutter_speed&quot;:&quot;0&quot;,&quot;title&quot;:&quot;&quot;,&quot;orientation&quot;:&quot;0&quot;}\" data-image-title=\"DSC_0057\" data-image-description=\"\" data-image-caption=\"\" data-large-file=\"https:\/\/www.hoymercedes.com.ar\/principal\/wp-content\/uploads\/2022\/05\/DSC_0057.jpg\" src=\"https:\/\/www.hoymercedes.com.ar\/principal\/wp-content\/uploads\/2022\/05\/DSC_0057.jpg\" alt=\"\" class=\"wp-image-147670\" srcset=\"https:\/\/www.hoymercedes.com.ar\/principal\/wp-content\/uploads\/2022\/05\/DSC_0057.jpg 922w, https:\/\/www.hoymercedes.com.ar\/principal\/wp-content\/uploads\/2022\/05\/DSC_0057-630x420.jpg 630w, https:\/\/www.hoymercedes.com.ar\/principal\/wp-content\/uploads\/2022\/05\/DSC_0057-150x100.jpg 150w\" sizes=\"auto, (max-width: 922px) 100vw, 922px\" \/><\/figure><\/div>\n\n\n\n<p>Desde el \u00e1rea que conduce el Ingeniero Patricio Ballesty trabaja para obtener un resultado que permita obtener el perfil productivo de nuestra ciudad, totalmente actualizado, ya que hace muchos a\u00f1os se habla que la ciudad posee un perfil metal mec\u00e1nico, pero la realidad local fue cambiando y tomando otros rumbos con respecto a la producci\u00f3n. Es en ese sentido que deber\u00e1 trabajarse de forma ordenada en las diferentes medidas que tienen que ver con las necesidades de los productores. Del informe se prev\u00e9 acompa\u00f1ar en temas como las capacitaciones, asistencia t\u00e9cnica, financiera, de promoci\u00f3n, seg\u00fan qu\u00e9 requiera cada situaci\u00f3n en particular. &nbsp;<\/p>\n\n\n\n<p>Hasta el momento se han visitado m\u00e1s de 40 empresas que han abiertos sus puertas para esta forma de trabajo coordinando los esfuerzos del Estado y el sector Privado.&nbsp;<\/p>\n\n\n\n<p>Algunas de ellas son Agrale Argentina , Almacima, Blockera, Destiler\u00eda Dio Furbo, Clonaquim, Establec.fid.Mercedes,Fernandez Omar, Good Cream , Indemet , Valia, Internegocios , Intraud ,JP&nbsp;&nbsp;servicio t\u00e9cnico montajes industriales, JR&nbsp;&nbsp;Micromecanica, La placa Hern\u00e1n Obdulio, Piedra grande, Metal\u00fargica Lobato, Losinno Lucas, Mandaglio Jos\u00e9, Mecanizados La Regina, Merplac, 6600 cerveza de autor,Pura bio, Quimica JP , Real Cesar Alberto, La Parmesana,&nbsp;&nbsp;Agomar, Tecnovax, Venegoni&nbsp;&nbsp;Omar, Vitron biotecnolog\u00eda vegetal argentina s ,Metal sil ,El Tiz\u00f3n hotel de campo, Finca la Paquita, Gran Hotel Mercedes, Don Huberto,&nbsp;&nbsp;Antenor restaurante de campo, Corral\u00f3n San Jos\u00e9 ,Burgos Pedro, Gatica Marcelo, BM servicios industriales, entre otras, destacaron desde Producci\u00f3n. &nbsp;<\/p>\n\n\n\n<p>\u201cAgradecemos&nbsp;la predisposici\u00f3n y colaboraci\u00f3n del sector ya que es de suma importancia el trabajo articulado para poder seguir construyendo una ciudad unida, con proyecci\u00f3n y planificaci\u00f3n, tal como siempre nos insta el intendente Ustarroz\u201d, manifest\u00f3 el director del \u00e1rea, Patricio Ballesty.&nbsp;&nbsp;<\/p>\n\n\n\n<p>Por Prensa Municipal<\/p>\n","protected":false},"excerpt":{"rendered":"<p>Desde la Direcci\u00f3n de Producci\u00f3n del Municipio contin\u00faan con el censo productivo que brindar\u00e1 informaci\u00f3n sobre los sectores industriales, culturales, &#8230; <a title=\"Producci\u00f3n Municipal contin\u00faa con el Censo Productivo\" class=\"read-more\" href=\"https:\/\/www.hoymercedes.com.ar\/principal\/2022\/05\/07\/produccion-municipal-continua-con-el-censo-productivo\/\" aria-label=\"Leer m\u00e1s sobre Producci\u00f3n Municipal contin\u00faa con el Censo Productivo\">Leer m\u00e1s<\/a><\/p>\n","protected":false},"author":1,"featured_media":147670,"comment_status":"closed","ping_status":"open","sticky":false,"template":"","format":"standard","meta":{"_monsterinsights_skip_tracking":false,"_monsterinsights_sitenote_active":false,"_monsterinsights_sitenote_note":"","_monsterinsights_sitenote_category":0,"jetpack_post_was_ever_published":false,"_jetpack_newsletter_access":"","_jetpack_dont_email_post_to_subs":false,"_jetpack_newsletter_tier_id":0,"_jetpack_memberships_contains_paywalled_content":false,"_jetpack_memberships_contains_paid_content":false,"footnotes":"","jetpack_publicize_message":"","jetpack_publicize_feature_enabled":true,"jetpack_social_post_already_shared":true,"jetpack_social_options":{"image_generator_settings":{"template":"highway","default_image_id":0,"font":"","enabled":false},"version":2},"_wpas_customize_per_network":false},"categories":[30],"tags":[244],"class_list":["post-147664","post","type-post","status-publish","format-standard","has-post-thumbnail","hentry","category-municipio","tag-municipio-2","generate-columns","tablet-grid-50","mobile-grid-100","grid-parent","grid-50"],"jetpack_publicize_connections":[],"jetpack_featured_media_url":"https:\/\/www.hoymercedes.com.ar\/principal\/wp-content\/uploads\/2022\/05\/DSC_0057.jpg","wps_subtitle":"","jetpack_sharing_enabled":true,"_links":{"self":[{"href":"https:\/\/www.hoymercedes.com.ar\/principal\/wp-json\/wp\/v2\/posts\/147664","targetHints":{"allow":["GET"]}}],"collection":[{"href":"https:\/\/www.hoymercedes.com.ar\/principal\/wp-json\/wp\/v2\/posts"}],"about":[{"href":"https:\/\/www.hoymercedes.com.ar\/principal\/wp-json\/wp\/v2\/types\/post"}],"author":[{"embeddable":true,"href":"https:\/\/www.hoymercedes.com.ar\/principal\/wp-json\/wp\/v2\/users\/1"}],"replies":[{"embeddable":true,"href":"https:\/\/www.hoymercedes.com.ar\/principal\/wp-json\/wp\/v2\/comments?post=147664"}],"version-history":[{"count":0,"href":"https:\/\/www.hoymercedes.com.ar\/principal\/wp-json\/wp\/v2\/posts\/147664\/revisions"}],"wp:featuredmedia":[{"embeddable":true,"href":"https:\/\/www.hoymercedes.com.ar\/principal\/wp-json\/wp\/v2\/media\/147670"}],"wp:attachment":[{"href":"https:\/\/www.hoymercedes.com.ar\/principal\/wp-json\/wp\/v2\/media?parent=147664"}],"wp:term":[{"taxonomy":"category","embeddable":true,"href":"https:\/\/www.hoymercedes.com.ar\/principal\/wp-json\/wp\/v2\/categories?post=147664"},{"taxonomy":"post_tag","embeddable":true,"href":"https:\/\/www.hoymercedes.com.ar\/principal\/wp-json\/wp\/v2\/tags?post=147664"}],"curies":[{"name":"wp","href":"https:\/\/api.w.org\/{rel}","templated":true}]}}