{"id":14768,"date":"2012-07-26T11:55:15","date_gmt":"2012-07-26T11:55:15","guid":{"rendered":"http:\/\/www.hoymercedes.com.ar\/principal\/?p=14768"},"modified":"2012-07-26T11:57:26","modified_gmt":"2012-07-26T11:57:26","slug":"mic-propone-abrir-calle-29-e-110-y-112","status":"publish","type":"post","link":"https:\/\/www.hoymercedes.com.ar\/principal\/2012\/07\/26\/mic-propone-abrir-calle-29-e-110-y-112\/","title":{"rendered":"MIC propone abrir calle 29 e\/ 110 y 112"},"content":{"rendered":"<p>Desde el bloque del MIC Mercedes solicitan la apertura de la calle \u00a029 entre 110 y 112 en el barrio Villa Industrial Oeste. La propuesta fue girada al \u00e1mbito del Concejo Deliberante por su representante en dicho Cuerpo, el Concejal Jos\u00e9 Cestari.<\/p>\n<p>Entre los considerando que sirven para justificar la solicitud dice el proyecto: \u00bb<\/p>\n<p>&#8211; Que actualmente existe una senda extraoficial en la prolongaci\u00f3n de la calle 29 entre calles 112 y 110.<\/p>\n<p>&#8211; Que es transitada por los vecinos del Barrio Villa Industrial Este y carece de normas de seguridad vial y ciudadana b\u00e1sicas.<\/p>\n<p>&#8211; Que no tiene luminarias, lo que aumenta la probabilidad de hechos delictivos por la noche.<\/p>\n<p>&#8211; Que ser\u00eda una v\u00eda de comunicaci\u00f3n alternativa para acortar distancias y muy \u00fatil para los vecinos del Barrio Villa Industrial Este.<\/p>\n<p>La presentaci\u00f3n de tres art\u00edtulos manifiesta en el primero de ellos: \u00abEl HCD se dirige al DE para que a trav\u00e9s del \u00e1rea correspondiente proceda a informar sobre la factibilidad de realizar la apertura de la calle 29 entre 112 y 110, acondicion\u00e1ndola para su tr\u00e1nsito, efectuando el zanjeo correspondiente, permitiendo el espacio para vereda peatonal, proveerla de iluminaci\u00f3n, etc. \u00ab<\/p>\n","protected":false},"excerpt":{"rendered":"<p>Desde el bloque del MIC Mercedes solicitan la apertura de la calle \u00a029 entre 110 y 112 en el barrio &#8230; <a title=\"MIC propone abrir calle 29 e\/ 110 y 112\" class=\"read-more\" href=\"https:\/\/www.hoymercedes.com.ar\/principal\/2012\/07\/26\/mic-propone-abrir-calle-29-e-110-y-112\/\" aria-label=\"Leer m\u00e1s sobre MIC propone abrir calle 29 e\/ 110 y 112\">Leer m\u00e1s<\/a><\/p>\n","protected":false},"author":1,"featured_media":0,"comment_status":"open","ping_status":"open","sticky":false,"template":"","format":"standard","meta":{"_monsterinsights_skip_tracking":false,"_monsterinsights_sitenote_active":false,"_monsterinsights_sitenote_note":"","_monsterinsights_sitenote_category":0,"jetpack_post_was_ever_published":false,"_jetpack_newsletter_access":"","_jetpack_dont_email_post_to_subs":false,"_jetpack_newsletter_tier_id":0,"_jetpack_memberships_contains_paywalled_content":false,"_jetpack_memberships_contains_paid_content":false,"footnotes":"","jetpack_publicize_message":"","jetpack_publicize_feature_enabled":true,"jetpack_social_post_already_shared":false,"jetpack_social_options":{"image_generator_settings":{"template":"highway","default_image_id":0,"font":"","enabled":false},"version":2},"_wpas_customize_per_network":false},"categories":[5],"tags":[321,10],"class_list":["post-14768","post","type-post","status-publish","format-standard","hentry","category-politica","tag-jose-cestari","tag-mercedes","generate-columns","tablet-grid-50","mobile-grid-100","grid-parent","grid-50"],"jetpack_publicize_connections":[],"jetpack_featured_media_url":"","wps_subtitle":"","jetpack_sharing_enabled":true,"_links":{"self":[{"href":"https:\/\/www.hoymercedes.com.ar\/principal\/wp-json\/wp\/v2\/posts\/14768","targetHints":{"allow":["GET"]}}],"collection":[{"href":"https:\/\/www.hoymercedes.com.ar\/principal\/wp-json\/wp\/v2\/posts"}],"about":[{"href":"https:\/\/www.hoymercedes.com.ar\/principal\/wp-json\/wp\/v2\/types\/post"}],"author":[{"embeddable":true,"href":"https:\/\/www.hoymercedes.com.ar\/principal\/wp-json\/wp\/v2\/users\/1"}],"replies":[{"embeddable":true,"href":"https:\/\/www.hoymercedes.com.ar\/principal\/wp-json\/wp\/v2\/comments?post=14768"}],"version-history":[{"count":0,"href":"https:\/\/www.hoymercedes.com.ar\/principal\/wp-json\/wp\/v2\/posts\/14768\/revisions"}],"wp:attachment":[{"href":"https:\/\/www.hoymercedes.com.ar\/principal\/wp-json\/wp\/v2\/media?parent=14768"}],"wp:term":[{"taxonomy":"category","embeddable":true,"href":"https:\/\/www.hoymercedes.com.ar\/principal\/wp-json\/wp\/v2\/categories?post=14768"},{"taxonomy":"post_tag","embeddable":true,"href":"https:\/\/www.hoymercedes.com.ar\/principal\/wp-json\/wp\/v2\/tags?post=14768"}],"curies":[{"name":"wp","href":"https:\/\/api.w.org\/{rel}","templated":true}]}}