{"id":147762,"date":"2022-05-09T17:00:00","date_gmt":"2022-05-09T20:00:00","guid":{"rendered":"https:\/\/www.hoymercedes.com.ar\/principal\/?p=147762"},"modified":"2022-05-09T16:54:36","modified_gmt":"2022-05-09T19:54:36","slug":"roban-en-la-escuela-primaria-n-26-provincia-de-chaco","status":"publish","type":"post","link":"https:\/\/www.hoymercedes.com.ar\/principal\/2022\/05\/09\/roban-en-la-escuela-primaria-n-26-provincia-de-chaco\/","title":{"rendered":"Roban en la Escuela Primaria N\u00b0 26 \u00abProvincia de Chaco\u00bb"},"content":{"rendered":"\n<p>En la zona rural, la Escuela Primaria N\u00b0 26 y el Jard\u00edn de Matr\u00edcula M\u00ednima N\u00b0 6, fueron v\u00edctimas de un hecho delictivo. Robaron y destrozaron algunos elementos de la instituci\u00f3n educativa. <\/p>\n\n\n\n<p>Cuando llegaron a la escuelas directivos y los auxiliares en la ma\u00f1ana de este lunes se encontraron con destrozos en el interior y el faltanto de materiales educativos con los que estudian los alumnos del nivel. <\/p>\n\n\n\n<p>Se le dio intervenci\u00f3n a la Patrulla Rural que inici\u00f3 las investigaciones que continuaron los agentes de la Polic\u00eda Cient\u00edfica. <\/p>\n\n\n\n<p>Trascendi\u00f3 que faltar\u00eda el equipamiento de inform\u00e1tica (computadoras, micr\u00f3fonos, parlantes) y \u00fatiles necesarios para las clases. <\/p>\n\n\n\n<p>Una de las madres inform\u00f3 que solicitaron una reuni\u00f3n para el viernes a la ma\u00f1ana, en donde asistir\u00edan autoridades municipales, de seguridad y educaci\u00f3n. <\/p>\n","protected":false},"excerpt":{"rendered":"<p>En la zona rural, la Escuela Primaria N\u00b0 26 y el Jard\u00edn de Matr\u00edcula M\u00ednima N\u00b0 6, fueron v\u00edctimas de &#8230; <a title=\"Roban en la Escuela Primaria N\u00b0 26 \u00abProvincia de Chaco\u00bb\" class=\"read-more\" href=\"https:\/\/www.hoymercedes.com.ar\/principal\/2022\/05\/09\/roban-en-la-escuela-primaria-n-26-provincia-de-chaco\/\" aria-label=\"Leer m\u00e1s sobre Roban en la Escuela Primaria N\u00b0 26 \u00abProvincia de Chaco\u00bb\">Leer m\u00e1s<\/a><\/p>\n","protected":false},"author":1,"featured_media":147763,"comment_status":"closed","ping_status":"open","sticky":false,"template":"","format":"standard","meta":{"_monsterinsights_skip_tracking":false,"_monsterinsights_sitenote_active":false,"_monsterinsights_sitenote_note":"","_monsterinsights_sitenote_category":0,"jetpack_post_was_ever_published":false,"_jetpack_newsletter_access":"","_jetpack_dont_email_post_to_subs":false,"_jetpack_newsletter_tier_id":0,"_jetpack_memberships_contains_paywalled_content":false,"_jetpack_memberships_contains_paid_content":false,"footnotes":"","jetpack_publicize_message":"","jetpack_publicize_feature_enabled":true,"jetpack_social_post_already_shared":true,"jetpack_social_options":{"image_generator_settings":{"template":"highway","default_image_id":0,"font":"","enabled":false},"version":2},"_wpas_customize_per_network":false},"categories":[85],"tags":[],"class_list":["post-147762","post","type-post","status-publish","format-standard","has-post-thumbnail","hentry","category-policial","generate-columns","tablet-grid-50","mobile-grid-100","grid-parent","grid-50"],"jetpack_publicize_connections":[],"jetpack_featured_media_url":"https:\/\/www.hoymercedes.com.ar\/principal\/wp-content\/uploads\/2022\/05\/escuela-26-chaco.jpg","wps_subtitle":"","jetpack_sharing_enabled":true,"_links":{"self":[{"href":"https:\/\/www.hoymercedes.com.ar\/principal\/wp-json\/wp\/v2\/posts\/147762","targetHints":{"allow":["GET"]}}],"collection":[{"href":"https:\/\/www.hoymercedes.com.ar\/principal\/wp-json\/wp\/v2\/posts"}],"about":[{"href":"https:\/\/www.hoymercedes.com.ar\/principal\/wp-json\/wp\/v2\/types\/post"}],"author":[{"embeddable":true,"href":"https:\/\/www.hoymercedes.com.ar\/principal\/wp-json\/wp\/v2\/users\/1"}],"replies":[{"embeddable":true,"href":"https:\/\/www.hoymercedes.com.ar\/principal\/wp-json\/wp\/v2\/comments?post=147762"}],"version-history":[{"count":0,"href":"https:\/\/www.hoymercedes.com.ar\/principal\/wp-json\/wp\/v2\/posts\/147762\/revisions"}],"wp:featuredmedia":[{"embeddable":true,"href":"https:\/\/www.hoymercedes.com.ar\/principal\/wp-json\/wp\/v2\/media\/147763"}],"wp:attachment":[{"href":"https:\/\/www.hoymercedes.com.ar\/principal\/wp-json\/wp\/v2\/media?parent=147762"}],"wp:term":[{"taxonomy":"category","embeddable":true,"href":"https:\/\/www.hoymercedes.com.ar\/principal\/wp-json\/wp\/v2\/categories?post=147762"},{"taxonomy":"post_tag","embeddable":true,"href":"https:\/\/www.hoymercedes.com.ar\/principal\/wp-json\/wp\/v2\/tags?post=147762"}],"curies":[{"name":"wp","href":"https:\/\/api.w.org\/{rel}","templated":true}]}}