{"id":147811,"date":"2022-05-10T22:13:00","date_gmt":"2022-05-11T01:13:00","guid":{"rendered":"https:\/\/www.hoymercedes.com.ar\/principal\/?p=147811"},"modified":"2022-05-10T21:14:44","modified_gmt":"2022-05-11T00:14:44","slug":"patrulla-rural-detiene-a-hombre-que-era-buscado","status":"publish","type":"post","link":"https:\/\/www.hoymercedes.com.ar\/principal\/2022\/05\/10\/patrulla-rural-detiene-a-hombre-que-era-buscado\/","title":{"rendered":"Patrulla Rural detiene a hombre que era buscado"},"content":{"rendered":"\n<p>La Patrulla Rural logr\u00f3 la detenci\u00f3n de un hombre de 66 a\u00f1os de edad que ten\u00eda pedido de captura judicial activo.<\/p>\n\n\n\n<p>El mencionado se movilizaba en la zona rural. All\u00ed la acci\u00f3n cotidiana de prevenci\u00f3n y control y sumar 27 nuevos efectivos dando mayor presencia y cobertura logr\u00f3 divisar al masculino a quien frenaron su marcha.<\/p>\n\n\n\n<p>Los polic\u00edas hicieron el control de rigor ante base de datos interna y detectan tenia pedido activo de detenci\u00f3n desde 2007 a instancias de la U.F.I N\u00b02 del Departamento Judicial Mercedes.<\/p>\n","protected":false},"excerpt":{"rendered":"<p>La Patrulla Rural logr\u00f3 la detenci\u00f3n de un hombre de 66 a\u00f1os de edad que ten\u00eda pedido de captura judicial &#8230; <a title=\"Patrulla Rural detiene a hombre que era buscado\" class=\"read-more\" href=\"https:\/\/www.hoymercedes.com.ar\/principal\/2022\/05\/10\/patrulla-rural-detiene-a-hombre-que-era-buscado\/\" aria-label=\"Leer m\u00e1s sobre Patrulla Rural detiene a hombre que era buscado\">Leer m\u00e1s<\/a><\/p>\n","protected":false},"author":1,"featured_media":127334,"comment_status":"closed","ping_status":"open","sticky":false,"template":"","format":"standard","meta":{"_monsterinsights_skip_tracking":false,"_monsterinsights_sitenote_active":false,"_monsterinsights_sitenote_note":"","_monsterinsights_sitenote_category":0,"jetpack_post_was_ever_published":false,"_jetpack_newsletter_access":"","_jetpack_dont_email_post_to_subs":false,"_jetpack_newsletter_tier_id":0,"_jetpack_memberships_contains_paywalled_content":false,"_jetpack_memberships_contains_paid_content":false,"footnotes":"","jetpack_publicize_message":"","jetpack_publicize_feature_enabled":true,"jetpack_social_post_already_shared":true,"jetpack_social_options":{"image_generator_settings":{"template":"highway","default_image_id":0,"font":"","enabled":false},"version":2},"_wpas_customize_per_network":false},"categories":[85],"tags":[],"class_list":["post-147811","post","type-post","status-publish","format-standard","has-post-thumbnail","hentry","category-policial","generate-columns","tablet-grid-50","mobile-grid-100","grid-parent","grid-50"],"jetpack_publicize_connections":[],"jetpack_featured_media_url":"https:\/\/www.hoymercedes.com.ar\/principal\/wp-content\/uploads\/2021\/04\/Policia-Giles.jpg","wps_subtitle":"","jetpack_sharing_enabled":true,"_links":{"self":[{"href":"https:\/\/www.hoymercedes.com.ar\/principal\/wp-json\/wp\/v2\/posts\/147811","targetHints":{"allow":["GET"]}}],"collection":[{"href":"https:\/\/www.hoymercedes.com.ar\/principal\/wp-json\/wp\/v2\/posts"}],"about":[{"href":"https:\/\/www.hoymercedes.com.ar\/principal\/wp-json\/wp\/v2\/types\/post"}],"author":[{"embeddable":true,"href":"https:\/\/www.hoymercedes.com.ar\/principal\/wp-json\/wp\/v2\/users\/1"}],"replies":[{"embeddable":true,"href":"https:\/\/www.hoymercedes.com.ar\/principal\/wp-json\/wp\/v2\/comments?post=147811"}],"version-history":[{"count":0,"href":"https:\/\/www.hoymercedes.com.ar\/principal\/wp-json\/wp\/v2\/posts\/147811\/revisions"}],"wp:featuredmedia":[{"embeddable":true,"href":"https:\/\/www.hoymercedes.com.ar\/principal\/wp-json\/wp\/v2\/media\/127334"}],"wp:attachment":[{"href":"https:\/\/www.hoymercedes.com.ar\/principal\/wp-json\/wp\/v2\/media?parent=147811"}],"wp:term":[{"taxonomy":"category","embeddable":true,"href":"https:\/\/www.hoymercedes.com.ar\/principal\/wp-json\/wp\/v2\/categories?post=147811"},{"taxonomy":"post_tag","embeddable":true,"href":"https:\/\/www.hoymercedes.com.ar\/principal\/wp-json\/wp\/v2\/tags?post=147811"}],"curies":[{"name":"wp","href":"https:\/\/api.w.org\/{rel}","templated":true}]}}