{"id":147842,"date":"2022-05-11T14:40:50","date_gmt":"2022-05-11T17:40:50","guid":{"rendered":"https:\/\/www.hoymercedes.com.ar\/principal\/?p=147842"},"modified":"2022-05-11T14:40:57","modified_gmt":"2022-05-11T17:40:57","slug":"vuelve-mercado-en-tu-barrio-a-la-trocha","status":"publish","type":"post","link":"https:\/\/www.hoymercedes.com.ar\/principal\/2022\/05\/11\/vuelve-mercado-en-tu-barrio-a-la-trocha\/","title":{"rendered":"Vuelve \u201cMercado en tu barrio\u201d a La Trocha"},"content":{"rendered":"\n<p>El pr\u00f3ximo jueves 12 de mayo estar\u00e1 el Mercado en tu barrio en la ex estaci\u00f3n de trenes Trocha. Desde la hora 9, se podr\u00e1 adquirir productos de la canasta b\u00e1sica a precios aprovechables. Los productos se vender\u00e1n hasta agotar stock. Estar\u00e1, tambi\u00e9n, la oficina m\u00f3vil de Defensa al Consumidor para realizar tr\u00e1mites. <\/p>\n\n\n\n<p>Eugenia C\u00f3dega, quien est\u00e1 al frente del \u00e1rea municipal Defensa del Consumidor se\u00f1al\u00f3 \u201ces un mercado ambulante que recorre diferentes ciudades con todo lo que es carnes, l\u00e1cteos, pastas, verduras, a precios populares y que estar\u00e1 en Mercedes, en cuanto a la verdura, pudimos sumar a la Uni\u00f3n de Trabajadores de la Tierra (UTT)\u201d y destac\u00f3 \u201cla importancia de poder desarrollar estos programas en este contexto econ\u00f3mico complejo\u201d. &nbsp;<\/p>\n","protected":false},"excerpt":{"rendered":"<p>El pr\u00f3ximo jueves 12 de mayo estar\u00e1 el Mercado en tu barrio en la ex estaci\u00f3n de trenes Trocha. Desde &#8230; <a title=\"Vuelve \u201cMercado en tu barrio\u201d a La Trocha\" class=\"read-more\" href=\"https:\/\/www.hoymercedes.com.ar\/principal\/2022\/05\/11\/vuelve-mercado-en-tu-barrio-a-la-trocha\/\" aria-label=\"Leer m\u00e1s sobre Vuelve \u201cMercado en tu barrio\u201d a La Trocha\">Leer m\u00e1s<\/a><\/p>\n","protected":false},"author":1,"featured_media":147843,"comment_status":"closed","ping_status":"open","sticky":false,"template":"","format":"standard","meta":{"_monsterinsights_skip_tracking":false,"_monsterinsights_sitenote_active":false,"_monsterinsights_sitenote_note":"","_monsterinsights_sitenote_category":0,"jetpack_post_was_ever_published":false,"_jetpack_newsletter_access":"","_jetpack_dont_email_post_to_subs":false,"_jetpack_newsletter_tier_id":0,"_jetpack_memberships_contains_paywalled_content":false,"_jetpack_memberships_contains_paid_content":false,"footnotes":"","jetpack_publicize_message":"","jetpack_publicize_feature_enabled":true,"jetpack_social_post_already_shared":true,"jetpack_social_options":{"image_generator_settings":{"template":"highway","default_image_id":0,"font":"","enabled":false},"version":2},"_wpas_customize_per_network":false},"categories":[30],"tags":[244],"class_list":["post-147842","post","type-post","status-publish","format-standard","has-post-thumbnail","hentry","category-municipio","tag-municipio-2","generate-columns","tablet-grid-50","mobile-grid-100","grid-parent","grid-50"],"jetpack_publicize_connections":[],"jetpack_featured_media_url":"https:\/\/www.hoymercedes.com.ar\/principal\/wp-content\/uploads\/2022\/05\/DSC05649.jpg","wps_subtitle":"","jetpack_sharing_enabled":true,"_links":{"self":[{"href":"https:\/\/www.hoymercedes.com.ar\/principal\/wp-json\/wp\/v2\/posts\/147842","targetHints":{"allow":["GET"]}}],"collection":[{"href":"https:\/\/www.hoymercedes.com.ar\/principal\/wp-json\/wp\/v2\/posts"}],"about":[{"href":"https:\/\/www.hoymercedes.com.ar\/principal\/wp-json\/wp\/v2\/types\/post"}],"author":[{"embeddable":true,"href":"https:\/\/www.hoymercedes.com.ar\/principal\/wp-json\/wp\/v2\/users\/1"}],"replies":[{"embeddable":true,"href":"https:\/\/www.hoymercedes.com.ar\/principal\/wp-json\/wp\/v2\/comments?post=147842"}],"version-history":[{"count":0,"href":"https:\/\/www.hoymercedes.com.ar\/principal\/wp-json\/wp\/v2\/posts\/147842\/revisions"}],"wp:featuredmedia":[{"embeddable":true,"href":"https:\/\/www.hoymercedes.com.ar\/principal\/wp-json\/wp\/v2\/media\/147843"}],"wp:attachment":[{"href":"https:\/\/www.hoymercedes.com.ar\/principal\/wp-json\/wp\/v2\/media?parent=147842"}],"wp:term":[{"taxonomy":"category","embeddable":true,"href":"https:\/\/www.hoymercedes.com.ar\/principal\/wp-json\/wp\/v2\/categories?post=147842"},{"taxonomy":"post_tag","embeddable":true,"href":"https:\/\/www.hoymercedes.com.ar\/principal\/wp-json\/wp\/v2\/tags?post=147842"}],"curies":[{"name":"wp","href":"https:\/\/api.w.org\/{rel}","templated":true}]}}