{"id":147870,"date":"2022-05-12T12:38:37","date_gmt":"2022-05-12T15:38:37","guid":{"rendered":"https:\/\/www.hoymercedes.com.ar\/principal\/?p=147870"},"modified":"2022-05-12T12:38:41","modified_gmt":"2022-05-12T15:38:41","slug":"estacion-juego-vuelva-a-abrir-este-fin-de-semana","status":"publish","type":"post","link":"https:\/\/www.hoymercedes.com.ar\/principal\/2022\/05\/12\/estacion-juego-vuelva-a-abrir-este-fin-de-semana\/","title":{"rendered":"Estaci\u00f3n Juego vuelva a abrir este fin de semana"},"content":{"rendered":"\n<p>Este s\u00e1bado regresa \u201cEstaci\u00f3n Juego\u201d en el Centro Cultural La Trocha. El espacio de entretenimiento y educaci\u00f3n destinado a los m\u00e1s peque\u00f1os estar\u00e1 abierto de 15 a 18 horas. Adem\u00e1s, se contar\u00e1 con la participaci\u00f3n de \u201cTerritorio Joven\u201d con \u201cFutbol por los derechos\u201d. <\/p>\n\n\n\n<p>\u201cEstaci\u00f3n Juego es un espacio pensado y dise\u00f1ado para las infancias. Con proyecci\u00f3n educativa, recreativa, l\u00fadica, donde se cubren muchos aspectos de los procesos de ense\u00f1anza \u2013 aprendizaje y de socializaci\u00f3n\u201d manifest\u00f3 Gabriela Olivella, directora de ni\u00f1ez y adolescencia. \u00a0<\/p>\n\n\n\n<p>Por otra parte, la intenci\u00f3n del \u00e1rea municipal es que las escuelas, jardines, instituciones, puedan gestionar las visitas para los d\u00edas viernes, tanto en turno ma\u00f1ana como en el tarde, en horario escolar. Se pueden solicitar los turnos a trav\u00e9s de las redes sociales o v\u00eda whatsapp al 2324-312556.\u00a0<\/p>\n","protected":false},"excerpt":{"rendered":"<p>Este s\u00e1bado regresa \u201cEstaci\u00f3n Juego\u201d en el Centro Cultural La Trocha. El espacio de entretenimiento y educaci\u00f3n destinado a los &#8230; <a title=\"Estaci\u00f3n Juego vuelva a abrir este fin de semana\" class=\"read-more\" href=\"https:\/\/www.hoymercedes.com.ar\/principal\/2022\/05\/12\/estacion-juego-vuelva-a-abrir-este-fin-de-semana\/\" aria-label=\"Leer m\u00e1s sobre Estaci\u00f3n Juego vuelva a abrir este fin de semana\">Leer m\u00e1s<\/a><\/p>\n","protected":false},"author":1,"featured_media":101573,"comment_status":"closed","ping_status":"open","sticky":false,"template":"","format":"standard","meta":{"_monsterinsights_skip_tracking":false,"_monsterinsights_sitenote_active":false,"_monsterinsights_sitenote_note":"","_monsterinsights_sitenote_category":0,"jetpack_post_was_ever_published":false,"_jetpack_newsletter_access":"","_jetpack_dont_email_post_to_subs":false,"_jetpack_newsletter_tier_id":0,"_jetpack_memberships_contains_paywalled_content":false,"_jetpack_memberships_contains_paid_content":false,"footnotes":"","jetpack_publicize_message":"","jetpack_publicize_feature_enabled":true,"jetpack_social_post_already_shared":true,"jetpack_social_options":{"image_generator_settings":{"template":"highway","default_image_id":0,"font":"","enabled":false},"version":2},"_wpas_customize_per_network":false},"categories":[30],"tags":[244],"class_list":["post-147870","post","type-post","status-publish","format-standard","has-post-thumbnail","hentry","category-municipio","tag-municipio-2","generate-columns","tablet-grid-50","mobile-grid-100","grid-parent","grid-50"],"jetpack_publicize_connections":[],"jetpack_featured_media_url":"https:\/\/www.hoymercedes.com.ar\/principal\/wp-content\/uploads\/2019\/10\/EstacionJuego7.jpg","wps_subtitle":"","jetpack_sharing_enabled":true,"_links":{"self":[{"href":"https:\/\/www.hoymercedes.com.ar\/principal\/wp-json\/wp\/v2\/posts\/147870","targetHints":{"allow":["GET"]}}],"collection":[{"href":"https:\/\/www.hoymercedes.com.ar\/principal\/wp-json\/wp\/v2\/posts"}],"about":[{"href":"https:\/\/www.hoymercedes.com.ar\/principal\/wp-json\/wp\/v2\/types\/post"}],"author":[{"embeddable":true,"href":"https:\/\/www.hoymercedes.com.ar\/principal\/wp-json\/wp\/v2\/users\/1"}],"replies":[{"embeddable":true,"href":"https:\/\/www.hoymercedes.com.ar\/principal\/wp-json\/wp\/v2\/comments?post=147870"}],"version-history":[{"count":0,"href":"https:\/\/www.hoymercedes.com.ar\/principal\/wp-json\/wp\/v2\/posts\/147870\/revisions"}],"wp:featuredmedia":[{"embeddable":true,"href":"https:\/\/www.hoymercedes.com.ar\/principal\/wp-json\/wp\/v2\/media\/101573"}],"wp:attachment":[{"href":"https:\/\/www.hoymercedes.com.ar\/principal\/wp-json\/wp\/v2\/media?parent=147870"}],"wp:term":[{"taxonomy":"category","embeddable":true,"href":"https:\/\/www.hoymercedes.com.ar\/principal\/wp-json\/wp\/v2\/categories?post=147870"},{"taxonomy":"post_tag","embeddable":true,"href":"https:\/\/www.hoymercedes.com.ar\/principal\/wp-json\/wp\/v2\/tags?post=147870"}],"curies":[{"name":"wp","href":"https:\/\/api.w.org\/{rel}","templated":true}]}}