{"id":147880,"date":"2022-05-12T17:45:24","date_gmt":"2022-05-12T20:45:24","guid":{"rendered":"https:\/\/www.hoymercedes.com.ar\/principal\/?p=147880"},"modified":"2022-05-12T17:45:29","modified_gmt":"2022-05-12T20:45:29","slug":"mas-de-1000-competidores-participaran-del-cross-trail-mercedes","status":"publish","type":"post","link":"https:\/\/www.hoymercedes.com.ar\/principal\/2022\/05\/12\/mas-de-1000-competidores-participaran-del-cross-trail-mercedes\/","title":{"rendered":"M\u00e1s de 1000 competidores participar\u00e1n del Cross Trail Mercedes\u00a0\u00a0"},"content":{"rendered":"\n<p>El Municipio de Mercedes junto al grupo de corredores \u201cLa Legi\u00f3n\u201d llevar\u00e1n adelante el Cross Trail Mercedes, una carrera pedestre por nuestra ciudad. La competici\u00f3n arranca desde el centro de deportes del sector del Parque Nuevo, a la hora 10, del domingo 15 de mayo. Se esperan m\u00e1s de 1.200 corredores.\u00a0\u00a0\u00a0<\/p>\n\n\n\n<div class=\"wp-block-image\"><figure class=\"aligncenter size-full is-resized\"><img decoding=\"async\" data-attachment-id=\"147881\" data-permalink=\"https:\/\/www.hoymercedes.com.ar\/principal\/2022\/05\/12\/mas-de-1000-competidores-participaran-del-cross-trail-mercedes\/dsc02129-2\/#main\" data-orig-file=\"https:\/\/www.hoymercedes.com.ar\/principal\/wp-content\/uploads\/2022\/05\/DSC02129.jpg\" data-orig-size=\"922,615\" data-comments-opened=\"0\" data-image-meta=\"{&quot;aperture&quot;:&quot;0&quot;,&quot;credit&quot;:&quot;&quot;,&quot;camera&quot;:&quot;&quot;,&quot;caption&quot;:&quot;&quot;,&quot;created_timestamp&quot;:&quot;0&quot;,&quot;copyright&quot;:&quot;&quot;,&quot;focal_length&quot;:&quot;0&quot;,&quot;iso&quot;:&quot;0&quot;,&quot;shutter_speed&quot;:&quot;0&quot;,&quot;title&quot;:&quot;&quot;,&quot;orientation&quot;:&quot;0&quot;}\" data-image-title=\"DSC02129\" data-image-description=\"\" data-image-caption=\"\" data-large-file=\"https:\/\/www.hoymercedes.com.ar\/principal\/wp-content\/uploads\/2022\/05\/DSC02129.jpg\" src=\"https:\/\/www.hoymercedes.com.ar\/principal\/wp-content\/uploads\/2022\/05\/DSC02129.jpg\" alt=\"\" class=\"wp-image-147881\" width=\"-255\" height=\"-170\" srcset=\"https:\/\/www.hoymercedes.com.ar\/principal\/wp-content\/uploads\/2022\/05\/DSC02129.jpg 922w, https:\/\/www.hoymercedes.com.ar\/principal\/wp-content\/uploads\/2022\/05\/DSC02129-630x420.jpg 630w, https:\/\/www.hoymercedes.com.ar\/principal\/wp-content\/uploads\/2022\/05\/DSC02129-150x100.jpg 150w\" sizes=\"(max-width: 922px) 100vw, 922px\" \/><\/figure><\/div>\n\n\n\n<p>El intendente Juan Ignacio Ustarroz, quien estuvo en la presentaci\u00f3n, se\u00f1al\u00f3 \u201cquiero agradecer el trabajo de \u201cLa Legi\u00f3n\u201d y esto habla a las claras de la importancia de escuchar las propuestas que siempre nuestro realiza. Desde lo deportivo siempre tratamos de abrir todas las puertas para que Mercedes sea una ciudad cada vez m\u00e1s deportiva\u201d y agreg\u00f3 \u201ces importante, adem\u00e1s, el gran n\u00famero de corredores inscriptos que viene de otras ciudades, lo que ayuda, adem\u00e1s de promover el deporte, a promover el turismo, lo que genera empleo e ingresos para la ciudad\u201d. &nbsp;<\/p>\n\n\n\n<p>Asimismo, el intendente Ustarroz invit\u00f3 \u201ca todos aquellos que no se han anotado, a que vengan a disfrutar de una linda jornada en el parque, este ser\u00e1 un muy lindo evento para compartir\u201d. &nbsp;<\/p>\n\n\n\n<p>Por otro lado, Ustarroz se\u00f1al\u00f3 \u201cmuy contento que sea una iniciativa de un grupo de gente de nuestra ciudad y que se haga entre el sector privado y la municipalidad, y entre todos ofrecer cada vez m\u00e1s propuestas a nuestros vecinos\u201d y agreg\u00f3 \u201cnuestra ciudad se caracteriza porque cada vez m\u00e1s gente hace deporte, eso es muy bueno desde el punto de vista de la salud, del encuentro y la uni\u00f3n de nuestra comunidad\u201d.&nbsp;&nbsp;&nbsp;&nbsp;&nbsp;&nbsp;&nbsp;&nbsp;&nbsp;&nbsp;&nbsp;<\/p>\n\n\n\n<p>Mariana Saboredo, directora de la Direcci\u00f3n de Deportes, comunic\u00f3 \u201cdesde La Legi\u00f3n nos comunicaron esta propuesta y desde el Municipio de Mercedes los invitamos a que trabajemos en conjunto para poder hacer esta carrera. Estamos m\u00e1s que felices por el logro, por todo el trabajo que se ha hecho, donde ya hay anotados m\u00e1s de mil corredores\u201d. &nbsp;<\/p>\n\n\n\n<p>Sebasti\u00e1n Lara, integrante del grupo \u201cLa Legi\u00f3n\u201d cont\u00f3 \u201cesto arranc\u00f3 como un sue\u00f1o del grupo, el cual lo integramos 14 personas, donde tuvimos una inquietud, nos dirigimos con el Director de Deporte, qui\u00e9n nos atendi\u00f3 y brind\u00f3 todo su apoyo, y nos dio la posibilidad de organizar toda carrera, que nos sirve como previa y preparaci\u00f3n al gran sue\u00f1o que tenemos, que es el cruce de los Andes en diciembre de este a\u00f1o\u201d. &nbsp;<\/p>\n\n\n\n<p>En este sentido, Lara dijo \u201ccomenzamos a trabajar en conjunto con el Municipio de Mercedes, quienes nos han apoyado y por lo cual agradecemos. Donde, adem\u00e1s, para gran sorpresa, pens\u00e1bamos que \u00edbamos a ser 600 corredores y ya somos 1200 anotados\u201d e inform\u00f3 \u201cla carrera comienza en el Cemoadra, pasamos por el puente de Cacho Di Catarina, luego el parque viejo, salimos por Av. Escolta, agarramos v\u00edas, pedimos permiso en unos campos que nos dejan pasar, retomamos las v\u00edas y terminamos en el Cemoadra\u201d y a\u00f1adi\u00f3 \u201clas distancias son 12K, 6K y una correcaminata de 3K y al finalizar vamos a hacer una carrera kits para los m\u00e1s chicos\u201d. \u00a0<\/p>\n\n\n\n<p>Fuente: Prensa Municipal<\/p>\n","protected":false},"excerpt":{"rendered":"<p>El Municipio de Mercedes junto al grupo de corredores \u201cLa Legi\u00f3n\u201d llevar\u00e1n adelante el Cross Trail Mercedes, una carrera pedestre &#8230; <a title=\"M\u00e1s de 1000 competidores participar\u00e1n del Cross Trail Mercedes\u00a0\u00a0\" class=\"read-more\" href=\"https:\/\/www.hoymercedes.com.ar\/principal\/2022\/05\/12\/mas-de-1000-competidores-participaran-del-cross-trail-mercedes\/\" aria-label=\"Leer m\u00e1s sobre M\u00e1s de 1000 competidores participar\u00e1n del Cross Trail Mercedes\u00a0\u00a0\">Leer m\u00e1s<\/a><\/p>\n","protected":false},"author":1,"featured_media":147881,"comment_status":"closed","ping_status":"open","sticky":false,"template":"","format":"standard","meta":{"_monsterinsights_skip_tracking":false,"_monsterinsights_sitenote_active":false,"_monsterinsights_sitenote_note":"","_monsterinsights_sitenote_category":0,"jetpack_post_was_ever_published":false,"_jetpack_newsletter_access":"","_jetpack_dont_email_post_to_subs":false,"_jetpack_newsletter_tier_id":0,"_jetpack_memberships_contains_paywalled_content":false,"_jetpack_memberships_contains_paid_content":false,"footnotes":"","jetpack_publicize_message":"","jetpack_publicize_feature_enabled":true,"jetpack_social_post_already_shared":true,"jetpack_social_options":{"image_generator_settings":{"template":"highway","default_image_id":0,"font":"","enabled":false},"version":2},"_wpas_customize_per_network":false},"categories":[21],"tags":[204,244],"class_list":["post-147880","post","type-post","status-publish","format-standard","has-post-thumbnail","hentry","category-deportes","tag-deportes-2","tag-municipio-2","generate-columns","tablet-grid-50","mobile-grid-100","grid-parent","grid-50"],"jetpack_publicize_connections":[],"jetpack_featured_media_url":"https:\/\/www.hoymercedes.com.ar\/principal\/wp-content\/uploads\/2022\/05\/DSC02129.jpg","wps_subtitle":"","jetpack_sharing_enabled":true,"_links":{"self":[{"href":"https:\/\/www.hoymercedes.com.ar\/principal\/wp-json\/wp\/v2\/posts\/147880","targetHints":{"allow":["GET"]}}],"collection":[{"href":"https:\/\/www.hoymercedes.com.ar\/principal\/wp-json\/wp\/v2\/posts"}],"about":[{"href":"https:\/\/www.hoymercedes.com.ar\/principal\/wp-json\/wp\/v2\/types\/post"}],"author":[{"embeddable":true,"href":"https:\/\/www.hoymercedes.com.ar\/principal\/wp-json\/wp\/v2\/users\/1"}],"replies":[{"embeddable":true,"href":"https:\/\/www.hoymercedes.com.ar\/principal\/wp-json\/wp\/v2\/comments?post=147880"}],"version-history":[{"count":0,"href":"https:\/\/www.hoymercedes.com.ar\/principal\/wp-json\/wp\/v2\/posts\/147880\/revisions"}],"wp:featuredmedia":[{"embeddable":true,"href":"https:\/\/www.hoymercedes.com.ar\/principal\/wp-json\/wp\/v2\/media\/147881"}],"wp:attachment":[{"href":"https:\/\/www.hoymercedes.com.ar\/principal\/wp-json\/wp\/v2\/media?parent=147880"}],"wp:term":[{"taxonomy":"category","embeddable":true,"href":"https:\/\/www.hoymercedes.com.ar\/principal\/wp-json\/wp\/v2\/categories?post=147880"},{"taxonomy":"post_tag","embeddable":true,"href":"https:\/\/www.hoymercedes.com.ar\/principal\/wp-json\/wp\/v2\/tags?post=147880"}],"curies":[{"name":"wp","href":"https:\/\/api.w.org\/{rel}","templated":true}]}}