{"id":147885,"date":"2022-05-12T19:20:00","date_gmt":"2022-05-12T22:20:00","guid":{"rendered":"https:\/\/www.hoymercedes.com.ar\/principal\/?p=147885"},"modified":"2022-05-12T19:04:14","modified_gmt":"2022-05-12T22:04:14","slug":"amplian-red-fina-de-agua-corriente-en-barrio-america","status":"publish","type":"post","link":"https:\/\/www.hoymercedes.com.ar\/principal\/2022\/05\/12\/amplian-red-fina-de-agua-corriente-en-barrio-america\/","title":{"rendered":"Ampl\u00edan red fina de agua corriente en barrio Am\u00e9rica \u00a0"},"content":{"rendered":"\n<p>Desde la Subsecretar\u00eda de Servicios P\u00fablicos del Municipio de Mercedes comunicaron que est\u00e1n en la realizaci\u00f3n de una obra que ampl\u00eda la red de agua corriente en el barrio Am\u00e9rica. <\/p>\n\n\n\n<div class=\"wp-block-image\"><figure class=\"aligncenter size-full\"><img loading=\"lazy\" decoding=\"async\" width=\"600\" height=\"800\" data-attachment-id=\"147886\" data-permalink=\"https:\/\/www.hoymercedes.com.ar\/principal\/2022\/05\/12\/amplian-red-fina-de-agua-corriente-en-barrio-america\/950-1\/#main\" data-orig-file=\"https:\/\/www.hoymercedes.com.ar\/principal\/wp-content\/uploads\/2022\/05\/950-1.jpeg\" data-orig-size=\"600,800\" data-comments-opened=\"0\" data-image-meta=\"{&quot;aperture&quot;:&quot;0&quot;,&quot;credit&quot;:&quot;&quot;,&quot;camera&quot;:&quot;&quot;,&quot;caption&quot;:&quot;&quot;,&quot;created_timestamp&quot;:&quot;0&quot;,&quot;copyright&quot;:&quot;&quot;,&quot;focal_length&quot;:&quot;0&quot;,&quot;iso&quot;:&quot;0&quot;,&quot;shutter_speed&quot;:&quot;0&quot;,&quot;title&quot;:&quot;&quot;,&quot;orientation&quot;:&quot;0&quot;}\" data-image-title=\"950 (1)\" data-image-description=\"\" data-image-caption=\"\" data-large-file=\"https:\/\/www.hoymercedes.com.ar\/principal\/wp-content\/uploads\/2022\/05\/950-1.jpeg\" src=\"https:\/\/www.hoymercedes.com.ar\/principal\/wp-content\/uploads\/2022\/05\/950-1.jpeg\" alt=\"\" class=\"wp-image-147886\" srcset=\"https:\/\/www.hoymercedes.com.ar\/principal\/wp-content\/uploads\/2022\/05\/950-1.jpeg 600w, https:\/\/www.hoymercedes.com.ar\/principal\/wp-content\/uploads\/2022\/05\/950-1-465x620.jpeg 465w, https:\/\/www.hoymercedes.com.ar\/principal\/wp-content\/uploads\/2022\/05\/950-1-113x150.jpeg 113w\" sizes=\"auto, (max-width: 600px) 100vw, 600px\" \/><\/figure><\/div>\n\n\n\n<p>\u201cEs un trabajo muy importante para continuar buscando dar soluciones a un problema hist\u00f3rico, que es la distribuci\u00f3n del agua\u201d dijo Lu\u00eds Ponce y coment\u00f3 que \u201clas obras de pavimento requieren siempre infraestructuras complementarias y esta es una de ellas. Hemos con empleados y cooperativas municipales realizado una mejora y ampliaci\u00f3n de la denominada red fina de agua corriente\u201d manifest\u00f3 el subsecretario de Servicios P\u00fablicos. &nbsp;<\/p>\n\n\n\n<p>M\u00e1s adelante coment\u00f3 que \u201cestamos construyendo varios pozos de agua en los \u00faltimos meses, tambi\u00e9n nos capacitamos en su mantenimiento, pero hay dem\u00e1s un factor clave y es la solidaridad y colaboraci\u00f3n de las y los vecinos. El agua de red es necesaria cuidarla cada d\u00eda. En Mercedes se producen millones de litros diarios, m\u00e1s incluso que otras localidades cercanas. El consumo es muy elevado, por eso, adem\u00e1s de mejorar la infraestructura, que es una tarea que estamos haciendo tal como nos encomend\u00f3 el intendente Ustarroz, requiere la solidaridad comunal\u201d destac\u00f3. &nbsp;<\/p>\n\n\n\n<p>\u201cSabemos que a\u00fan falta llegar a muchos lugares, pero est\u00e1 planificado y sabemos de su necesidad. Pronto estaremos con ellas y ellos tambi\u00e9n buscando dar soluciones\u201d manifest\u00f3. &nbsp;<\/p>\n\n\n\n<p>Por \u00faltimo, aprovecho para \u201cagradecemos a quienes tienen un compromiso enorme y realizan estas obras. Es mano de obra mercedina, de vecinos que trabajan sabiendo que cada mejora impactar\u00e1 en la calidad de vida de sus vecinos y vecinas. Estamos muy agradecidos y orgullosos\u201d, remarc\u00f3. \u00a0<\/p>\n\n\n\n<p>Fuente: Prensa Municipal<\/p>\n","protected":false},"excerpt":{"rendered":"<p>Desde la Subsecretar\u00eda de Servicios P\u00fablicos del Municipio de Mercedes comunicaron que est\u00e1n en la realizaci\u00f3n de una obra que &#8230; <a title=\"Ampl\u00edan red fina de agua corriente en barrio Am\u00e9rica \u00a0\" class=\"read-more\" href=\"https:\/\/www.hoymercedes.com.ar\/principal\/2022\/05\/12\/amplian-red-fina-de-agua-corriente-en-barrio-america\/\" aria-label=\"Leer m\u00e1s sobre Ampl\u00edan red fina de agua corriente en barrio Am\u00e9rica \u00a0\">Leer m\u00e1s<\/a><\/p>\n","protected":false},"author":1,"featured_media":147887,"comment_status":"closed","ping_status":"open","sticky":false,"template":"","format":"standard","meta":{"_monsterinsights_skip_tracking":false,"_monsterinsights_sitenote_active":false,"_monsterinsights_sitenote_note":"","_monsterinsights_sitenote_category":0,"jetpack_post_was_ever_published":false,"_jetpack_newsletter_access":"","_jetpack_dont_email_post_to_subs":false,"_jetpack_newsletter_tier_id":0,"_jetpack_memberships_contains_paywalled_content":false,"_jetpack_memberships_contains_paid_content":false,"footnotes":"","jetpack_publicize_message":"","jetpack_publicize_feature_enabled":true,"jetpack_social_post_already_shared":true,"jetpack_social_options":{"image_generator_settings":{"template":"highway","default_image_id":0,"font":"","enabled":false},"version":2},"_wpas_customize_per_network":false},"categories":[30],"tags":[244],"class_list":["post-147885","post","type-post","status-publish","format-standard","has-post-thumbnail","hentry","category-municipio","tag-municipio-2","generate-columns","tablet-grid-50","mobile-grid-100","grid-parent","grid-50"],"jetpack_publicize_connections":[],"jetpack_featured_media_url":"https:\/\/www.hoymercedes.com.ar\/principal\/wp-content\/uploads\/2022\/05\/muni-obra.jpeg","wps_subtitle":"","jetpack_sharing_enabled":true,"_links":{"self":[{"href":"https:\/\/www.hoymercedes.com.ar\/principal\/wp-json\/wp\/v2\/posts\/147885","targetHints":{"allow":["GET"]}}],"collection":[{"href":"https:\/\/www.hoymercedes.com.ar\/principal\/wp-json\/wp\/v2\/posts"}],"about":[{"href":"https:\/\/www.hoymercedes.com.ar\/principal\/wp-json\/wp\/v2\/types\/post"}],"author":[{"embeddable":true,"href":"https:\/\/www.hoymercedes.com.ar\/principal\/wp-json\/wp\/v2\/users\/1"}],"replies":[{"embeddable":true,"href":"https:\/\/www.hoymercedes.com.ar\/principal\/wp-json\/wp\/v2\/comments?post=147885"}],"version-history":[{"count":0,"href":"https:\/\/www.hoymercedes.com.ar\/principal\/wp-json\/wp\/v2\/posts\/147885\/revisions"}],"wp:featuredmedia":[{"embeddable":true,"href":"https:\/\/www.hoymercedes.com.ar\/principal\/wp-json\/wp\/v2\/media\/147887"}],"wp:attachment":[{"href":"https:\/\/www.hoymercedes.com.ar\/principal\/wp-json\/wp\/v2\/media?parent=147885"}],"wp:term":[{"taxonomy":"category","embeddable":true,"href":"https:\/\/www.hoymercedes.com.ar\/principal\/wp-json\/wp\/v2\/categories?post=147885"},{"taxonomy":"post_tag","embeddable":true,"href":"https:\/\/www.hoymercedes.com.ar\/principal\/wp-json\/wp\/v2\/tags?post=147885"}],"curies":[{"name":"wp","href":"https:\/\/api.w.org\/{rel}","templated":true}]}}