{"id":14791,"date":"2012-07-27T13:30:05","date_gmt":"2012-07-27T13:30:05","guid":{"rendered":"http:\/\/www.hoymercedes.com.ar\/principal\/?p=14791"},"modified":"2012-07-27T13:28:24","modified_gmt":"2012-07-27T13:28:24","slug":"mic-presenta-proyecto-por-basural-no-autorizado","status":"publish","type":"post","link":"https:\/\/www.hoymercedes.com.ar\/principal\/2012\/07\/27\/mic-presenta-proyecto-por-basural-no-autorizado\/","title":{"rendered":"MIC presenta proyecto por basural no autorizado"},"content":{"rendered":"<p>El MIC Mercedes encabezado por el concejal Jos\u00e9 Cestari present\u00f3 un proyecto para tratar dentro del cuerpo legislativo y su posterior accionar desde el espacio municipal un basural clandestino en calle\u00a083 y 6 (lado sudeste)\u00a0 Barrio Ravelo.<\/p>\n<p>El priyecto presentado dice lo siguiente:<\/p>\n<p>La presencia de un basural no autorizado en esquina de calles 83 y 6 (lado sudeste) Barrio Ravelo.<\/p>\n<p>CONSIDERANDO<\/p>\n<p>Que est\u00e1 prohibido arrojar basura en la v\u00eda p\u00fablica.<\/p>\n<p>Que la acumulaci\u00f3n de residuos de origen org\u00e1nico puede generar la proliferaci\u00f3n de insectos y roedores transmisores de enfermedades.<\/p>\n<p>Que la acumulaci\u00f3n de residuos inorg\u00e1nicos altamente contaminantes atenta contra la salubridad p\u00fablica.<\/p>\n<p>Que el paisaje se ve deteriorado por la expansi\u00f3n de basurales clandestinos.<\/p>\n<p>Que los vecinos que pagan la tasa de alumbrado, limpieza y conservaci\u00f3n de la v\u00eda p\u00fablica tienen derecho a transitar por un ambiente sano.<\/p>\n<p>Ante lo expuesto el Bloque MIC MERCEDES propone el siguiente proyecto de:<\/p>\n<p>RESOLUCI\u00d3N<\/p>\n<p>Art. 1. El HCD se dirige al DE, para que a trav\u00e9s del \u00e1rea correspondiente, proceda a colocar un contenedor de residuos en la esquina de calles 83 y 6 (lado sudeste) Barrio Ravelo.<\/p>\n<p>Art. 2. Los visto y considerando forman parte de la presente.<\/p>\n<p>Art. 3. De forma.<\/p>\n<p>Lic. Jos\u00e9 Cestari<\/p>\n<p>&nbsp;<\/p>\n","protected":false},"excerpt":{"rendered":"<p>El MIC Mercedes encabezado por el concejal Jos\u00e9 Cestari present\u00f3 un proyecto para tratar dentro del cuerpo legislativo y su &#8230; <a title=\"MIC presenta proyecto por basural no autorizado\" class=\"read-more\" href=\"https:\/\/www.hoymercedes.com.ar\/principal\/2012\/07\/27\/mic-presenta-proyecto-por-basural-no-autorizado\/\" aria-label=\"Leer m\u00e1s sobre MIC presenta proyecto por basural no autorizado\">Leer m\u00e1s<\/a><\/p>\n","protected":false},"author":1,"featured_media":0,"comment_status":"open","ping_status":"open","sticky":false,"template":"","format":"standard","meta":{"_monsterinsights_skip_tracking":false,"_monsterinsights_sitenote_active":false,"_monsterinsights_sitenote_note":"","_monsterinsights_sitenote_category":0,"jetpack_post_was_ever_published":false,"_jetpack_newsletter_access":"","_jetpack_dont_email_post_to_subs":false,"_jetpack_newsletter_tier_id":0,"_jetpack_memberships_contains_paywalled_content":false,"_jetpack_memberships_contains_paid_content":false,"footnotes":"","jetpack_publicize_message":"","jetpack_publicize_feature_enabled":true,"jetpack_social_post_already_shared":false,"jetpack_social_options":{"image_generator_settings":{"template":"highway","default_image_id":0,"font":"","enabled":false},"version":2},"_wpas_customize_per_network":false},"categories":[5],"tags":[321,1956],"class_list":["post-14791","post","type-post","status-publish","format-standard","hentry","category-politica","tag-jose-cestari","tag-mic-mercedes","generate-columns","tablet-grid-50","mobile-grid-100","grid-parent","grid-50"],"jetpack_publicize_connections":[],"jetpack_featured_media_url":"","wps_subtitle":"","jetpack_sharing_enabled":true,"_links":{"self":[{"href":"https:\/\/www.hoymercedes.com.ar\/principal\/wp-json\/wp\/v2\/posts\/14791","targetHints":{"allow":["GET"]}}],"collection":[{"href":"https:\/\/www.hoymercedes.com.ar\/principal\/wp-json\/wp\/v2\/posts"}],"about":[{"href":"https:\/\/www.hoymercedes.com.ar\/principal\/wp-json\/wp\/v2\/types\/post"}],"author":[{"embeddable":true,"href":"https:\/\/www.hoymercedes.com.ar\/principal\/wp-json\/wp\/v2\/users\/1"}],"replies":[{"embeddable":true,"href":"https:\/\/www.hoymercedes.com.ar\/principal\/wp-json\/wp\/v2\/comments?post=14791"}],"version-history":[{"count":0,"href":"https:\/\/www.hoymercedes.com.ar\/principal\/wp-json\/wp\/v2\/posts\/14791\/revisions"}],"wp:attachment":[{"href":"https:\/\/www.hoymercedes.com.ar\/principal\/wp-json\/wp\/v2\/media?parent=14791"}],"wp:term":[{"taxonomy":"category","embeddable":true,"href":"https:\/\/www.hoymercedes.com.ar\/principal\/wp-json\/wp\/v2\/categories?post=14791"},{"taxonomy":"post_tag","embeddable":true,"href":"https:\/\/www.hoymercedes.com.ar\/principal\/wp-json\/wp\/v2\/tags?post=14791"}],"curies":[{"name":"wp","href":"https:\/\/api.w.org\/{rel}","templated":true}]}}