{"id":147921,"date":"2022-05-13T12:24:00","date_gmt":"2022-05-13T15:24:00","guid":{"rendered":"https:\/\/www.hoymercedes.com.ar\/principal\/?p=147921"},"modified":"2022-05-13T14:48:31","modified_gmt":"2022-05-13T17:48:31","slug":"realizaron-capacitacion-en-iluminacion-escenica","status":"publish","type":"post","link":"https:\/\/www.hoymercedes.com.ar\/principal\/2022\/05\/13\/realizaron-capacitacion-en-iluminacion-escenica\/","title":{"rendered":"Realizaron capacitaci\u00f3n en iluminaci\u00f3n esc\u00e9nica"},"content":{"rendered":"\n<p>D\u00edas atr\u00e1s termin\u00f3 el curso de iluminaci\u00f3n esc\u00e9nica profesional organizado desde la Direcci\u00f3n de Cultura y Potenciar Joven, del Ministerio de Desarrollo de la Comunidad de la provincia de Buenos Aires. \u00a0La actividad se realiz\u00f3 con distinas jornadas en el Teatro Argentino. <\/p>\n\n\n\n<div class=\"wp-block-image\"><figure class=\"aligncenter size-large is-resized\"><img decoding=\"async\" data-attachment-id=\"147924\" data-permalink=\"https:\/\/www.hoymercedes.com.ar\/principal\/2022\/05\/13\/realizaron-capacitacion-en-iluminacion-escenica\/dsc02190\/#main\" data-orig-file=\"https:\/\/www.hoymercedes.com.ar\/principal\/wp-content\/uploads\/2022\/05\/DSC02190.jpg\" data-orig-size=\"1085,615\" data-comments-opened=\"0\" data-image-meta=\"{&quot;aperture&quot;:&quot;0&quot;,&quot;credit&quot;:&quot;&quot;,&quot;camera&quot;:&quot;&quot;,&quot;caption&quot;:&quot;&quot;,&quot;created_timestamp&quot;:&quot;0&quot;,&quot;copyright&quot;:&quot;&quot;,&quot;focal_length&quot;:&quot;0&quot;,&quot;iso&quot;:&quot;0&quot;,&quot;shutter_speed&quot;:&quot;0&quot;,&quot;title&quot;:&quot;&quot;,&quot;orientation&quot;:&quot;0&quot;}\" data-image-title=\"DSC02190\" data-image-description=\"\" data-image-caption=\"\" data-large-file=\"https:\/\/www.hoymercedes.com.ar\/principal\/wp-content\/uploads\/2022\/05\/DSC02190-1024x580.jpg\" src=\"https:\/\/www.hoymercedes.com.ar\/principal\/wp-content\/uploads\/2022\/05\/DSC02190-1024x580.jpg\" alt=\"\" class=\"wp-image-147924\" width=\"-166\" height=\"-93\" srcset=\"https:\/\/www.hoymercedes.com.ar\/principal\/wp-content\/uploads\/2022\/05\/DSC02190-1024x580.jpg 1024w, https:\/\/www.hoymercedes.com.ar\/principal\/wp-content\/uploads\/2022\/05\/DSC02190-630x357.jpg 630w, https:\/\/www.hoymercedes.com.ar\/principal\/wp-content\/uploads\/2022\/05\/DSC02190-150x85.jpg 150w, https:\/\/www.hoymercedes.com.ar\/principal\/wp-content\/uploads\/2022\/05\/DSC02190.jpg 1085w\" sizes=\"(max-width: 1024px) 100vw, 1024px\" \/><\/figure><\/div>\n\n\n\n<p>\u201cEstamos muy felices. Hubo un gran inter\u00e9s\u201d dijo la Directora de Cultura, Luc\u00eda Capaccio. \u00abContamos con el acompa\u00f1amiento del programa potenciar joven a trav\u00e9s de la coordinaci\u00f3n de juventudes y la Provincia de Buenos Aires dando un marco, adem\u00e1s, de institucionalizaci\u00f3n mayor\u201d agreg\u00f3 la funcionaria. \u00a0<\/p>\n\n\n\n<p>Para el intendente Ustarroz es \u201cmuy valiosa esta capacitaci\u00f3n. La demanda de personas con capacidades t\u00e9cnicas en el rubro es cada vez mayor y nos resulta muy grato ver este excelente resultado, convocatoria y proceso educativo dado. Felicitamos al personal de cultura por la propuesta, a los docentes y especialmente a quienes se sumaron a estas jornadas educativas\u201d \u00a0<\/p>\n","protected":false},"excerpt":{"rendered":"<p>D\u00edas atr\u00e1s termin\u00f3 el curso de iluminaci\u00f3n esc\u00e9nica profesional organizado desde la Direcci\u00f3n de Cultura y Potenciar Joven, del Ministerio &#8230; <a title=\"Realizaron capacitaci\u00f3n en iluminaci\u00f3n esc\u00e9nica\" class=\"read-more\" href=\"https:\/\/www.hoymercedes.com.ar\/principal\/2022\/05\/13\/realizaron-capacitacion-en-iluminacion-escenica\/\" aria-label=\"Leer m\u00e1s sobre Realizaron capacitaci\u00f3n en iluminaci\u00f3n esc\u00e9nica\">Leer m\u00e1s<\/a><\/p>\n","protected":false},"author":1,"featured_media":147924,"comment_status":"closed","ping_status":"open","sticky":false,"template":"","format":"standard","meta":{"_monsterinsights_skip_tracking":false,"_monsterinsights_sitenote_active":false,"_monsterinsights_sitenote_note":"","_monsterinsights_sitenote_category":0,"jetpack_post_was_ever_published":false,"_jetpack_newsletter_access":"","_jetpack_dont_email_post_to_subs":false,"_jetpack_newsletter_tier_id":0,"_jetpack_memberships_contains_paywalled_content":false,"_jetpack_memberships_contains_paid_content":false,"footnotes":"","jetpack_publicize_message":"","jetpack_publicize_feature_enabled":true,"jetpack_social_post_already_shared":true,"jetpack_social_options":{"image_generator_settings":{"template":"highway","default_image_id":0,"font":"","enabled":false},"version":2},"_wpas_customize_per_network":false},"categories":[30],"tags":[7805,244],"class_list":["post-147921","post","type-post","status-publish","format-standard","has-post-thumbnail","hentry","category-municipio","tag-cultura","tag-municipio-2","generate-columns","tablet-grid-50","mobile-grid-100","grid-parent","grid-50"],"jetpack_publicize_connections":[],"jetpack_featured_media_url":"https:\/\/www.hoymercedes.com.ar\/principal\/wp-content\/uploads\/2022\/05\/DSC02190.jpg","wps_subtitle":"","jetpack_sharing_enabled":true,"_links":{"self":[{"href":"https:\/\/www.hoymercedes.com.ar\/principal\/wp-json\/wp\/v2\/posts\/147921","targetHints":{"allow":["GET"]}}],"collection":[{"href":"https:\/\/www.hoymercedes.com.ar\/principal\/wp-json\/wp\/v2\/posts"}],"about":[{"href":"https:\/\/www.hoymercedes.com.ar\/principal\/wp-json\/wp\/v2\/types\/post"}],"author":[{"embeddable":true,"href":"https:\/\/www.hoymercedes.com.ar\/principal\/wp-json\/wp\/v2\/users\/1"}],"replies":[{"embeddable":true,"href":"https:\/\/www.hoymercedes.com.ar\/principal\/wp-json\/wp\/v2\/comments?post=147921"}],"version-history":[{"count":0,"href":"https:\/\/www.hoymercedes.com.ar\/principal\/wp-json\/wp\/v2\/posts\/147921\/revisions"}],"wp:featuredmedia":[{"embeddable":true,"href":"https:\/\/www.hoymercedes.com.ar\/principal\/wp-json\/wp\/v2\/media\/147924"}],"wp:attachment":[{"href":"https:\/\/www.hoymercedes.com.ar\/principal\/wp-json\/wp\/v2\/media?parent=147921"}],"wp:term":[{"taxonomy":"category","embeddable":true,"href":"https:\/\/www.hoymercedes.com.ar\/principal\/wp-json\/wp\/v2\/categories?post=147921"},{"taxonomy":"post_tag","embeddable":true,"href":"https:\/\/www.hoymercedes.com.ar\/principal\/wp-json\/wp\/v2\/tags?post=147921"}],"curies":[{"name":"wp","href":"https:\/\/api.w.org\/{rel}","templated":true}]}}