{"id":147926,"date":"2022-05-13T15:00:00","date_gmt":"2022-05-13T18:00:00","guid":{"rendered":"https:\/\/www.hoymercedes.com.ar\/principal\/?p=147926"},"modified":"2022-05-13T15:24:19","modified_gmt":"2022-05-13T18:24:19","slug":"inaugura-muestra-de-dibujo-pintura-y-poesia-en-el-colegio-de-arquitectos","status":"publish","type":"post","link":"https:\/\/www.hoymercedes.com.ar\/principal\/2022\/05\/13\/inaugura-muestra-de-dibujo-pintura-y-poesia-en-el-colegio-de-arquitectos\/","title":{"rendered":"Inaugura muestra de dibujo, pintura y poes\u00eda en el Colegio de Arquitectos"},"content":{"rendered":"\n<p>Este viernes 13 de mayo, 20:30 hs, se \u00a0realizar\u00e1 en la Sede Distrital del Colegio de Arquitectos de la provincia de Bs As Distrito 5, (Av. 30 N\u00aa 564, Mercedes); \u00a0la muestra \u00a0colectiva de dibujo y pintura integrada por las artistas Paula Figoli -pintura e instalaci\u00f3n- y Amaryllis D\u00edaz -poemas-. El t\u00edtulo de la muestra es \u201cLa Pintura como lugar\u201d. <\/p>\n\n\n\n<div class=\"wp-block-image\"><figure class=\"aligncenter size-large\"><img loading=\"lazy\" decoding=\"async\" width=\"731\" height=\"1024\" data-attachment-id=\"147927\" data-permalink=\"https:\/\/www.hoymercedes.com.ar\/principal\/2022\/05\/13\/inaugura-muestra-de-dibujo-pintura-y-poesia-en-el-colegio-de-arquitectos\/muestra-arquitectos\/#main\" data-orig-file=\"https:\/\/www.hoymercedes.com.ar\/principal\/wp-content\/uploads\/2022\/05\/muestra-arquitectos-e1652465623949.jpg\" data-orig-size=\"571,800\" data-comments-opened=\"0\" data-image-meta=\"{&quot;aperture&quot;:&quot;0&quot;,&quot;credit&quot;:&quot;&quot;,&quot;camera&quot;:&quot;&quot;,&quot;caption&quot;:&quot;&quot;,&quot;created_timestamp&quot;:&quot;0&quot;,&quot;copyright&quot;:&quot;&quot;,&quot;focal_length&quot;:&quot;0&quot;,&quot;iso&quot;:&quot;0&quot;,&quot;shutter_speed&quot;:&quot;0&quot;,&quot;title&quot;:&quot;&quot;,&quot;orientation&quot;:&quot;0&quot;}\" data-image-title=\"muestra arquitectos\" data-image-description=\"\" data-image-caption=\"\" data-large-file=\"https:\/\/www.hoymercedes.com.ar\/principal\/wp-content\/uploads\/2022\/05\/muestra-arquitectos-731x1024.jpg\" src=\"https:\/\/www.hoymercedes.com.ar\/principal\/wp-content\/uploads\/2022\/05\/muestra-arquitectos-731x1024.jpg\" alt=\"\" class=\"wp-image-147927\"\/><\/figure><\/div>\n\n\n\n<p>Con la coordinaci\u00f3n del Arq. Sebasti\u00e1n Bocca, comienza el ciclo de exposiciones del Colegio de Arquitectos. La artista pl\u00e1stica Paula Figoli ser\u00e1 qui\u00e9n expondr\u00e1 desde este viernes junto a Amarilis D\u00edaz con sus poes\u00edas. <\/p>\n\n\n\n<p>\u00abA las obras que integran esta muestra, casi que las pienso como una sola en distintos estad\u00edos, al igual que siento que mi taller es una obra en construcci\u00f3n permanente. Traje a este lugar algo de mi pintura, algo de m\u00ed. Pero traje tambi\u00e9n \u00ablas pinturas\u00bb de otras mujeres, que generosamente me entregaron. Junto maquillajes, los observo y los pinto. Pinto con ellos, me observo en cada espejito y pienso \u00bfcu\u00e1ntos retratos se pintaron aqu\u00ed?\u00bb, explic\u00f3 Paula. <\/p>\n\n\n\n<p>Tras la inauguraci\u00f3n, la muestra se podr\u00e1 visitar de lunes a viernes de 8 a 13 y de 14 a 16 hs. Hasta el 27 de mayo. El acceso a la muestra es libre y gratuito.<\/p>\n\n\n\n<p><a href=\"javascript:AbrirModal('\/archivos\/1652369723.jpeg');\"><\/a><\/p>\n","protected":false},"excerpt":{"rendered":"<p>Este viernes 13 de mayo, 20:30 hs, se \u00a0realizar\u00e1 en la Sede Distrital del Colegio de Arquitectos de la provincia &#8230; <a title=\"Inaugura muestra de dibujo, pintura y poes\u00eda en el Colegio de Arquitectos\" class=\"read-more\" href=\"https:\/\/www.hoymercedes.com.ar\/principal\/2022\/05\/13\/inaugura-muestra-de-dibujo-pintura-y-poesia-en-el-colegio-de-arquitectos\/\" aria-label=\"Leer m\u00e1s sobre Inaugura muestra de dibujo, pintura y poes\u00eda en el Colegio de Arquitectos\">Leer m\u00e1s<\/a><\/p>\n","protected":false},"author":1,"featured_media":147927,"comment_status":"closed","ping_status":"open","sticky":false,"template":"","format":"standard","meta":{"_monsterinsights_skip_tracking":false,"_monsterinsights_sitenote_active":false,"_monsterinsights_sitenote_note":"","_monsterinsights_sitenote_category":0,"jetpack_post_was_ever_published":false,"_jetpack_newsletter_access":"","_jetpack_dont_email_post_to_subs":false,"_jetpack_newsletter_tier_id":0,"_jetpack_memberships_contains_paywalled_content":false,"_jetpack_memberships_contains_paid_content":false,"footnotes":"","jetpack_publicize_message":"","jetpack_publicize_feature_enabled":true,"jetpack_social_post_already_shared":false,"jetpack_social_options":{"image_generator_settings":{"template":"highway","default_image_id":0,"font":"","enabled":false},"version":2},"_wpas_customize_per_network":false},"categories":[104],"tags":[6816,7805],"class_list":["post-147926","post","type-post","status-publish","format-standard","has-post-thumbnail","hentry","category-cultura","tag-colegio-de-arquitectos","tag-cultura","generate-columns","tablet-grid-50","mobile-grid-100","grid-parent","grid-50"],"jetpack_publicize_connections":[],"jetpack_featured_media_url":"https:\/\/www.hoymercedes.com.ar\/principal\/wp-content\/uploads\/2022\/05\/muestra-arquitectos-e1652465623949.jpg","wps_subtitle":"","jetpack_sharing_enabled":true,"_links":{"self":[{"href":"https:\/\/www.hoymercedes.com.ar\/principal\/wp-json\/wp\/v2\/posts\/147926","targetHints":{"allow":["GET"]}}],"collection":[{"href":"https:\/\/www.hoymercedes.com.ar\/principal\/wp-json\/wp\/v2\/posts"}],"about":[{"href":"https:\/\/www.hoymercedes.com.ar\/principal\/wp-json\/wp\/v2\/types\/post"}],"author":[{"embeddable":true,"href":"https:\/\/www.hoymercedes.com.ar\/principal\/wp-json\/wp\/v2\/users\/1"}],"replies":[{"embeddable":true,"href":"https:\/\/www.hoymercedes.com.ar\/principal\/wp-json\/wp\/v2\/comments?post=147926"}],"version-history":[{"count":0,"href":"https:\/\/www.hoymercedes.com.ar\/principal\/wp-json\/wp\/v2\/posts\/147926\/revisions"}],"wp:featuredmedia":[{"embeddable":true,"href":"https:\/\/www.hoymercedes.com.ar\/principal\/wp-json\/wp\/v2\/media\/147927"}],"wp:attachment":[{"href":"https:\/\/www.hoymercedes.com.ar\/principal\/wp-json\/wp\/v2\/media?parent=147926"}],"wp:term":[{"taxonomy":"category","embeddable":true,"href":"https:\/\/www.hoymercedes.com.ar\/principal\/wp-json\/wp\/v2\/categories?post=147926"},{"taxonomy":"post_tag","embeddable":true,"href":"https:\/\/www.hoymercedes.com.ar\/principal\/wp-json\/wp\/v2\/tags?post=147926"}],"curies":[{"name":"wp","href":"https:\/\/api.w.org\/{rel}","templated":true}]}}