{"id":1480,"date":"2011-01-06T04:22:01","date_gmt":"2011-01-06T04:22:01","guid":{"rendered":"http:\/\/www.hoymercedes.com.ar\/principal\/?p=1480"},"modified":"2011-01-06T04:22:01","modified_gmt":"2011-01-06T04:22:01","slug":"lujan-supermercadista-chino-herido-en-confuso-episodio","status":"publish","type":"post","link":"https:\/\/www.hoymercedes.com.ar\/principal\/2011\/01\/06\/lujan-supermercadista-chino-herido-en-confuso-episodio\/","title":{"rendered":"Luj\u00e1n: supermercadista chino herido en confuso episodio"},"content":{"rendered":"<p style=\"text-align: justify;\">Una situaci\u00f3n confusa se vivieron anoche aproximadamente a las 21 horas un llamado al 9.1.1. indicaba que en un comercio del rubro supermercados de origen chino sito en la calle Constituci\u00f3n al 2208, su propietario de 48 a\u00f1os manifestaba a la polic\u00eda que instantes antes un auto hab\u00eda detenido la marcha justo en frente de este comercio descendiendo dos personas desconocidas a cara descubierta llevando uno de ellos un arma de fuego, ingresando al supermercados y al cruzarse con su propietario sin mediar palabra le efect\u00faan al menos tres disparos , impactando uno de los proyectiles en su rodilla izquierda, d\u00e1ndose a la fuga los sujetos despu\u00e9s de este episodio. Todo parece indicar que el suceso estar\u00eda ligado a las problem\u00e1ticas que por hoy se conocen en varios lugares entre miembros de la misma nacionalidad, mas precisamente en Supermercados Chinos.<\/p>\n<p style=\"text-align: justify;\">Algunos comentarios del comerciante refiere que en ning\u00fan momento los sujetos que lo hirieron refirieron intensiones de asaltarlo y agrega que nunca antes los habia visto. En tanto y mientras el comerciante chino se recupera de las heridas sufridas, la policia se halla en plena etapa investigativa,.<\/p>\n<p style=\"text-align: justify;\">Interverviene la Unidad Funcional de Instrucci\u00f3n Nro 15<\/p>\n<p style=\"text-align: justify;\"><span style=\"color: #888888;\">Info: Policia Mercedes<\/span><\/p>\n","protected":false},"excerpt":{"rendered":"<p>Una situaci\u00f3n confusa se vivieron anoche aproximadamente a las 21 horas un llamado al 9.1.1. indicaba que en un comercio &#8230; <a title=\"Luj\u00e1n: supermercadista chino herido en confuso episodio\" class=\"read-more\" href=\"https:\/\/www.hoymercedes.com.ar\/principal\/2011\/01\/06\/lujan-supermercadista-chino-herido-en-confuso-episodio\/\" aria-label=\"Leer m\u00e1s sobre Luj\u00e1n: supermercadista chino herido en confuso episodio\">Leer m\u00e1s<\/a><\/p>\n","protected":false},"author":1,"featured_media":0,"comment_status":"open","ping_status":"open","sticky":false,"template":"","format":"standard","meta":{"_monsterinsights_skip_tracking":false,"_monsterinsights_sitenote_active":false,"_monsterinsights_sitenote_note":"","_monsterinsights_sitenote_category":0,"jetpack_post_was_ever_published":false,"_jetpack_newsletter_access":"","_jetpack_dont_email_post_to_subs":false,"_jetpack_newsletter_tier_id":0,"_jetpack_memberships_contains_paywalled_content":false,"_jetpack_memberships_contains_paid_content":false,"footnotes":"","jetpack_publicize_message":"","jetpack_publicize_feature_enabled":true,"jetpack_social_post_already_shared":false,"jetpack_social_options":{"image_generator_settings":{"template":"highway","default_image_id":0,"font":"","enabled":false},"version":2},"_wpas_customize_per_network":false},"categories":[85],"tags":[86,83],"class_list":["post-1480","post","type-post","status-publish","format-standard","hentry","category-policial","tag-lujan","tag-policia","generate-columns","tablet-grid-50","mobile-grid-100","grid-parent","grid-50"],"jetpack_publicize_connections":[],"jetpack_featured_media_url":"","wps_subtitle":"","jetpack_sharing_enabled":true,"_links":{"self":[{"href":"https:\/\/www.hoymercedes.com.ar\/principal\/wp-json\/wp\/v2\/posts\/1480","targetHints":{"allow":["GET"]}}],"collection":[{"href":"https:\/\/www.hoymercedes.com.ar\/principal\/wp-json\/wp\/v2\/posts"}],"about":[{"href":"https:\/\/www.hoymercedes.com.ar\/principal\/wp-json\/wp\/v2\/types\/post"}],"author":[{"embeddable":true,"href":"https:\/\/www.hoymercedes.com.ar\/principal\/wp-json\/wp\/v2\/users\/1"}],"replies":[{"embeddable":true,"href":"https:\/\/www.hoymercedes.com.ar\/principal\/wp-json\/wp\/v2\/comments?post=1480"}],"version-history":[{"count":0,"href":"https:\/\/www.hoymercedes.com.ar\/principal\/wp-json\/wp\/v2\/posts\/1480\/revisions"}],"wp:attachment":[{"href":"https:\/\/www.hoymercedes.com.ar\/principal\/wp-json\/wp\/v2\/media?parent=1480"}],"wp:term":[{"taxonomy":"category","embeddable":true,"href":"https:\/\/www.hoymercedes.com.ar\/principal\/wp-json\/wp\/v2\/categories?post=1480"},{"taxonomy":"post_tag","embeddable":true,"href":"https:\/\/www.hoymercedes.com.ar\/principal\/wp-json\/wp\/v2\/tags?post=1480"}],"curies":[{"name":"wp","href":"https:\/\/api.w.org\/{rel}","templated":true}]}}