{"id":148097,"date":"2022-05-17T07:16:00","date_gmt":"2022-05-17T10:16:00","guid":{"rendered":"https:\/\/www.hoymercedes.com.ar\/principal\/?p=148097"},"modified":"2022-05-17T01:18:16","modified_gmt":"2022-05-17T04:18:16","slug":"en-operativo-atrapan-a-vecino-con-4-anos-de-pedido-de-detencion","status":"publish","type":"post","link":"https:\/\/www.hoymercedes.com.ar\/principal\/2022\/05\/17\/en-operativo-atrapan-a-vecino-con-4-anos-de-pedido-de-detencion\/","title":{"rendered":"En operativo atrapan a vecino con 4 a\u00f1os de pedido de detenci\u00f3n"},"content":{"rendered":"\n<figure class=\"wp-block-image size-large\"><img loading=\"lazy\" decoding=\"async\" width=\"1024\" height=\"683\" data-attachment-id=\"148098\" data-permalink=\"https:\/\/www.hoymercedes.com.ar\/principal\/2022\/05\/17\/en-operativo-atrapan-a-vecino-con-4-anos-de-pedido-de-detencion\/detenido-4-2\/#main\" data-orig-file=\"https:\/\/www.hoymercedes.com.ar\/principal\/wp-content\/uploads\/2022\/05\/detenido-4.jpeg\" data-orig-size=\"1200,800\" data-comments-opened=\"0\" data-image-meta=\"{&quot;aperture&quot;:&quot;0&quot;,&quot;credit&quot;:&quot;&quot;,&quot;camera&quot;:&quot;&quot;,&quot;caption&quot;:&quot;&quot;,&quot;created_timestamp&quot;:&quot;0&quot;,&quot;copyright&quot;:&quot;&quot;,&quot;focal_length&quot;:&quot;0&quot;,&quot;iso&quot;:&quot;0&quot;,&quot;shutter_speed&quot;:&quot;0&quot;,&quot;title&quot;:&quot;&quot;,&quot;orientation&quot;:&quot;0&quot;}\" data-image-title=\"detenido-4\" data-image-description=\"\" data-image-caption=\"\" data-large-file=\"https:\/\/www.hoymercedes.com.ar\/principal\/wp-content\/uploads\/2022\/05\/detenido-4-1024x683.jpeg\" src=\"https:\/\/www.hoymercedes.com.ar\/principal\/wp-content\/uploads\/2022\/05\/detenido-4-1024x683.jpeg\" alt=\"\" class=\"wp-image-148098\" srcset=\"https:\/\/www.hoymercedes.com.ar\/principal\/wp-content\/uploads\/2022\/05\/detenido-4-1024x683.jpeg 1024w, https:\/\/www.hoymercedes.com.ar\/principal\/wp-content\/uploads\/2022\/05\/detenido-4-630x420.jpeg 630w, https:\/\/www.hoymercedes.com.ar\/principal\/wp-content\/uploads\/2022\/05\/detenido-4-150x100.jpeg 150w, https:\/\/www.hoymercedes.com.ar\/principal\/wp-content\/uploads\/2022\/05\/detenido-4.jpeg 1200w\" sizes=\"auto, (max-width: 1024px) 100vw, 1024px\" \/><\/figure>\n\n\n\n<p>La Polic\u00eda Comunal logr\u00f3 detener a un vecino de nuestra ciudad que hac\u00eda 4 a\u00f1os era buscado por la justicia. Fue en el marco del mega operativo de prevenci\u00f3n efectuado este fin de semana. Los efectivos detectaron movimientos sospechosos y finalmente lo detuvieron. Se trata de un hombre de 25 a\u00f1os de edad.<\/p>\n\n\n\n<p>Seg\u00fan se supo el sujero despert\u00f3 sospechas en el personal policial, pero al realizar consultarle su nombre y DNI en el sistema no surg\u00eda \u201cnada fuera de lo com\u00fan\u201d. As\u00ed las cosas, los efectivos segu\u00edan percibiendo que hab\u00eda algo m\u00e1s, contaron fuentes extra oficialmente.<\/p>\n\n\n\n<p>Anta la insistencia de la polic\u00eda en la averiguaci\u00f3n el ciudadano intenta darse a la fuga y, tras corta persecuci\u00f3n, lo aprehenden.<br>Al llevarlo a dependencia policial, se pudo constatar que el aprehendido no ten\u00eda orden de detenci\u00f3n porque aportaba datos de otra persona los cuales se hab\u00eda aprendido de memoria.<\/p>\n\n\n\n<p>Tras las pesquisas pertinentes, se pudo constatar que era un delincuente con pedido de captura desde el a\u00f1o 2017 por robo agravado en poblado y en banda.<\/p>\n\n\n\n<p>Ahora se dio intervenci\u00f3n al Departamento Judicial Mercedes a trav\u00e9s de U.F.I N\u00ba6.<\/p>\n","protected":false},"excerpt":{"rendered":"<p>La Polic\u00eda Comunal logr\u00f3 detener a un vecino de nuestra ciudad que hac\u00eda 4 a\u00f1os era buscado por la justicia. &#8230; <a title=\"En operativo atrapan a vecino con 4 a\u00f1os de pedido de detenci\u00f3n\" class=\"read-more\" href=\"https:\/\/www.hoymercedes.com.ar\/principal\/2022\/05\/17\/en-operativo-atrapan-a-vecino-con-4-anos-de-pedido-de-detencion\/\" aria-label=\"Leer m\u00e1s sobre En operativo atrapan a vecino con 4 a\u00f1os de pedido de detenci\u00f3n\">Leer m\u00e1s<\/a><\/p>\n","protected":false},"author":1,"featured_media":148098,"comment_status":"closed","ping_status":"open","sticky":false,"template":"","format":"standard","meta":{"_monsterinsights_skip_tracking":false,"_monsterinsights_sitenote_active":false,"_monsterinsights_sitenote_note":"","_monsterinsights_sitenote_category":0,"jetpack_post_was_ever_published":false,"_jetpack_newsletter_access":"","_jetpack_dont_email_post_to_subs":false,"_jetpack_newsletter_tier_id":0,"_jetpack_memberships_contains_paywalled_content":false,"_jetpack_memberships_contains_paid_content":false,"footnotes":"","jetpack_publicize_message":"","jetpack_publicize_feature_enabled":true,"jetpack_social_post_already_shared":true,"jetpack_social_options":{"image_generator_settings":{"template":"highway","default_image_id":0,"font":"","enabled":false},"version":2},"_wpas_customize_per_network":false},"categories":[85],"tags":[26,5766],"class_list":["post-148097","post","type-post","status-publish","format-standard","has-post-thumbnail","hentry","category-policial","tag-detenidos","tag-policia-comunal","generate-columns","tablet-grid-50","mobile-grid-100","grid-parent","grid-50"],"jetpack_publicize_connections":[],"jetpack_featured_media_url":"https:\/\/www.hoymercedes.com.ar\/principal\/wp-content\/uploads\/2022\/05\/detenido-4.jpeg","wps_subtitle":"Era buscado ","jetpack_sharing_enabled":true,"_links":{"self":[{"href":"https:\/\/www.hoymercedes.com.ar\/principal\/wp-json\/wp\/v2\/posts\/148097","targetHints":{"allow":["GET"]}}],"collection":[{"href":"https:\/\/www.hoymercedes.com.ar\/principal\/wp-json\/wp\/v2\/posts"}],"about":[{"href":"https:\/\/www.hoymercedes.com.ar\/principal\/wp-json\/wp\/v2\/types\/post"}],"author":[{"embeddable":true,"href":"https:\/\/www.hoymercedes.com.ar\/principal\/wp-json\/wp\/v2\/users\/1"}],"replies":[{"embeddable":true,"href":"https:\/\/www.hoymercedes.com.ar\/principal\/wp-json\/wp\/v2\/comments?post=148097"}],"version-history":[{"count":0,"href":"https:\/\/www.hoymercedes.com.ar\/principal\/wp-json\/wp\/v2\/posts\/148097\/revisions"}],"wp:featuredmedia":[{"embeddable":true,"href":"https:\/\/www.hoymercedes.com.ar\/principal\/wp-json\/wp\/v2\/media\/148098"}],"wp:attachment":[{"href":"https:\/\/www.hoymercedes.com.ar\/principal\/wp-json\/wp\/v2\/media?parent=148097"}],"wp:term":[{"taxonomy":"category","embeddable":true,"href":"https:\/\/www.hoymercedes.com.ar\/principal\/wp-json\/wp\/v2\/categories?post=148097"},{"taxonomy":"post_tag","embeddable":true,"href":"https:\/\/www.hoymercedes.com.ar\/principal\/wp-json\/wp\/v2\/tags?post=148097"}],"curies":[{"name":"wp","href":"https:\/\/api.w.org\/{rel}","templated":true}]}}